{"id":30859141,"date":"2019-12-12T11:51:46","date_gmt":"2019-12-12T10:51:46","guid":{"rendered":"https:\/\/www.upo.es\/diario\/?p=30859141"},"modified":"2019-12-12T11:51:46","modified_gmt":"2019-12-12T10:51:46","slug":"profesionales-tratan-hoy-en-la-upo-la-intervencion-con-menores-agresores-desde-distintas-perspectivas","status":"publish","type":"post","link":"https:\/\/www.upo.es\/diario\/docencia-formacion\/2019\/12\/profesionales-tratan-hoy-en-la-upo-la-intervencion-con-menores-agresores-desde-distintas-perspectivas\/","title":{"rendered":"Profesionales tratan hoy en la UPO la intervenci\u00f3n con menores agresores desde distintas perspectivas"},"content":{"rendered":"<figure id=\"attachment_30859143\" aria-describedby=\"caption-attachment-30859143\" style=\"width: 750px\" class=\"wp-caption aligncenter\"><a href=\"https:\/\/www.upo.es\/diario\/wp-content\/uploads\/2019\/12\/Interv-Menores-Agresores_2019_12_12.jpg\"><img loading=\"lazy\" decoding=\"async\" class=\"size-large wp-image-30859143\" src=\"https:\/\/www.upo.es\/diario\/wp-content\/uploads\/2019\/12\/Interv-Menores-Agresores_2019_12_12-750x422.jpg\" alt=\"\" width=\"750\" height=\"422\" srcset=\"https:\/\/www.upo.es\/diario\/wp-content\/uploads\/2019\/12\/Interv-Menores-Agresores_2019_12_12-750x422.jpg 750w, https:\/\/www.upo.es\/diario\/wp-content\/uploads\/2019\/12\/Interv-Menores-Agresores_2019_12_12-360x202.jpg 360w, https:\/\/www.upo.es\/diario\/wp-content\/uploads\/2019\/12\/Interv-Menores-Agresores_2019_12_12-768x432.jpg 768w, https:\/\/www.upo.es\/diario\/wp-content\/uploads\/2019\/12\/Interv-Menores-Agresores_2019_12_12-600x337.jpg 600w, https:\/\/www.upo.es\/diario\/wp-content\/uploads\/2019\/12\/Interv-Menores-Agresores_2019_12_12-1320x742.jpg 1320w\" sizes=\"auto, (max-width: 750px) 100vw, 750px\" \/><\/a><figcaption id=\"caption-attachment-30859143\" class=\"wp-caption-text\">Viviana Caruso, Antonio Reina y Bel\u00e9n Mart\u00ednez en la presentaci\u00f3n del Seminario<\/figcaption><\/figure>\n<p>El <strong>Seminario \u2018Intervenciones con menores agresores: programas y estrategias de intervenci\u00f3n\u2019<\/strong> se celebra desde esta ma\u00f1ana en la sala de grados de la Biblioteca de la Universidad Pablo de Olavide y ha sido presentado por <strong>Bel\u00e9n Mart\u00ednez Ferrer<\/strong> y <strong>Viviana Caruso Font\u00e1n<\/strong>, profesoras de Psicolog\u00eda Social y Derecho Penal de la UPO, respectivamente, y coordinadoras de esta jornada que cuenta con el patrocinio de la <strong>Facultad de Derecho<\/strong>.<\/p>\n<p><a href=\"https:\/\/www.upo.es\/diario\/wp-content\/uploads\/2019\/12\/SeminarioMenoresAgresores_cartel.jpg\"><img loading=\"lazy\" decoding=\"async\" class=\"alignright size-medium wp-image-30859142\" src=\"https:\/\/www.upo.es\/diario\/wp-content\/uploads\/2019\/12\/SeminarioMenoresAgresores_cartel-255x360.jpg\" alt=\"\" width=\"255\" height=\"360\" srcset=\"https:\/\/www.upo.es\/diario\/wp-content\/uploads\/2019\/12\/SeminarioMenoresAgresores_cartel-255x360.jpg 255w, https:\/\/www.upo.es\/diario\/wp-content\/uploads\/2019\/12\/SeminarioMenoresAgresores_cartel-768x1086.jpg 768w, https:\/\/www.upo.es\/diario\/wp-content\/uploads\/2019\/12\/SeminarioMenoresAgresores_cartel-530x750.jpg 530w, https:\/\/www.upo.es\/diario\/wp-content\/uploads\/2019\/12\/SeminarioMenoresAgresores_cartel-600x849.jpg 600w, https:\/\/www.upo.es\/diario\/wp-content\/uploads\/2019\/12\/SeminarioMenoresAgresores_cartel-1320x1867.jpg 1320w\" sizes=\"auto, (max-width: 255px) 100vw, 255px\" \/><\/a>El programa cuenta con profesionales vinculados a la intervenci\u00f3n con menores desde distintos \u00e1mbitos. As\u00ed, el Seminario ha dado comienzo con la ponencia de Antonio Reina de la Asociaci\u00f3n Ponte quien ha hablado sobre <em>Propuestas desde las artes para la intervenci\u00f3n con menores<\/em>, tema que tambi\u00e9n ser\u00e1 abordado por Mar\u00eda Antonia Hidalgo, directora del <a href=\"http:\/\/www.upo.es\/postgrado\/Master-Arteterapia-y-Aplicaciones-del-Arte-para-el-Dialogo-y-la-Integracion-Social\">M\u00e1ster en Arteterapia y Aplicaciones del Arte para el Di\u00e1logo y la Integraci\u00f3n Social<\/a> de la Universidad Pablo de Olavide.\u00a0 Participar\u00e1n tambi\u00e9n en la jornada, cuya asistencia es libre y gratuita y contin\u00faa esta tarde, especialistas que aportar\u00e1n sus experiencias en la intervenci\u00f3n con menores de la Federaci\u00f3n Enlace; Mentoris-Asociaci\u00f3n Ariadna; y la Fundaci\u00f3n Diagrama. Estudiantes de la asignatura (EPD) <em>Psicolog\u00eda Social de la Violencia Juvenil<\/em> cerrar\u00e1n el Seminario con presentaciones de sus trabajos.<\/p>\n","protected":false},"excerpt":{"rendered":"<p>El Seminario \u2018Intervenciones con menores agresores: programas y estrategias de intervenci\u00f3n\u2019 se celebra desde esta ma\u00f1ana en la sala de grados de la Biblioteca de la Universidad Pablo de Olavide y ha sido presentado por Bel\u00e9n Mart\u00ednez Ferrer y Viviana Caruso Font\u00e1n, profesoras de Psicolog\u00eda Social y Derecho Penal de la UPO, respectivamente, y coordinadoras de esta jornada que cuenta<a class=\"read-more\" href=\"https:\/\/www.upo.es\/diario\/docencia-formacion\/2019\/12\/profesionales-tratan-hoy-en-la-upo-la-intervencion-con-menores-agresores-desde-distintas-perspectivas\/\">[Read More&#8230;]<\/a><\/p>\n","protected":false},"author":6,"featured_media":30859143,"comment_status":"closed","ping_status":"open","sticky":false,"template":"","format":"standard","meta":{"_monsterinsights_skip_tracking":false,"_monsterinsights_sitenote_active":false,"_monsterinsights_sitenote_note":"","_monsterinsights_sitenote_category":0,"footnotes":""},"categories":[2779],"tags":[81,793,622,2983,78,143],"class_list":["post-30859141","post","type-post","status-publish","format-standard","has-post-thumbnail","hentry","category-docencia-formacion","tag-facultad-de-derecho","tag-intervencion-social","tag-menores","tag-psicologia-social","tag-seminario","tag-violencia"],"_links":{"self":[{"href":"https:\/\/www.upo.es\/diario\/wp-json\/wp\/v2\/posts\/30859141","targetHints":{"allow":["GET"]}}],"collection":[{"href":"https:\/\/www.upo.es\/diario\/wp-json\/wp\/v2\/posts"}],"about":[{"href":"https:\/\/www.upo.es\/diario\/wp-json\/wp\/v2\/types\/post"}],"author":[{"embeddable":true,"href":"https:\/\/www.upo.es\/diario\/wp-json\/wp\/v2\/users\/6"}],"replies":[{"embeddable":true,"href":"https:\/\/www.upo.es\/diario\/wp-json\/wp\/v2\/comments?post=30859141"}],"version-history":[{"count":1,"href":"https:\/\/www.upo.es\/diario\/wp-json\/wp\/v2\/posts\/30859141\/revisions"}],"predecessor-version":[{"id":30859144,"href":"https:\/\/www.upo.es\/diario\/wp-json\/wp\/v2\/posts\/30859141\/revisions\/30859144"}],"wp:featuredmedia":[{"embeddable":true,"href":"https:\/\/www.upo.es\/diario\/wp-json\/wp\/v2\/media\/30859143"}],"wp:attachment":[{"href":"https:\/\/www.upo.es\/diario\/wp-json\/wp\/v2\/media?parent=30859141"}],"wp:term":[{"taxonomy":"category","embeddable":true,"href":"https:\/\/www.upo.es\/diario\/wp-json\/wp\/v2\/categories?post=30859141"},{"taxonomy":"post_tag","embeddable":true,"href":"https:\/\/www.upo.es\/diario\/wp-json\/wp\/v2\/tags?post=30859141"}],"curies":[{"name":"wp","href":"https:\/\/api.w.org\/{rel}","templated":true}]}}