{"id":30859185,"date":"2019-12-16T13:45:35","date_gmt":"2019-12-16T12:45:35","guid":{"rendered":"https:\/\/www.upo.es\/diario\/?p=30859185"},"modified":"2019-12-19T09:28:42","modified_gmt":"2019-12-19T08:28:42","slug":"la-facultad-de-ciencias-sociales-celebra-su-encuentro-academico-anual-centrado-en-la-mejora-de-la-docencia","status":"publish","type":"post","link":"https:\/\/www.upo.es\/diario\/comunidad\/2019\/12\/la-facultad-de-ciencias-sociales-celebra-su-encuentro-academico-anual-centrado-en-la-mejora-de-la-docencia\/","title":{"rendered":"La Facultad de Ciencias Sociales celebra su encuentro acad\u00e9mico anual centrado en la mejora de la docencia"},"content":{"rendered":"<figure id=\"attachment_30859186\" aria-describedby=\"caption-attachment-30859186\" style=\"width: 750px\" class=\"wp-caption aligncenter\"><a href=\"https:\/\/www.upo.es\/diario\/wp-content\/uploads\/2019\/12\/V-Encuentro-Academico-FCSOC_2019_12_16_05.jpg\"><img loading=\"lazy\" decoding=\"async\" class=\"wp-image-30859186 size-large\" src=\"https:\/\/www.upo.es\/diario\/wp-content\/uploads\/2019\/12\/V-Encuentro-Academico-FCSOC_2019_12_16_05-750x422.jpg\" alt=\"\" width=\"750\" height=\"422\" srcset=\"https:\/\/www.upo.es\/diario\/wp-content\/uploads\/2019\/12\/V-Encuentro-Academico-FCSOC_2019_12_16_05-750x422.jpg 750w, https:\/\/www.upo.es\/diario\/wp-content\/uploads\/2019\/12\/V-Encuentro-Academico-FCSOC_2019_12_16_05-360x203.jpg 360w, https:\/\/www.upo.es\/diario\/wp-content\/uploads\/2019\/12\/V-Encuentro-Academico-FCSOC_2019_12_16_05-768x432.jpg 768w, https:\/\/www.upo.es\/diario\/wp-content\/uploads\/2019\/12\/V-Encuentro-Academico-FCSOC_2019_12_16_05-600x338.jpg 600w, https:\/\/www.upo.es\/diario\/wp-content\/uploads\/2019\/12\/V-Encuentro-Academico-FCSOC_2019_12_16_05-1320x743.jpg 1320w\" sizes=\"auto, (max-width: 750px) 100vw, 750px\" \/><\/a><figcaption id=\"caption-attachment-30859186\" class=\"wp-caption-text\">Rosa Mar\u00eda D\u00edaz y Mariano Reyes durante la presentaci\u00f3n del Encuentro en la Biblioteca<\/figcaption><\/figure>\n<p>Bajo el t\u00edtulo<strong> \u2018Metodolog\u00edas docentes: \u00bfotro modelo de universidad p\u00fablica es posible?\u2019 <\/strong>ha comenzado esta ma\u00f1ana, en la sala de grados de la Biblioteca de la UPO, el <strong>encuentro anual que la Facultad de Ciencias Sociales organiza desde el curso 2015\/2016 para la mejora de la calidad docente<\/strong>. La decana de la Facultad, <strong>Rosa Mar\u00eda D\u00edaz<\/strong>, y el director general de Formaci\u00f3n e Innovaci\u00f3n Docente de la Universidad Pablo de Olavide, <strong>Mariano Reyes<\/strong>, han presentado la quinta edici\u00f3n de este encuentro de coordinaci\u00f3n e intercambio de experiencias entre el profesorado de los grados de Trabajo Social; Sociolog\u00eda; Educaci\u00f3n Social; y Ciencias Pol\u00edticas y de la Administraci\u00f3n.<\/p>\n<p>El Encuentro del curso 2019\/2020 est\u00e1 <strong>dedicado a la mejora de la metodolog\u00eda docente, buscando que esta sea transformadora y adaptada a las necesidades de la sociedad<\/strong>. Con este fin ha sido organizada a trav\u00e9s de tres bloques tem\u00e1ticos de comunicaciones: <strong><em>Transformaci\u00f3n Social y Compromiso en la Educaci\u00f3n Superior<\/em><\/strong>; <strong><em>Metodolog\u00edas basadas en el Servicio a la Comunidad<\/em><\/strong>; y <strong><em>Metodolog\u00edas y Compromiso Emocional<\/em><\/strong>, cada uno de ellos ser\u00e1 iniciado por una conferencia para las que se ha invitado a profesorado de las Universidades de Galway, Valencia y Barcelona.<\/p>\n<p>M\u00e1s informaci\u00f3n y programa: <a href=\"https:\/\/eventos.upo.es\/40618\/detail\/metodologias-docentes_-otro-modelo-de-universidad-publica-es-posible_-v-encuentro-academico-anual-p.html\">https:\/\/eventos.upo.es\/40618\/detail\/metodologias-docentes_-otro-modelo-de-universidad-publica-es-posible_-v-encuentro-academico-anual-p.html<\/a><\/p>\n","protected":false},"excerpt":{"rendered":"<p>Bajo el t\u00edtulo \u2018Metodolog\u00edas docentes: \u00bfotro modelo de universidad p\u00fablica es posible?\u2019 ha comenzado esta ma\u00f1ana, en la sala de grados de la Biblioteca de la UPO, el encuentro anual que la Facultad de Ciencias Sociales organiza desde el curso 2015\/2016 para la mejora de la calidad docente. El V Encuentro est\u00e1 dedicado a la mejora de la metodolog\u00eda docente, buscando que esta sea transformadora y adaptada a las necesidades de la sociedad. Con este fin ha sido organizada a trav\u00e9s de tres bloques tem\u00e1ticos de comunicaciones: Transformaci\u00f3n Social y Compromiso en la Educaci\u00f3n Superior; Metodolog\u00edas basadas en el Servicio a la Comunidad; y Metodolog\u00edas y Compromiso Emocional.<\/p>\n","protected":false},"author":6,"featured_media":30859186,"comment_status":"closed","ping_status":"open","sticky":false,"template":"","format":"standard","meta":{"_monsterinsights_skip_tracking":false,"_monsterinsights_sitenote_active":false,"_monsterinsights_sitenote_note":"","_monsterinsights_sitenote_category":0,"footnotes":""},"categories":[5842],"tags":[1973,628,487,2497,2029,199,5828,104,103],"class_list":["post-30859185","post","type-post","status-publish","format-standard","has-post-thumbnail","hentry","category-comunidad","tag-docencia","tag-educacion-social","tag-facultad-ciencias-sociales","tag-innovacion-docente","tag-mariano-reyes","tag-profesorado","tag-rosa-maria-diaz","tag-sociologia","tag-trabajo-social"],"_links":{"self":[{"href":"https:\/\/www.upo.es\/diario\/wp-json\/wp\/v2\/posts\/30859185","targetHints":{"allow":["GET"]}}],"collection":[{"href":"https:\/\/www.upo.es\/diario\/wp-json\/wp\/v2\/posts"}],"about":[{"href":"https:\/\/www.upo.es\/diario\/wp-json\/wp\/v2\/types\/post"}],"author":[{"embeddable":true,"href":"https:\/\/www.upo.es\/diario\/wp-json\/wp\/v2\/users\/6"}],"replies":[{"embeddable":true,"href":"https:\/\/www.upo.es\/diario\/wp-json\/wp\/v2\/comments?post=30859185"}],"version-history":[{"count":1,"href":"https:\/\/www.upo.es\/diario\/wp-json\/wp\/v2\/posts\/30859185\/revisions"}],"predecessor-version":[{"id":30859187,"href":"https:\/\/www.upo.es\/diario\/wp-json\/wp\/v2\/posts\/30859185\/revisions\/30859187"}],"wp:featuredmedia":[{"embeddable":true,"href":"https:\/\/www.upo.es\/diario\/wp-json\/wp\/v2\/media\/30859186"}],"wp:attachment":[{"href":"https:\/\/www.upo.es\/diario\/wp-json\/wp\/v2\/media?parent=30859185"}],"wp:term":[{"taxonomy":"category","embeddable":true,"href":"https:\/\/www.upo.es\/diario\/wp-json\/wp\/v2\/categories?post=30859185"},{"taxonomy":"post_tag","embeddable":true,"href":"https:\/\/www.upo.es\/diario\/wp-json\/wp\/v2\/tags?post=30859185"}],"curies":[{"name":"wp","href":"https:\/\/api.w.org\/{rel}","templated":true}]}}