{"id":30859200,"date":"2019-12-18T09:40:47","date_gmt":"2019-12-18T08:40:47","guid":{"rendered":"https:\/\/www.upo.es\/diario\/?p=30859200"},"modified":"2020-10-27T16:22:36","modified_gmt":"2020-10-27T15:22:36","slug":"el-equipo-de-mundo-sostenible-de-radiolavide-recoge-el-premio-andalucia-de-comunicacion-audiovisual-local-2","status":"publish","type":"post","link":"https:\/\/www.upo.es\/diario\/cultura-social\/2019\/12\/el-equipo-de-mundo-sostenible-de-radiolavide-recoge-el-premio-andalucia-de-comunicacion-audiovisual-local-2\/","title":{"rendered":"El equipo de &#8216;Mundo Sostenible&#8217; de RadiOlavide recoge el Premio Andaluc\u00eda de Comunicaci\u00f3n Audiovisual Local"},"content":{"rendered":"<p>Ana Margarida Were Eduardo, en nombre del equipo del programa de RadiOlavide \u2018Mundo Sostenible\u2019, ha recogido este martes el Premio Andaluc\u00eda de Comunicaci\u00f3n Audiovisual Local en un acto celebrado en el Palacio de San Telmo y presidido por el consejero de la Presidencia, Administraci\u00f3n P\u00fablica e Interior de la Junta de Andaluc\u00eda, El\u00edas Bendodo Benasayag. El jurado de estos Premios, organizados por la Direcci\u00f3n General de Comunicaci\u00f3n Social adscrita a Consejer\u00eda de la Presidencia, Administraci\u00f3n P\u00fablica e Interior y que celebran su sexta edici\u00f3n, ha otorgado el reconocimiento a \u2018Mundo Sostenible\u2019 en la categor\u00eda \u2018Informativos de radio\u2019 por su car\u00e1cter participativo, sus rasgos educativos, los valores que transmite y la defensa a ultranza del medio ambiente y de la perspectiva ecol\u00f3gica en los usos y costumbres de la sociedad. Este galard\u00f3n, que busca el apoyo y reconocimiento a la labor de los medios de comunicaci\u00f3n m\u00e1s pr\u00f3ximos a la ciudadan\u00eda, es la primera vez que se concede a una radio universitaria andaluza.<\/p>\n<p>\u201cUn mundo sostenible es posible\u201d, ha afirmado Ana Margarida Were en su discurso, en el que tambi\u00e9n ha puesto en valor el trabajo de todos los compa\u00f1eros que hacen posible el programa. Al acto de entrega, han asistido adem\u00e1s Elodia Hern\u00e1ndez Le\u00f3n, vicerrectora de Cultura y Compromiso Social de la Universidad Pablo de Olavide y gran parte del equipo, de los colaboradores y del personal t\u00e9cnico que trabajan en el proyecto.<\/p>\n<p><a href=\"http:\/\/radiolavide.org\/categoria-audios\/mundo-sostenible\">\u2018Mundo Sostenible\u2019<\/a> se emite el primer mi\u00e9rcoles de cada mes desde el a\u00f1o 2017. Detr\u00e1s, trabaja un equipo formado por Mar\u00eda Jos\u00e9 Molina Ram\u00edrez, t\u00e9cnica del Proyecto CEI CamBio de la Universidad Pablo de Olavide; Luis Villagarc\u00eda Saiz, profesor del \u00e1rea de Ecolog\u00eda de la Universidad; Ana Margarida Were Eduardo, bi\u00f3loga y doctora en Biolog\u00eda por la Universidad de Almer\u00eda; y Jes\u00fas Rodr\u00edguez S\u00e1nchez, t\u00e9cnico de laboratorio del \u00c1rea de Ecolog\u00eda de la UPO.\u00a0 Junto a ellos, participa un grupo de colaboradores, tambi\u00e9n de diferentes sectores de la instituci\u00f3n, encargados de abordar cuestiones de actualidad en materia medioambiental.<\/p>\n","protected":false},"excerpt":{"rendered":"<p>Ana Margarida Were Eduardo, en nombre del equipo del programa de RadiOlavide \u2018Mundo Sostenible\u2019, ha recogido este martes el Premio Andaluc\u00eda de Comunicaci\u00f3n Audiovisual Local en un acto celebrado en el Palacio de San Telmo y presidido por el consejero de la Presidencia, Administraci\u00f3n P\u00fablica e Interior de la Junta de Andaluc\u00eda, El\u00edas Bendodo Benasayag. El jurado de estos Premios, organizados por la Direcci\u00f3n General de Comunicaci\u00f3n Social adscrita a Consejer\u00eda de la Presidencia, Administraci\u00f3n P\u00fablica e Interior y que celebran su sexta edici\u00f3n, ha otorgado el reconocimiento a \u2018Mundo Sostenible\u2019 en la categor\u00eda \u2018Informativos de radio\u2019 por su car\u00e1cter participativo, sus rasgos educativos, los valores que transmite y la defensa a ultranza del medio ambiente y de la perspectiva ecol\u00f3gica en los usos y costumbres de la sociedad. Este galard\u00f3n, que busca el apoyo y reconocimiento a la labor de los medios de comunicaci\u00f3n m\u00e1s pr\u00f3ximos a la ciudadan\u00eda, es la primera vez que se concede a una radio universitaria andaluza.<\/p>\n","protected":false},"author":15,"featured_media":0,"comment_status":"closed","ping_status":"open","sticky":false,"template":"","format":"standard","meta":{"_monsterinsights_skip_tracking":false,"_monsterinsights_sitenote_active":false,"_monsterinsights_sitenote_note":"","_monsterinsights_sitenote_category":0,"footnotes":""},"categories":[5843],"tags":[6443,6445,6440,203,429,6441,58,6444,6446,3784],"class_list":["post-30859200","post","type-post","status-publish","format-standard","hentry","category-cultura-social","tag-elias-bendodo","tag-elodia-hernandez-leon","tag-entrega","tag-junta-de-andalucia","tag-medio-ambiente","tag-mundo-sostenible","tag-premio","tag-premio-andalucia-de-comunicacion-audiovisual-local","tag-radio-universitaria","tag-radiolavide"],"_links":{"self":[{"href":"https:\/\/www.upo.es\/diario\/wp-json\/wp\/v2\/posts\/30859200","targetHints":{"allow":["GET"]}}],"collection":[{"href":"https:\/\/www.upo.es\/diario\/wp-json\/wp\/v2\/posts"}],"about":[{"href":"https:\/\/www.upo.es\/diario\/wp-json\/wp\/v2\/types\/post"}],"author":[{"embeddable":true,"href":"https:\/\/www.upo.es\/diario\/wp-json\/wp\/v2\/users\/15"}],"replies":[{"embeddable":true,"href":"https:\/\/www.upo.es\/diario\/wp-json\/wp\/v2\/comments?post=30859200"}],"version-history":[{"count":1,"href":"https:\/\/www.upo.es\/diario\/wp-json\/wp\/v2\/posts\/30859200\/revisions"}],"predecessor-version":[{"id":30859203,"href":"https:\/\/www.upo.es\/diario\/wp-json\/wp\/v2\/posts\/30859200\/revisions\/30859203"}],"wp:attachment":[{"href":"https:\/\/www.upo.es\/diario\/wp-json\/wp\/v2\/media?parent=30859200"}],"wp:term":[{"taxonomy":"category","embeddable":true,"href":"https:\/\/www.upo.es\/diario\/wp-json\/wp\/v2\/categories?post=30859200"},{"taxonomy":"post_tag","embeddable":true,"href":"https:\/\/www.upo.es\/diario\/wp-json\/wp\/v2\/tags?post=30859200"}],"curies":[{"name":"wp","href":"https:\/\/api.w.org\/{rel}","templated":true}]}}