{"id":30859217,"date":"2019-12-18T13:34:08","date_gmt":"2019-12-18T12:34:08","guid":{"rendered":"https:\/\/www.upo.es\/diario\/?p=30859217"},"modified":"2019-12-20T14:04:42","modified_gmt":"2019-12-20T13:04:42","slug":"toma-de-posesion-de-catedraticos-y-profesores-titulares-de-la-universidad-pablo-de-olavide","status":"publish","type":"post","link":"https:\/\/www.upo.es\/diario\/institucional\/2019\/12\/toma-de-posesion-de-catedraticos-y-profesores-titulares-de-la-universidad-pablo-de-olavide\/","title":{"rendered":"Toma de posesi\u00f3n de catedr\u00e1ticos y profesores titulares de la Universidad Pablo de Olavide"},"content":{"rendered":"<p><a href=\"https:\/\/www.upo.es\/diario\/wp-content\/uploads\/2019\/12\/Tomaposesion.jpg\"><img loading=\"lazy\" decoding=\"async\" class=\"aligncenter size-large wp-image-30859218\" src=\"https:\/\/www.upo.es\/diario\/wp-content\/uploads\/2019\/12\/Tomaposesion-750x442.jpg\" alt=\"\" width=\"750\" height=\"442\" srcset=\"https:\/\/www.upo.es\/diario\/wp-content\/uploads\/2019\/12\/Tomaposesion-750x442.jpg 750w, https:\/\/www.upo.es\/diario\/wp-content\/uploads\/2019\/12\/Tomaposesion-360x212.jpg 360w, https:\/\/www.upo.es\/diario\/wp-content\/uploads\/2019\/12\/Tomaposesion-768x453.jpg 768w, https:\/\/www.upo.es\/diario\/wp-content\/uploads\/2019\/12\/Tomaposesion-600x354.jpg 600w, https:\/\/www.upo.es\/diario\/wp-content\/uploads\/2019\/12\/Tomaposesion-1320x779.jpg 1320w\" sizes=\"auto, (max-width: 750px) 100vw, 750px\" \/><\/a>Hoy se ha celebrado el acto p\u00fablico de tomas de posesi\u00f3n de catedr\u00e1ticos y profesores titulares de la Universidad Pablo de Olavide, en una ceremonia que ha estado presidida por el rector Vicente Guzm\u00e1n Fluja.<\/p>\n<p>Han tomado posesi\u00f3n como catedr\u00e1ticos de la Universidad Pablo de Olavide <strong>Jos\u00e9 Luis Barbero Navarro<\/strong>, en el \u00e1rea de conocimiento de \u2018Organizaci\u00f3n de Empresas\u2019; <strong>Ra\u00fal Brey S\u00e1nchez<\/strong>, del \u00e1rea de conocimiento de \u2018M\u00e9todos Cuantitativos para la Econom\u00eda y la Empresa\u2019<strong>; Ignacio Flores Prada<\/strong>, del \u00e1rea de conocimiento de \u2018Derecho Procesal\u2019; <strong>Francisco Jos\u00e9 Infantes Ruiz<\/strong>, del \u00e1rea de conocimiento de \u2018Derecho Civil\u2019; <strong>Rosario Moreno Soldevila<\/strong>, del \u00e1rea de conocimiento de \u2018Filolog\u00eda Latina\u2019; <strong>Jos\u00e9 Mar\u00eda Pedrosa Poyato<\/strong>, del \u00e1rea de conocimiento de \u2018Qu\u00edmica F\u00edsica\u2019; y <strong>Ana Pilar P\u00e9rez-Lu\u00f1o Robledo<\/strong>, del \u00e1rea de conocimiento de \u2018Organizaci\u00f3n de Empresas\u2019.<\/p>\n<p>Los docentes que han tomado posesi\u00f3n de su condici\u00f3n de nuevo profesorado titular son <strong>Rafael C\u00e1ceres Feria<\/strong>, del \u00e1rea de conocimiento de \u2018Antropolog\u00eda Social\u2019; <strong>Margarita Arenas Viruez<\/strong>, del \u00e1rea de conocimiento de \u2018Derecho del Trabajo y de la Seguridad Social\u2019; <strong>Juan Ba\u00f1os S\u00e1nchez-Matamoros <\/strong>y<strong> Antonio Trujillo Ponce<\/strong>, del \u00e1rea de conocimiento de \u2018Econom\u00eda Financiera y Contabilidad\u2019; <strong>Antonio Carmona Lavado<\/strong> y <strong>Juan Carlos Real Fern\u00e1ndez<\/strong> del \u00e1rea de conocimiento de \u2018Organizaci\u00f3n de Empresas\u2019;<strong> Isabel Cerrillo Garc\u00eda<\/strong>, del \u00e1rea de conocimiento de \u2018Nutrici\u00f3n y Bromatolog\u00eda\u2019; <strong>David Cobos Sanchiz<\/strong>, del \u00e1rea de conocimiento de \u2018Teor\u00eda e Historia de la Educaci\u00f3n\u2019; <strong>Alberto Manuel Egea Fern\u00e1ndez-Montesinos <\/strong>y<strong> Ver\u00f3nica Pacheco Costa<\/strong>, del \u00e1rea de conocimiento de \u2018Filolog\u00eda Inglesa\u2019; <strong>Covadonga Gemma Fouces Gonz\u00e1lez<\/strong>, del \u00e1rea de conocimiento de \u2018Filolog\u00eda Italiana\u2019; \u00a0<strong>Julio \u00c1ngel Herrador S\u00e1nchez<\/strong>, <strong>Juan Antonio Le\u00f3n Prados <\/strong>y<strong> Francisco Javier N\u00fa\u00f1ez S\u00e1nchez<\/strong> del \u00e1rea de conocimiento de \u2018Educaci\u00f3n F\u00edsica y Deportiva\u2019; <strong>Jos\u00e9 Francisco Jim\u00e9nez D\u00edaz<\/strong>, del \u00e1rea de conocimiento de \u2018Ciencia Pol\u00edtica y de la Administraci\u00f3n\u2019; <strong>Juan Ram\u00f3n Jim\u00e9nez Salcedo<\/strong>, <strong>Julia Isabel Lobato Patricio <\/strong>y<strong> Jorge Augusto Luengo L\u00f3pez<\/strong>, del \u00e1rea de conocimiento de \u2018Filolog\u00eda Francesa\u2019; <strong>Laura del Roc\u00edo L\u00f3pez Cruz<\/strong>, del \u00e1rea de conocimiento de \u2018Derecho Civil\u2019; <strong>Bel\u00e9n Mart\u00ednez Ferrer<\/strong>, del \u00e1rea de conocimiento de \u2018Psicolog\u00eda Social\u2019; <strong>Daniel Jos\u00e9 Moreno Fern\u00e1ndez-Ayala<\/strong>, del \u00e1rea de conocimiento de \u2018Biolog\u00eda Celular\u2019;<strong>Gwendoline de Oliveira Neves<\/strong>, del \u00e1rea de conocimiento de \u2018Geograf\u00eda Humana\u2019; <strong>Juan Antonio Prieto Velasco<\/strong>, del \u00e1rea de conocimiento de \u2018Traducci\u00f3n e Interpretaci\u00f3n\u2019; <strong>Mar\u00eda \u00c1ngeles Ram\u00f3n Jer\u00f3nimo<\/strong>, del \u00e1rea de conocimiento de \u2018Comercializaci\u00f3n e Investigaci\u00f3n de Mercados\u2019; <strong>Francisca Reyes Ram\u00edrez<\/strong>, del \u00e1rea de conocimiento de \u2018Microbiolog\u00eda\u2019; <strong>Antonio Rosal Raya<\/strong>, del \u00e1rea de conocimiento de \u2018Ingenier\u00eda Qu\u00edmica\u2019; y <strong>Rosario V\u00e1zquez Carrasco<\/strong>, del \u00e1rea de conocimiento de \u2018Comercializaci\u00f3n e Investigaci\u00f3n de Mercados&#8217;.<\/p>\n<p><a title=\"Toma de posesi\u00f3n 18 de diciembre de 2019\" href=\"https:\/\/www.flickr.com\/photos\/pablodeolavide\/albums\/72157712272578648\" data-flickr-embed=\"true\" data-header=\"true\"><img loading=\"lazy\" decoding=\"async\" src=\"https:\/\/live.staticflickr.com\/65535\/49241823778_04042221b6_z.jpg\" alt=\"Toma de posesi\u00f3n 18 de diciembre de 2019\" width=\"640\" height=\"427\" \/><\/a><script async src=\"\/\/embedr.flickr.com\/assets\/client-code.js\" charset=\"utf-8\"><\/script><\/p>\n","protected":false},"excerpt":{"rendered":"<p>Acto p\u00fablico de tomas de posesi\u00f3n de catedr\u00e1ticos y profesores titulares de la Universidad Pablo de Olavide, en una ceremonia que ha estado presidida por el rector Vicente Guzm\u00e1n Fluja.<\/p>\n","protected":false},"author":4,"featured_media":30859218,"comment_status":"closed","ping_status":"open","sticky":false,"template":"","format":"standard","meta":{"_monsterinsights_skip_tracking":false,"_monsterinsights_sitenote_active":false,"_monsterinsights_sitenote_note":"","_monsterinsights_sitenote_category":0,"footnotes":""},"categories":[6],"tags":[6452,6453,685,502,491],"class_list":["post-30859217","post","type-post","status-publish","format-standard","has-post-thumbnail","hentry","category-institucional","tag-catedraticos","tag-profesores-titulares","tag-toma-de-posesion","tag-universidad","tag-upo"],"_links":{"self":[{"href":"https:\/\/www.upo.es\/diario\/wp-json\/wp\/v2\/posts\/30859217","targetHints":{"allow":["GET"]}}],"collection":[{"href":"https:\/\/www.upo.es\/diario\/wp-json\/wp\/v2\/posts"}],"about":[{"href":"https:\/\/www.upo.es\/diario\/wp-json\/wp\/v2\/types\/post"}],"author":[{"embeddable":true,"href":"https:\/\/www.upo.es\/diario\/wp-json\/wp\/v2\/users\/4"}],"replies":[{"embeddable":true,"href":"https:\/\/www.upo.es\/diario\/wp-json\/wp\/v2\/comments?post=30859217"}],"version-history":[{"count":2,"href":"https:\/\/www.upo.es\/diario\/wp-json\/wp\/v2\/posts\/30859217\/revisions"}],"predecessor-version":[{"id":30859234,"href":"https:\/\/www.upo.es\/diario\/wp-json\/wp\/v2\/posts\/30859217\/revisions\/30859234"}],"wp:featuredmedia":[{"embeddable":true,"href":"https:\/\/www.upo.es\/diario\/wp-json\/wp\/v2\/media\/30859218"}],"wp:attachment":[{"href":"https:\/\/www.upo.es\/diario\/wp-json\/wp\/v2\/media?parent=30859217"}],"wp:term":[{"taxonomy":"category","embeddable":true,"href":"https:\/\/www.upo.es\/diario\/wp-json\/wp\/v2\/categories?post=30859217"},{"taxonomy":"post_tag","embeddable":true,"href":"https:\/\/www.upo.es\/diario\/wp-json\/wp\/v2\/tags?post=30859217"}],"curies":[{"name":"wp","href":"https:\/\/api.w.org\/{rel}","templated":true}]}}