{"id":30859235,"date":"2019-12-19T14:06:17","date_gmt":"2019-12-19T13:06:17","guid":{"rendered":"https:\/\/www.upo.es\/diario\/?p=30859235"},"modified":"2019-12-19T14:27:59","modified_gmt":"2019-12-19T13:27:59","slug":"partido-de-futbol-sala-entre-usuarios-de-la-comunidad-terapeutica-santa-clara-y-estudiantes-de-ciencias-del-deporte","status":"publish","type":"post","link":"https:\/\/www.upo.es\/diario\/comunidad\/2019\/12\/partido-de-futbol-sala-entre-usuarios-de-la-comunidad-terapeutica-santa-clara-y-estudiantes-de-ciencias-del-deporte\/","title":{"rendered":"Partido de f\u00fatbol sala entre usuarios de la Comunidad Terap\u00e9utica Santa Clara y estudiantes de Ciencias del Deporte"},"content":{"rendered":"<p><a href=\"https:\/\/www.upo.es\/diario\/wp-content\/uploads\/2019\/12\/PsychiActive_futbol_2019_12_19.jpg\"><img loading=\"lazy\" decoding=\"async\" class=\"aligncenter size-large wp-image-30859236\" src=\"https:\/\/www.upo.es\/diario\/wp-content\/uploads\/2019\/12\/PsychiActive_futbol_2019_12_19-750x500.jpg\" alt=\"\" width=\"750\" height=\"500\" srcset=\"https:\/\/www.upo.es\/diario\/wp-content\/uploads\/2019\/12\/PsychiActive_futbol_2019_12_19-750x500.jpg 750w, https:\/\/www.upo.es\/diario\/wp-content\/uploads\/2019\/12\/PsychiActive_futbol_2019_12_19-360x240.jpg 360w, https:\/\/www.upo.es\/diario\/wp-content\/uploads\/2019\/12\/PsychiActive_futbol_2019_12_19-768x512.jpg 768w, https:\/\/www.upo.es\/diario\/wp-content\/uploads\/2019\/12\/PsychiActive_futbol_2019_12_19-600x400.jpg 600w, https:\/\/www.upo.es\/diario\/wp-content\/uploads\/2019\/12\/PsychiActive_futbol_2019_12_19-165x109.jpg 165w, https:\/\/www.upo.es\/diario\/wp-content\/uploads\/2019\/12\/PsychiActive_futbol_2019_12_19-1320x880.jpg 1320w\" sizes=\"auto, (max-width: 750px) 100vw, 750px\" \/><\/a>Usuarios de la <strong>Comunidad Terap\u00e9utica de Salud Mental Santa Clara<\/strong> y <strong>estudiantes, junto a antiguos alumnos, del Grado de Ciencias de Actividad F\u00edsica y del Deporte<\/strong> de la UPO han celebrado hoy en el campus una jornada deportiva y de convivencia. La Universidad Pablo de Olavide, a trav\u00e9s de su <strong>Servicio de Deportes<\/strong> (SDUPO) y del <strong>proyecto de investigaci\u00f3n PsychiActive<\/strong>, colabora con varias unidades de salud mental en actividades de inclusi\u00f3n y salud a trav\u00e9s de la actividad deportiva.<\/p>\n<p>\u00c1lvaro L\u00f3pez, Javier Bueno, Miguel \u00c1ngel Oviedo y Diego Mungu\u00eda, investigadores de la Universidad Pablo de Olavide del <strong>grupo \u2018Actividad f\u00edsica, salud y deporte\u2019<\/strong> (CTS-948), tratan de mejorar la calidad de vida de las personas con trastornos mentales graves mediante el <a href=\"https:\/\/www.upo.es\/diario\/entrevista\/2019\/10\/el-educador-fisico-deportivo-deberia-contemplarse-como-un-agente-de-salud-mas-para-las-personas-con-trastorno-mental\/\">Proyecto PsychiActive<\/a>. Desde el pasado mes de septiembre, y hasta abril de 2020, estos investigadores ofrecen una valoraci\u00f3n de los niveles de actividad f\u00edsica, sedentarismo, sue\u00f1o, condici\u00f3n f\u00edsica y otras variables relacionadas con la salud en las instalaciones de la UPO. La participaci\u00f3n es gratuita y al finalizar se expide un informe de resultados y recomendaciones. En mayo de 2020 desarrollar\u00e1n un programa de actividad f\u00edsica con los usuarios de Salud Mental empleando pulseras de actividad (<em>wearables<\/em>) y videojuegos activos (<em>exergames<\/em>).<\/p>\n<p>De forma paralela, en los \u00faltimos tres a\u00f1os la Comunidad Terap\u00e9utica de Salud Mental del Hospital Virgen del Roc\u00edo lleva a cabo el <strong>Programa de Deporte y Actividad F\u00edsica con el Servicio de Deportes de la Universidad Pablo de Olavide<\/strong> (SDUPO). En este \u00faltimo cuatrimestre del a\u00f1o 2019 se han unido las Unidades de Rehabilitaci\u00f3n, la Unidad de Salud Mental Guadalquivir y el club social de ASAENES para participar en la Liga de F\u00fatbol 7, trabajando en actividades de deporte inclusivo. Los organizadores destacan el ambiente de participaci\u00f3n, comunicaci\u00f3n, convivencia y afecto que se ha experimentado por parte de todos los integrantes del campeonato. En palabras de <strong>Javier Bueno<\/strong>, investigador del grupo PsychiActive que ha participado en la jornada, \u201cuna vez m\u00e1s se demuestra que el deporte es uno de los medios que facilitan, adem\u00e1s de la adquisici\u00f3n de h\u00e1bitos de salud, la participaci\u00f3n social efectiva y la erradicaci\u00f3n de estigmas\u201d.<\/p>\n<p>&nbsp;<\/p>\n","protected":false},"excerpt":{"rendered":"<p>Usuarios de la Comunidad Terap\u00e9utica de Salud Mental Santa Clara y estudiantes, junto a antiguos alumnos, del Grado de Ciencias de Actividad F\u00edsica y del Deporte de la UPO han celebrado hoy en el campus una jornada deportiva y de convivencia. La Universidad Pablo de Olavide, a trav\u00e9s de su Servicio de Deportes (SDUPO) y del proyecto de investigaci\u00f3n PsychiActive, colabora con varias unidades de salud mental en actividades de inclusi\u00f3n y salud a trav\u00e9s de la actividad deportiva.<\/p>\n","protected":false},"author":6,"featured_media":30859236,"comment_status":"closed","ping_status":"open","sticky":false,"template":"","format":"standard","meta":{"_monsterinsights_skip_tracking":false,"_monsterinsights_sitenote_active":false,"_monsterinsights_sitenote_note":"","_monsterinsights_sitenote_category":0,"footnotes":""},"categories":[5842],"tags":[705,21,3342,2195,6274,2300,232],"class_list":["post-30859235","post","type-post","status-publish","format-standard","has-post-thumbnail","hentry","category-comunidad","tag-ciencias-de-la-actividad-fisica-y-del-deporte","tag-estudiantes","tag-facultad-de-ciencias-del-deporte","tag-futbol-sala","tag-javier-bueno","tag-salud-mental","tag-sdupo"],"_links":{"self":[{"href":"https:\/\/www.upo.es\/diario\/wp-json\/wp\/v2\/posts\/30859235","targetHints":{"allow":["GET"]}}],"collection":[{"href":"https:\/\/www.upo.es\/diario\/wp-json\/wp\/v2\/posts"}],"about":[{"href":"https:\/\/www.upo.es\/diario\/wp-json\/wp\/v2\/types\/post"}],"author":[{"embeddable":true,"href":"https:\/\/www.upo.es\/diario\/wp-json\/wp\/v2\/users\/6"}],"replies":[{"embeddable":true,"href":"https:\/\/www.upo.es\/diario\/wp-json\/wp\/v2\/comments?post=30859235"}],"version-history":[{"count":3,"href":"https:\/\/www.upo.es\/diario\/wp-json\/wp\/v2\/posts\/30859235\/revisions"}],"predecessor-version":[{"id":30859239,"href":"https:\/\/www.upo.es\/diario\/wp-json\/wp\/v2\/posts\/30859235\/revisions\/30859239"}],"wp:featuredmedia":[{"embeddable":true,"href":"https:\/\/www.upo.es\/diario\/wp-json\/wp\/v2\/media\/30859236"}],"wp:attachment":[{"href":"https:\/\/www.upo.es\/diario\/wp-json\/wp\/v2\/media?parent=30859235"}],"wp:term":[{"taxonomy":"category","embeddable":true,"href":"https:\/\/www.upo.es\/diario\/wp-json\/wp\/v2\/categories?post=30859235"},{"taxonomy":"post_tag","embeddable":true,"href":"https:\/\/www.upo.es\/diario\/wp-json\/wp\/v2\/tags?post=30859235"}],"curies":[{"name":"wp","href":"https:\/\/api.w.org\/{rel}","templated":true}]}}