{"id":30859240,"date":"2019-12-20T11:04:16","date_gmt":"2019-12-20T10:04:16","guid":{"rendered":"https:\/\/www.upo.es\/diario\/?p=30859240"},"modified":"2019-12-20T11:04:16","modified_gmt":"2019-12-20T10:04:16","slug":"comienza-la-campana-viernes-en-la-upo-del-curso-2019-20-con-la-visita-de-estudiantes-de-secundaria-y-fp","status":"publish","type":"post","link":"https:\/\/www.upo.es\/diario\/comunidad\/2019\/12\/comienza-la-campana-viernes-en-la-upo-del-curso-2019-20-con-la-visita-de-estudiantes-de-secundaria-y-fp\/","title":{"rendered":"Comienza la campa\u00f1a \u2018Viernes en la UPO\u2019 del curso 2019\/20 con la visita de estudiantes de Secundaria y FP"},"content":{"rendered":"<p><a href=\"https:\/\/www.upo.es\/diario\/wp-content\/uploads\/2019\/12\/PuertasAbiertas_2019-20_20191220.jpg\"><img loading=\"lazy\" decoding=\"async\" class=\"aligncenter size-large wp-image-30859242\" src=\"https:\/\/www.upo.es\/diario\/wp-content\/uploads\/2019\/12\/PuertasAbiertas_2019-20_20191220-750x500.jpg\" alt=\"\" width=\"750\" height=\"500\" srcset=\"https:\/\/www.upo.es\/diario\/wp-content\/uploads\/2019\/12\/PuertasAbiertas_2019-20_20191220-750x500.jpg 750w, https:\/\/www.upo.es\/diario\/wp-content\/uploads\/2019\/12\/PuertasAbiertas_2019-20_20191220-360x240.jpg 360w, https:\/\/www.upo.es\/diario\/wp-content\/uploads\/2019\/12\/PuertasAbiertas_2019-20_20191220-768x512.jpg 768w, https:\/\/www.upo.es\/diario\/wp-content\/uploads\/2019\/12\/PuertasAbiertas_2019-20_20191220-600x400.jpg 600w, https:\/\/www.upo.es\/diario\/wp-content\/uploads\/2019\/12\/PuertasAbiertas_2019-20_20191220-165x109.jpg 165w, https:\/\/www.upo.es\/diario\/wp-content\/uploads\/2019\/12\/PuertasAbiertas_2019-20_20191220-1320x880.jpg 1320w\" sizes=\"auto, (max-width: 750px) 100vw, 750px\" \/><\/a>La directora general de Acceso y Difusi\u00f3n de la Universidad Pablo de Olavide, <strong>Mercedes de la Torre Garc\u00eda<\/strong> y el director del \u00c1rea de Gesti\u00f3n Administrativa de Asistencia al Estudiante de Grado, <strong>Miguel \u00c1ngel Morales Cevidanes<\/strong>, han dado la bienvenida esta ma\u00f1ana en el Paraninfo al <strong>primer grupo de estudiantes de Secundaria y de ciclos superiores de Formaci\u00f3n Profesional que visitar\u00e1n el campus de la UPO hasta el pr\u00f3ximo mes de marzo<\/strong>.<\/p>\n<p><strong>Comienza as\u00ed la campa\u00f1a informativa \u2018Viernes en la UPO\u2019<\/strong>, dise\u00f1ada para dar a conocer la oferta de estudios de la Universidad, as\u00ed como sus instalaciones y las posibilidades que \u00e9stas brindan para la formaci\u00f3n de los futuros estudiantes universitarios. En esta primera cita visitar\u00e1n el campus a lo largo de la ma\u00f1ana de hoy estudiantes del C.D.P. Calasancio Hispalense; C.D.P. Santa Ana; I.E.S. Cavaleri; I.E.S. El Majuelo; I.E.S. Federico Mayor Zaragoza; I.E.S. Ram\u00f3n Carande; e I.E.S. Severo Ochoa.<\/p>\n<p>Adem\u00e1s de saber m\u00e1s sobre los grados y dobles grados que se imparten en la UPO, el alumnado de secundaria asistir\u00e1 a una charla acerca de las claves, el desarrollo y algunos consejos sobre c\u00f3mo afrontar mejor la <strong>Prueba de Evaluaci\u00f3n de Bachillerato, Acceso y Admisi\u00f3n<\/strong> as\u00ed como el proceso de solicitud de plaza en el Distrito \u00danico Andaluz. Esta actividad est\u00e1 organizada por la Direcci\u00f3n General de Acceso y Difusi\u00f3n, perteneciente al Vicerrectorado de Estudiantes de la Universidad Pablo de Olavide.<\/p>\n","protected":false},"excerpt":{"rendered":"<p>La directora general de Acceso y Difusi\u00f3n de la Universidad Pablo de Olavide, Mercedes de la Torre Garc\u00eda y el director del \u00c1rea de Gesti\u00f3n Administrativa de Asistencia al Estudiante de Grado, Miguel \u00c1ngel Morales Cevidanes, han dado la bienvenida esta ma\u00f1ana en el Paraninfo al primer grupo de estudiantes de Secundaria y de ciclos superiores de Formaci\u00f3n Profesional que visitar\u00e1n el campus de la UPO hasta el pr\u00f3ximo mes de marzo.<\/p>\n","protected":false},"author":6,"featured_media":30859242,"comment_status":"closed","ping_status":"open","sticky":false,"template":"","format":"standard","meta":{"_monsterinsights_skip_tracking":false,"_monsterinsights_sitenote_active":false,"_monsterinsights_sitenote_note":"","_monsterinsights_sitenote_category":0,"footnotes":""},"categories":[5842],"tags":[501,107,21,1779,690,1382],"class_list":["post-30859240","post","type-post","status-publish","format-standard","has-post-thumbnail","hentry","category-comunidad","tag-acceso","tag-campus","tag-estudiantes","tag-mercedes-de-la-torre","tag-prueba-de-acceso-a-la-universidad","tag-secundaria"],"_links":{"self":[{"href":"https:\/\/www.upo.es\/diario\/wp-json\/wp\/v2\/posts\/30859240","targetHints":{"allow":["GET"]}}],"collection":[{"href":"https:\/\/www.upo.es\/diario\/wp-json\/wp\/v2\/posts"}],"about":[{"href":"https:\/\/www.upo.es\/diario\/wp-json\/wp\/v2\/types\/post"}],"author":[{"embeddable":true,"href":"https:\/\/www.upo.es\/diario\/wp-json\/wp\/v2\/users\/6"}],"replies":[{"embeddable":true,"href":"https:\/\/www.upo.es\/diario\/wp-json\/wp\/v2\/comments?post=30859240"}],"version-history":[{"count":2,"href":"https:\/\/www.upo.es\/diario\/wp-json\/wp\/v2\/posts\/30859240\/revisions"}],"predecessor-version":[{"id":30859243,"href":"https:\/\/www.upo.es\/diario\/wp-json\/wp\/v2\/posts\/30859240\/revisions\/30859243"}],"wp:featuredmedia":[{"embeddable":true,"href":"https:\/\/www.upo.es\/diario\/wp-json\/wp\/v2\/media\/30859242"}],"wp:attachment":[{"href":"https:\/\/www.upo.es\/diario\/wp-json\/wp\/v2\/media?parent=30859240"}],"wp:term":[{"taxonomy":"category","embeddable":true,"href":"https:\/\/www.upo.es\/diario\/wp-json\/wp\/v2\/categories?post=30859240"},{"taxonomy":"post_tag","embeddable":true,"href":"https:\/\/www.upo.es\/diario\/wp-json\/wp\/v2\/tags?post=30859240"}],"curies":[{"name":"wp","href":"https:\/\/api.w.org\/{rel}","templated":true}]}}