{"id":30859250,"date":"2019-12-23T10:03:42","date_gmt":"2019-12-23T09:03:42","guid":{"rendered":"https:\/\/www.upo.es\/diario\/?p=30859250"},"modified":"2020-01-24T10:23:30","modified_gmt":"2020-01-24T09:23:30","slug":"el-calentamiento-del-planeta-podria-acarrear-consecuencias-negativas-sobre-los-procesos-que-generan-biodiversidad","status":"publish","type":"post","link":"https:\/\/www.upo.es\/diario\/ciencia\/2019\/12\/el-calentamiento-del-planeta-podria-acarrear-consecuencias-negativas-sobre-los-procesos-que-generan-biodiversidad\/","title":{"rendered":"El calentamiento del planeta podr\u00eda acarrear consecuencias negativas sobre los procesos que generan biodiversidad"},"content":{"rendered":"<figure id=\"attachment_30859251\" aria-describedby=\"caption-attachment-30859251\" style=\"width: 750px\" class=\"wp-caption aligncenter\"><a href=\"https:\/\/www.upo.es\/diario\/wp-content\/uploads\/2019\/12\/DSCN2692.jpg\"><img loading=\"lazy\" decoding=\"async\" class=\"size-large wp-image-30859251\" src=\"https:\/\/www.upo.es\/diario\/wp-content\/uploads\/2019\/12\/DSCN2692-750x563.jpg\" alt=\"\" width=\"750\" height=\"563\" srcset=\"https:\/\/www.upo.es\/diario\/wp-content\/uploads\/2019\/12\/DSCN2692-750x563.jpg 750w, https:\/\/www.upo.es\/diario\/wp-content\/uploads\/2019\/12\/DSCN2692-360x270.jpg 360w, https:\/\/www.upo.es\/diario\/wp-content\/uploads\/2019\/12\/DSCN2692-768x576.jpg 768w, https:\/\/www.upo.es\/diario\/wp-content\/uploads\/2019\/12\/DSCN2692-600x450.jpg 600w, https:\/\/www.upo.es\/diario\/wp-content\/uploads\/2019\/12\/DSCN2692-1320x990.jpg 1320w\" sizes=\"auto, (max-width: 750px) 100vw, 750px\" \/><\/a><figcaption id=\"caption-attachment-30859251\" class=\"wp-caption-text\">Carex atrata, hierba perteneciente al grupo de las c\u00e1rices.<\/figcaption><\/figure>\n<p>En el actual escenario caracterizado por los efectos del cambio clim\u00e1tico, un equipo internacional liderado por investigadores de la <strong>Universidad Pablo de Olavide<\/strong> (UPO) y la <strong>Universidad Aut\u00f3noma de Madrid<\/strong> (UAM), ha llevado a cabo una investigaci\u00f3n que sugiere que <strong>el calentamiento del planeta podr\u00eda acarrear consecuencias negativas sobre los procesos que generan biodiversidad<\/strong>. Esta es una de las conclusiones a las que estos investigadores han llegado tras realizar un estudio, recientemente publicado en la revista cient\u00edfica internacional <em>Journal of Systematics and Evolution<\/em>, centrado en las <strong>causas del \u00e9xito evolutivo de <em>Carex<\/em><\/strong>, uno de los tres g\u00e9neros de plantas con flores m\u00e1s biodiversos del mundo, y que indica que este \u00e9xito est\u00e1 <strong>ligado al clima relativamente fr\u00edo del planeta<\/strong> durante los \u00faltimos 10 millones de a\u00f1os, lo que favoreci\u00f3 la colonizaci\u00f3n de nuevos territorios y ecosistemas.<\/p>\n<p><em>Carex<\/em> es un grupo de hierbas perteneciente a las Ciper\u00e1ceas, familia que incluye especies tan conocidas como el papiro o la chufa. Se conocen unas 2000 especies de <em>Carex<\/em> distribuidas por todo el mundo y que habitan en una gran variedad de ecosistemas, desde los polos a los tr\u00f3picos y desde las costas a las m\u00e1s altas monta\u00f1as, aunque siempre ligadas a zonas con climas templados y fr\u00edos. En muchas regiones, sobre todo del hemisferio norte, sus especies forman parte de ciertos tipos de vegetaci\u00f3n dominante y juegan un papel ecol\u00f3gico fundamental en h\u00e1bitats tan variados como la tundra, praderas, humedales, turberas, bordes de r\u00edos y lagos o sotobosques. Adem\u00e1s, estas plantas son una importante fuente de alimento para numerosas aves acu\u00e1ticas y mam\u00edferos herb\u00edvoros, y algunas de ellas exhiben propiedades medicinales o nutricionales explotadas por el ser humano.<\/p>\n<figure id=\"attachment_1713836\" aria-describedby=\"caption-attachment-1713836\" style=\"width: 320px\" class=\"wp-caption alignright\"><a href=\"https:\/\/www.upo.es\/diario\/wp-content\/uploads\/2013\/10\/santiago-martin-bravo.jpg\"><img loading=\"lazy\" decoding=\"async\" class=\"size-medium wp-image-1713836\" src=\"https:\/\/www.upo.es\/diario\/wp-content\/uploads\/2013\/10\/santiago-martin-bravo-320x213.jpg\" alt=\"Santiago Mart\u00edn Bravo\" width=\"320\" height=\"213\" srcset=\"https:\/\/www.upo.es\/diario\/wp-content\/uploads\/2013\/10\/santiago-martin-bravo-320x213.jpg 320w, https:\/\/www.upo.es\/diario\/wp-content\/uploads\/2013\/10\/santiago-martin-bravo-1024x682.jpg 1024w, https:\/\/www.upo.es\/diario\/wp-content\/uploads\/2013\/10\/santiago-martin-bravo-600x400.jpg 600w\" sizes=\"auto, (max-width: 320px) 100vw, 320px\" \/><\/a><figcaption id=\"caption-attachment-1713836\" class=\"wp-caption-text\">El investigador de la UPO Santiago Mart\u00edn Bravo.<\/figcaption><\/figure>\n<p>Los investigadores centraron su estudio en el an\u00e1lisis de las causas de la enorme diversidad de especies de <em>Carex<\/em>, concluyendo que el enfriamiento del clima fue un factor clave para su especiaci\u00f3n. \u201cEl estudio es el primero que aborda a escala global los patrones de distribuci\u00f3n y diversificaci\u00f3n de un g\u00e9nero megadiverso de plantas y sugiere que el calentamiento clim\u00e1tico no s\u00f3lo est\u00e1 provocando la extinci\u00f3n de especies, sino que tambi\u00e9n podr\u00eda afectar negativamente a los procesos que las generan\u201d, afirma Santiago Mart\u00edn-Bravo, investigador del \u00c1rea de Bot\u00e1nica de la UPO y uno de los coautores principales del estudio.<\/p>\n<p>Los autores han combinado en su estudio gen\u00e9tica e informaci\u00f3n de f\u00f3siles para desentra\u00f1ar las causas de la diversificaci\u00f3n global de <em>Carex<\/em>. El trabajo muestra que este g\u00e9nero se origin\u00f3 en Asia, desde donde ha sido capaz de colonizar regiones de todo el mundo y nichos ecol\u00f3gicos extraordinariamente diferentes. Durante este proceso, <em>Carex<\/em> ha sido claramente favorecida por el mantenimiento de un clima global fr\u00edo durante los \u00faltimos 10 millones de a\u00f1os. Prueba de ello es la coincidencia en el tiempo de eventos de enfriamiento regional como la congelaci\u00f3n de la Ant\u00e1rtida o las glaciaciones del Pleistoceno con la aparici\u00f3n masiva de especies de <em>Carex<\/em> en regiones afectadas por estos cambios clim\u00e1ticos, como Norteam\u00e9rica o Nueva Zelanda.<\/p>\n<p>Las conclusiones de este trabajo son de inter\u00e9s general para <strong>entender c\u00f3mo, cu\u00e1ndo y por qu\u00e9 se generan las especies, as\u00ed como las causas de la desigual distribuci\u00f3n de las mismas, y sobre todo el papel del clima global como impulsor de la g\u00e9nesis de biodiversidad<\/strong>. \u201cEstas preguntas revisten especial relevancia en el contexto actual de crisis clim\u00e1tica y de extinci\u00f3n masiva de especies, lo que acent\u00faa la necesidad de conocer y entender c\u00f3mo la naturaleza responde al clima para poder conservarla y gestionarla de manera sostenible\u201d, argumenta Pedro Jim\u00e9nez-Mej\u00edas, investigador del \u00c1rea de Bot\u00e1nica de la UAM y otro de los coautores principales del trabajo.<\/p>\n<p>El estudio ha sido portada del n\u00famero de noviembre de la revista cient\u00edfica internacional <em>Journal of Systematics and Evolution<\/em>. Supone la culminaci\u00f3n de m\u00e1s de una d\u00e9cada de trabajo iniciado con el proyecto postdoctoral de Jim\u00e9nez-Mej\u00edas, desarrollado en Estados Unidos, y que ha posibilitado una colaboraci\u00f3n internacional entre un grupo de bi\u00f3logos evolutivos y bot\u00e1nicos de instituciones de diez pa\u00edses, de entre los que destacan Espa\u00f1a (con investigadores de las universidades Pablo de Olavide, Aut\u00f3noma de Madrid y Sevilla, as\u00ed como del Real Jard\u00edn Bot\u00e1nico de Madrid) y Estados Unidos.<\/p>\n<p><strong>Referencia:<\/strong><\/p>\n<p>A tale of worldwide success: Behind the scenes of Carex (Cyperaceae) biogeography and diversification. Journal of Systematics and Evolution 57(6): 695-718. DOI: 10.1111\/jse.12549<\/p>\n<p>Mart\u00edn-Bravo, S.*, Jim\u00e9nez-Mej\u00edas, P.*, Villaverde, T., Escudero, M., Hahn, M., Spalink, D., Roalson, E.H., Hipp, A.L. and the Global Carex Group (Ben\u00edtez\u2010Ben\u00edtez, C.,\u00a0 Bruederle, L.P.,\u00a0 Fitzek, E., Ford, B.A., Ford, K.A., Garner, M., Gebauer, S., Hoffmann, M.H., Jin, X.-F., Larridon, I., L\u00e9veill\u00e9\u2010Bourret, E., Lu, Y.\u2010F., Luce\u00f1o, M., Maguilla, E., M\u00e1rquez\u2010Corro, J.I., M\u00edguez, M., Naczi, R., Reznicek, A.A., Starr, J.R.). *Contribuci\u00f3n equitativa<\/p>\n<p>Enlace al estudio: <a href=\"https:\/\/onlinelibrary.wiley.com\/doi\/full\/10.1111\/jse.12549\">https:\/\/onlinelibrary.wiley.com\/doi\/full\/10.1111\/jse.12549<\/a><\/p>\n","protected":false},"excerpt":{"rendered":"<p>En el actual escenario caracterizado por los efectos del cambio clim\u00e1tico, un equipo internacional liderado por investigadores de la Universidad Pablo de Olavide (UPO) y la Universidad Aut\u00f3noma de Madrid (UAM), ha llevado a cabo una investigaci\u00f3n que sugiere que el calentamiento del planeta podr\u00eda acarrear consecuencias negativas sobre los procesos que generan biodiversidad. Esta es una de las conclusiones a las que estos investigadores han llegado tras realizar un estudio, recientemente publicado en la revista cient\u00edfica internacional Journal of Systematics and Evolution, centrado en las causas del \u00e9xito evolutivo de Carex, uno de los tres g\u00e9neros de plantas con flores m\u00e1s biodiversos del mundo, y que indica que este \u00e9xito est\u00e1 ligado al clima relativamente fr\u00edo del planeta durante los \u00faltimos 10 millones de a\u00f1os, lo que favoreci\u00f3 la colonizaci\u00f3n de nuevos territorios y ecosistemas.<\/p>\n","protected":false},"author":2,"featured_media":30859251,"comment_status":"closed","ping_status":"open","sticky":false,"template":"","format":"standard","meta":{"_monsterinsights_skip_tracking":false,"_monsterinsights_sitenote_active":false,"_monsterinsights_sitenote_note":"","_monsterinsights_sitenote_category":0,"footnotes":""},"categories":[3],"tags":[5394,814,246,593,2587,6467,958,6469,6468,1196,6466],"class_list":["post-30859250","post","type-post","status-publish","format-standard","has-post-thumbnail","hentry","category-ciencia","tag-area-de-botanica","tag-biodiversidad","tag-biologia","tag-cambio-climatico","tag-carex","tag-ciperaceas","tag-clima","tag-crisis-climatica","tag-especiacion","tag-santiago-martin-bravo","tag-universidad-autonoma-de-madrid"],"_links":{"self":[{"href":"https:\/\/www.upo.es\/diario\/wp-json\/wp\/v2\/posts\/30859250","targetHints":{"allow":["GET"]}}],"collection":[{"href":"https:\/\/www.upo.es\/diario\/wp-json\/wp\/v2\/posts"}],"about":[{"href":"https:\/\/www.upo.es\/diario\/wp-json\/wp\/v2\/types\/post"}],"author":[{"embeddable":true,"href":"https:\/\/www.upo.es\/diario\/wp-json\/wp\/v2\/users\/2"}],"replies":[{"embeddable":true,"href":"https:\/\/www.upo.es\/diario\/wp-json\/wp\/v2\/comments?post=30859250"}],"version-history":[{"count":1,"href":"https:\/\/www.upo.es\/diario\/wp-json\/wp\/v2\/posts\/30859250\/revisions"}],"predecessor-version":[{"id":30859252,"href":"https:\/\/www.upo.es\/diario\/wp-json\/wp\/v2\/posts\/30859250\/revisions\/30859252"}],"wp:featuredmedia":[{"embeddable":true,"href":"https:\/\/www.upo.es\/diario\/wp-json\/wp\/v2\/media\/30859251"}],"wp:attachment":[{"href":"https:\/\/www.upo.es\/diario\/wp-json\/wp\/v2\/media?parent=30859250"}],"wp:term":[{"taxonomy":"category","embeddable":true,"href":"https:\/\/www.upo.es\/diario\/wp-json\/wp\/v2\/categories?post=30859250"},{"taxonomy":"post_tag","embeddable":true,"href":"https:\/\/www.upo.es\/diario\/wp-json\/wp\/v2\/tags?post=30859250"}],"curies":[{"name":"wp","href":"https:\/\/api.w.org\/{rel}","templated":true}]}}