{"id":30859253,"date":"2019-12-23T12:01:30","date_gmt":"2019-12-23T11:01:30","guid":{"rendered":"https:\/\/www.upo.es\/diario\/?p=30859253"},"modified":"2020-01-07T09:09:08","modified_gmt":"2020-01-07T08:09:08","slug":"cierre-parcial-del-campus-de-la-universidad-pablo-de-olavide-entre-el-24-de-diciembre-y-el-6-de-enero","status":"publish","type":"post","link":"https:\/\/www.upo.es\/diario\/institucional\/2019\/12\/cierre-parcial-del-campus-de-la-universidad-pablo-de-olavide-entre-el-24-de-diciembre-y-el-6-de-enero\/","title":{"rendered":"Cierre parcial del campus de la Universidad Pablo de Olavide entre el 24 de diciembre y el 6 de enero"},"content":{"rendered":"<p><a href=\"https:\/\/www.upo.es\/diario\/wp-content\/uploads\/2019\/12\/cierreUPO_Navidad.jpg\"><img loading=\"lazy\" decoding=\"async\" class=\"alignright size-medium wp-image-30859254\" src=\"https:\/\/www.upo.es\/diario\/wp-content\/uploads\/2019\/12\/cierreUPO_Navidad-360x240.jpg\" alt=\"\" width=\"360\" height=\"240\" srcset=\"https:\/\/www.upo.es\/diario\/wp-content\/uploads\/2019\/12\/cierreUPO_Navidad-360x240.jpg 360w, https:\/\/www.upo.es\/diario\/wp-content\/uploads\/2019\/12\/cierreUPO_Navidad-768x511.jpg 768w, https:\/\/www.upo.es\/diario\/wp-content\/uploads\/2019\/12\/cierreUPO_Navidad-750x499.jpg 750w, https:\/\/www.upo.es\/diario\/wp-content\/uploads\/2019\/12\/cierreUPO_Navidad-600x399.jpg 600w, https:\/\/www.upo.es\/diario\/wp-content\/uploads\/2019\/12\/cierreUPO_Navidad-165x109.jpg 165w, https:\/\/www.upo.es\/diario\/wp-content\/uploads\/2019\/12\/cierreUPO_Navidad-1320x879.jpg 1320w\" sizes=\"auto, (max-width: 360px) 100vw, 360px\" \/><\/a>Buena parte de los edificios e instalaciones del campus de la Universidad Pablo de Olavide permanecer\u00e1n cerrados entre el 24 de diciembre de 2019 y el 6 de enero de 2020, ambos inclusive, con objeto de optimizar recursos y como medida de ahorro energ\u00e9tico.<\/p>\n<p>Como excepci\u00f3n, permanecer\u00e1 abierta la <strong>Biblioteca\/CRAI<\/strong> \u2013con servicios reducidos y horario variable\u2013\u00a0 los d\u00edas 26, 27 y 30 de diciembre de 8:30 a 15:30 horas y entre el 2 y el 4 de enero de 2020 de 8:30 a 22:00 horas. As\u00ed mismo, estar\u00e1n disponibles los <strong>servicios centrales de investigaci\u00f3n<\/strong> y permanecer\u00e1 abierto el Centro Andaluz de Biolog\u00eda del Desarrollo.<\/p>\n<p>Para facilitar la preparaci\u00f3n de los ex\u00e1menes, <strong>se mantiene disponible el aula 3 del edificio 16 como sala de estudio<\/strong>, que permanecer\u00e1 abierta las 24 horas los s\u00e1bados, domingos y festivos, y bajo demanda en horario nocturno y cuando est\u00e9 cerrada la Biblioteca\/CRAI.<\/p>\n<p>M\u00e1s informaci\u00f3n:<\/p>\n<ul>\n<li><a href=\"https:\/\/www.upo.es\/biblioteca\/detalle-noticias\/Horario-extraordinario-de-apertura-de-la-Biblioteca-00008\/\">Biblioteca: horario de apertura extraordinario<\/a><\/li>\n<li><a href=\"https:\/\/www.upo.es\/portal\/impe\/web\/contenido\/80066267-f3bb-11df-9645-3fe5a96f4a88?channel=d3563863-2f47-11de-b088-3fe5a96f4a88\">Sala de estudio: edificio 16, aula 3<\/a><\/li>\n<\/ul>\n<p>&nbsp;<\/p>\n","protected":false},"excerpt":{"rendered":"<p>Buena parte de los edificios e instalaciones del campus de la Universidad Pablo de Olavide permanecer\u00e1n cerrados entre el 24 de diciembre de 2019 y el 6 de enero de 2020, ambos inclusive, con objeto de optimizar recursos y como medida de ahorro energ\u00e9tico.<\/p>\n","protected":false},"author":4,"featured_media":30859254,"comment_status":"closed","ping_status":"open","sticky":false,"template":"","format":"standard","meta":{"_monsterinsights_skip_tracking":false,"_monsterinsights_sitenote_active":false,"_monsterinsights_sitenote_note":"","_monsterinsights_sitenote_category":0,"footnotes":""},"categories":[6],"tags":[107,6454,618,1657],"class_list":["post-30859253","post","type-post","status-publish","format-standard","has-post-thumbnail","hentry","category-institucional","tag-campus","tag-horario-navidad","tag-infraestructuras","tag-universidad-pablo-de-olavide"],"_links":{"self":[{"href":"https:\/\/www.upo.es\/diario\/wp-json\/wp\/v2\/posts\/30859253","targetHints":{"allow":["GET"]}}],"collection":[{"href":"https:\/\/www.upo.es\/diario\/wp-json\/wp\/v2\/posts"}],"about":[{"href":"https:\/\/www.upo.es\/diario\/wp-json\/wp\/v2\/types\/post"}],"author":[{"embeddable":true,"href":"https:\/\/www.upo.es\/diario\/wp-json\/wp\/v2\/users\/4"}],"replies":[{"embeddable":true,"href":"https:\/\/www.upo.es\/diario\/wp-json\/wp\/v2\/comments?post=30859253"}],"version-history":[{"count":1,"href":"https:\/\/www.upo.es\/diario\/wp-json\/wp\/v2\/posts\/30859253\/revisions"}],"predecessor-version":[{"id":30859255,"href":"https:\/\/www.upo.es\/diario\/wp-json\/wp\/v2\/posts\/30859253\/revisions\/30859255"}],"wp:featuredmedia":[{"embeddable":true,"href":"https:\/\/www.upo.es\/diario\/wp-json\/wp\/v2\/media\/30859254"}],"wp:attachment":[{"href":"https:\/\/www.upo.es\/diario\/wp-json\/wp\/v2\/media?parent=30859253"}],"wp:term":[{"taxonomy":"category","embeddable":true,"href":"https:\/\/www.upo.es\/diario\/wp-json\/wp\/v2\/categories?post=30859253"},{"taxonomy":"post_tag","embeddable":true,"href":"https:\/\/www.upo.es\/diario\/wp-json\/wp\/v2\/tags?post=30859253"}],"curies":[{"name":"wp","href":"https:\/\/api.w.org\/{rel}","templated":true}]}}