{"id":30859261,"date":"2020-01-09T13:15:03","date_gmt":"2020-01-09T12:15:03","guid":{"rendered":"https:\/\/www.upo.es\/diario\/?p=30859261"},"modified":"2020-01-24T10:23:26","modified_gmt":"2020-01-24T09:23:26","slug":"andrea-escobar-y-francisco-javier-dominguez-premiados-con-un-ipad-por-evaluar-la-docencia-de-la-upo","status":"publish","type":"post","link":"https:\/\/www.upo.es\/diario\/comunidad\/2020\/01\/andrea-escobar-y-francisco-javier-dominguez-premiados-con-un-ipad-por-evaluar-la-docencia-de-la-upo\/","title":{"rendered":"Andrea Escobar y Francisco Javier Dom\u00ednguez, premiados con un iPad por evaluar la docencia de la UPO"},"content":{"rendered":"<figure id=\"attachment_30859262\" aria-describedby=\"caption-attachment-30859262\" style=\"width: 750px\" class=\"wp-caption aligncenter\"><a href=\"https:\/\/www.upo.es\/diario\/wp-content\/uploads\/2020\/01\/Estudiantes-encuestas-premio_20200109.jpg\"><img loading=\"lazy\" decoding=\"async\" class=\"size-large wp-image-30859262\" src=\"https:\/\/www.upo.es\/diario\/wp-content\/uploads\/2020\/01\/Estudiantes-encuestas-premio_20200109-750x422.jpg\" alt=\"\" width=\"750\" height=\"422\" srcset=\"https:\/\/www.upo.es\/diario\/wp-content\/uploads\/2020\/01\/Estudiantes-encuestas-premio_20200109-750x422.jpg 750w, https:\/\/www.upo.es\/diario\/wp-content\/uploads\/2020\/01\/Estudiantes-encuestas-premio_20200109-360x203.jpg 360w, https:\/\/www.upo.es\/diario\/wp-content\/uploads\/2020\/01\/Estudiantes-encuestas-premio_20200109-768x432.jpg 768w, https:\/\/www.upo.es\/diario\/wp-content\/uploads\/2020\/01\/Estudiantes-encuestas-premio_20200109-600x338.jpg 600w, https:\/\/www.upo.es\/diario\/wp-content\/uploads\/2020\/01\/Estudiantes-encuestas-premio_20200109-1320x743.jpg 1320w\" sizes=\"auto, (max-width: 750px) 100vw, 750px\" \/><\/a><figcaption id=\"caption-attachment-30859262\" class=\"wp-caption-text\">Vicente Guzm\u00e1n, Andrea Escobar, Francisco J. Dom\u00ednguez y Ra\u00fal Gir\u00e1ldez<\/figcaption><\/figure>\n<p><strong>Andrea Escobar Gonz\u00e1lez,<\/strong> estudiante del Grado en Traducci\u00f3n e Interpretaci\u00f3n en Alem\u00e1n, y <strong>Francisco Javier Dom\u00ednguez Fajardo,<\/strong> que ha cursado el M\u00e1ster Universitario en Ciencias Sociales Aplicadas al Medio Ambiente, han recibido hoy de manos del rector de la Universidad Pablo de Olavide Vicente Guzm\u00e1n un <strong>iPad de 32Gb<\/strong>, <strong>premio que ha sido sorteado entre el alumnado de grado y postgrado que particip\u00f3 en las encuestas de evaluaci\u00f3n del profesorado durante el curso 2018\/2019<\/strong>. El delegado del rector para la Calidad, Ra\u00fal Gir\u00e1ldez Rojo, ha asistido tambi\u00e9n a la entrega de los premios.<\/p>\n<p>Con este sorteo la Universidad Pablo de Olavide trata de incentivar la <a href=\"https:\/\/www.upo.es\/area-calidad\/servicios\/Evaluacion-Docente-del-Profesorado\/satisfaccion-alumnado-docencia\/informes-globales\/\">evaluaci\u00f3n docente de su profesorado directamente por los estudiantes<\/a>, quienes pueden cada curso acad\u00e9mico evaluar en una encuesta <em>online<\/em> tanto la metodolog\u00eda como la planificaci\u00f3n llevada a cabo por cada profesor y profesora en las asignaturas de grado y postgrado.<\/p>\n<p>El acceso a las encuestas se realiza a trav\u00e9s de los <a href=\"https:\/\/www.upo.es\/portal\/impe\/web\/contenido\/cbc470b0-6d09-11e5-95c3-3fe5a96f4a88?channel=753874cc-6ce6-11e5-95c3-3fe5a96f4a88\">servicios personales disponibles en la web de la Universidad<\/a>. \u00a0Las encuestas de evaluaci\u00f3n de la docencia de postgrado del curso 2019\/2020 est\u00e1n actualmente activas y las de evaluaci\u00f3n del profesorado de grado del segundo semestre se abrir\u00e1n el 30 de marzo de 2020.<\/p>\n","protected":false},"excerpt":{"rendered":"<p>Andrea Escobar Gonz\u00e1lez, estudiante del Grado en Traducci\u00f3n e Interpretaci\u00f3n en Alem\u00e1n, y Francisco Javier Dom\u00ednguez Fajardo, que ha cursado el M\u00e1ster Universitario en Ciencias Sociales Aplicadas al Medio Ambiente, han recibido hoy de manos del rector de la Universidad Pablo de Olavide un iPad de 32Gb, premio que ha sido sorteado entre el alumnado de grado y postgrado que particip\u00f3 en las encuestas de evaluaci\u00f3n del profesorado durante el curso 2018\/2019. El delegado del rector para la Calidad, Ra\u00fal Gir\u00e1ldez Rojo, ha asistido tambi\u00e9n a la entrega de los premios.<\/p>\n","protected":false},"author":6,"featured_media":30859262,"comment_status":"closed","ping_status":"open","sticky":false,"template":"","format":"standard","meta":{"_monsterinsights_skip_tracking":false,"_monsterinsights_sitenote_active":false,"_monsterinsights_sitenote_note":"","_monsterinsights_sitenote_category":0,"footnotes":""},"categories":[5842],"tags":[740,1973,3235,21,680,82,199],"class_list":["post-30859261","post","type-post","status-publish","format-standard","has-post-thumbnail","hentry","category-comunidad","tag-calidad","tag-docencia","tag-encuestas-de-calidad","tag-estudiantes","tag-grado","tag-postgrado","tag-profesorado"],"_links":{"self":[{"href":"https:\/\/www.upo.es\/diario\/wp-json\/wp\/v2\/posts\/30859261","targetHints":{"allow":["GET"]}}],"collection":[{"href":"https:\/\/www.upo.es\/diario\/wp-json\/wp\/v2\/posts"}],"about":[{"href":"https:\/\/www.upo.es\/diario\/wp-json\/wp\/v2\/types\/post"}],"author":[{"embeddable":true,"href":"https:\/\/www.upo.es\/diario\/wp-json\/wp\/v2\/users\/6"}],"replies":[{"embeddable":true,"href":"https:\/\/www.upo.es\/diario\/wp-json\/wp\/v2\/comments?post=30859261"}],"version-history":[{"count":1,"href":"https:\/\/www.upo.es\/diario\/wp-json\/wp\/v2\/posts\/30859261\/revisions"}],"predecessor-version":[{"id":30859263,"href":"https:\/\/www.upo.es\/diario\/wp-json\/wp\/v2\/posts\/30859261\/revisions\/30859263"}],"wp:featuredmedia":[{"embeddable":true,"href":"https:\/\/www.upo.es\/diario\/wp-json\/wp\/v2\/media\/30859262"}],"wp:attachment":[{"href":"https:\/\/www.upo.es\/diario\/wp-json\/wp\/v2\/media?parent=30859261"}],"wp:term":[{"taxonomy":"category","embeddable":true,"href":"https:\/\/www.upo.es\/diario\/wp-json\/wp\/v2\/categories?post=30859261"},{"taxonomy":"post_tag","embeddable":true,"href":"https:\/\/www.upo.es\/diario\/wp-json\/wp\/v2\/tags?post=30859261"}],"curies":[{"name":"wp","href":"https:\/\/api.w.org\/{rel}","templated":true}]}}