{"id":30859264,"date":"2020-01-09T00:58:46","date_gmt":"2020-01-08T23:58:46","guid":{"rendered":"https:\/\/www.upo.es\/diario\/?p=30859264"},"modified":"2020-01-09T16:09:40","modified_gmt":"2020-01-09T15:09:40","slug":"maestros-ajedrecistas-y-aficionados-se-dan-cita-en-el-xlv-abierto-internacional-de-ajedrez-ciudad-de-sevilla","status":"publish","type":"post","link":"https:\/\/www.upo.es\/diario\/comunidad\/2020\/01\/maestros-ajedrecistas-y-aficionados-se-dan-cita-en-el-xlv-abierto-internacional-de-ajedrez-ciudad-de-sevilla\/","title":{"rendered":"Maestros y aficionados se dan cita en el XLV Abierto Internacional de Ajedrez Ciudad de Sevilla"},"content":{"rendered":"<p><img loading=\"lazy\" decoding=\"async\" class=\"alignright size-medium wp-image-30859265\" src=\"https:\/\/www.upo.es\/diario\/wp-content\/uploads\/2020\/01\/IMG_1068-360x240.jpg\" alt=\"\" width=\"360\" height=\"240\" srcset=\"https:\/\/www.upo.es\/diario\/wp-content\/uploads\/2020\/01\/IMG_1068-360x240.jpg 360w, https:\/\/www.upo.es\/diario\/wp-content\/uploads\/2020\/01\/IMG_1068-768x512.jpg 768w, https:\/\/www.upo.es\/diario\/wp-content\/uploads\/2020\/01\/IMG_1068-750x500.jpg 750w, https:\/\/www.upo.es\/diario\/wp-content\/uploads\/2020\/01\/IMG_1068-600x400.jpg 600w, https:\/\/www.upo.es\/diario\/wp-content\/uploads\/2020\/01\/IMG_1068-165x109.jpg 165w, https:\/\/www.upo.es\/diario\/wp-content\/uploads\/2020\/01\/IMG_1068-1320x880.jpg 1320w\" sizes=\"auto, (max-width: 360px) 100vw, 360px\" \/>El <strong>XLV Abierto Internacional de Ajedrez Ciudad de Sevilla<\/strong>, una de las m\u00e1s prestigiosas y la competici\u00f3n de mayor antig\u00fcedad a nivel nacional, se disputar\u00e1 <strong>desde el viernes 10 hasta el 18 de enero en el Palacio de Congresos y Exposiciones, FIBES<\/strong>. El torneo fue presentado ayer en el Ayuntamiento de Sevilla con la presencia del alcalde Juan Espadas, Isabel S\u00e1nchez, directora general de Planificaci\u00f3n, Instalaciones y Eventos Deportivos de la Consejer\u00eda de Educaci\u00f3n y Deporte, y Pilar Rodr\u00edguez Reina, vicerrectora de Relaciones Institucionales de la Universidad Pablo de Olavide, colaboradora en este evento deportivo que se celebra en Sevilla desde 1974.<\/p>\n<p>El torneo tiene como una de sus principales caracter\u00edsticas su formato de competici\u00f3n, que permite que participen deportistas de base y aficionados de cualquier nivel con grandes maestros nacionales e internacionales. Paralelamente a la competici\u00f3n absoluta se disputar\u00e1 durante los d\u00edas 11 y 12 de enero la s\u00e9ptima edici\u00f3n de la <strong>Olimpiada Interescolar de Ajedrez<\/strong>, organizada por la Diputaci\u00f3n de Sevilla, con la participaci\u00f3n de unos 350 escolares menores de 18 a\u00f1os.<\/p>\n<p><strong>R\u00e9cord de pa\u00edses<\/strong><\/p>\n<p><a href=\"https:\/\/www.upo.es\/diario\/wp-content\/uploads\/2020\/01\/cartel-sevilla-ajedrez.jpg\"><img loading=\"lazy\" decoding=\"async\" class=\"alignright size-medium wp-image-30859266\" src=\"https:\/\/www.upo.es\/diario\/wp-content\/uploads\/2020\/01\/cartel-sevilla-ajedrez-254x360.jpg\" alt=\"\" width=\"254\" height=\"360\" srcset=\"https:\/\/www.upo.es\/diario\/wp-content\/uploads\/2020\/01\/cartel-sevilla-ajedrez-254x360.jpg 254w, https:\/\/www.upo.es\/diario\/wp-content\/uploads\/2020\/01\/cartel-sevilla-ajedrez-768x1086.jpg 768w, https:\/\/www.upo.es\/diario\/wp-content\/uploads\/2020\/01\/cartel-sevilla-ajedrez-530x750.jpg 530w, https:\/\/www.upo.es\/diario\/wp-content\/uploads\/2020\/01\/cartel-sevilla-ajedrez-600x849.jpg 600w, https:\/\/www.upo.es\/diario\/wp-content\/uploads\/2020\/01\/cartel-sevilla-ajedrez.jpg 1131w\" sizes=\"auto, (max-width: 254px) 100vw, 254px\" \/><\/a>Los pa\u00edses que estar\u00e1n representados en la competici\u00f3n, y que suponen un nuevo r\u00e9cord en el evento, son Espa\u00f1a, China, India, Kirguist\u00e1n, Croacia, Rusia, Ucrania, Marruecos, Alemania, Armenia, Estados Unidos, Francia, Italia, Portugal, Andorra, Argelia, Argentina, B\u00e9lgica, Brasil, Dinamarca, Ecuador, Escocia, Georgia, Holanda, Honduras, M\u00f3naco, Mongolia, Nicaragua, Nigeria, Serbia y Sud\u00e1frica. Tambi\u00e9n participar\u00e1n una selecci\u00f3n de ocho jugadores de la ONCE.<\/p>\n<p>El <a href=\"http:\/\/openajedrezsevilla.com\/\">XLV Abierto Internacional de Ajedrez Ciudad de Sevilla<\/a>, organizado por la Delegaci\u00f3n Sevillana de Ajedrez, cuenta con el apoyo de la Consejer\u00eda de Educaci\u00f3n y Deporte, del Instituto Municipal de Deportes del Ayuntamiento de Sevilla, la Diputaci\u00f3n de Sevilla, las Federaciones Andaluza y Espa\u00f1ola de Ajedrez, las Universidades de Sevilla y Pablo de Olavide, la Fundaci\u00f3n Cajasol y El Corte Ingl\u00e9s.<\/p>\n<p>&nbsp;<\/p>\n","protected":false},"excerpt":{"rendered":"<p>El XLV Abierto Internacional de Ajedrez Ciudad de Sevilla, una de las m\u00e1s prestigiosas y la competici\u00f3n de mayor antig\u00fcedad a nivel nacional, se disputar\u00e1 desde el viernes 10 hasta el 18 de enero en el Palacio de Congresos y Exposiciones de Sevilla, FIBES. El torneo fue presentado ayer en el Ayuntamiento de Sevilla con la presencia del alcalde Juan Espadas, Isabel S\u00e1nchez, directora general de Planificaci\u00f3n, Instalaciones y Eventos Deportivos de la Consejer\u00eda de Educaci\u00f3n y Deporte, y Pilar Rodr\u00edguez Reina, vicerrectora de Relaciones Institucionales de la Universidad Pablo de Olavide, colaboradora en este evento deportivo que se celebra en Sevilla desde 1974.<\/p>\n","protected":false},"author":6,"featured_media":30859266,"comment_status":"closed","ping_status":"open","sticky":false,"template":"","format":"standard","meta":{"_monsterinsights_skip_tracking":false,"_monsterinsights_sitenote_active":false,"_monsterinsights_sitenote_note":"","_monsterinsights_sitenote_category":0,"footnotes":""},"categories":[5842],"tags":[1914,621,1310,2741,1794,161],"class_list":["post-30859264","post","type-post","status-publish","format-standard","has-post-thumbnail","hentry","category-comunidad","tag-ajedrez","tag-ayuntamiento-de-sevilla","tag-competicion","tag-juan-espadas","tag-pilar-rodriguez-reina","tag-sevilla"],"_links":{"self":[{"href":"https:\/\/www.upo.es\/diario\/wp-json\/wp\/v2\/posts\/30859264","targetHints":{"allow":["GET"]}}],"collection":[{"href":"https:\/\/www.upo.es\/diario\/wp-json\/wp\/v2\/posts"}],"about":[{"href":"https:\/\/www.upo.es\/diario\/wp-json\/wp\/v2\/types\/post"}],"author":[{"embeddable":true,"href":"https:\/\/www.upo.es\/diario\/wp-json\/wp\/v2\/users\/6"}],"replies":[{"embeddable":true,"href":"https:\/\/www.upo.es\/diario\/wp-json\/wp\/v2\/comments?post=30859264"}],"version-history":[{"count":3,"href":"https:\/\/www.upo.es\/diario\/wp-json\/wp\/v2\/posts\/30859264\/revisions"}],"predecessor-version":[{"id":30859269,"href":"https:\/\/www.upo.es\/diario\/wp-json\/wp\/v2\/posts\/30859264\/revisions\/30859269"}],"wp:featuredmedia":[{"embeddable":true,"href":"https:\/\/www.upo.es\/diario\/wp-json\/wp\/v2\/media\/30859266"}],"wp:attachment":[{"href":"https:\/\/www.upo.es\/diario\/wp-json\/wp\/v2\/media?parent=30859264"}],"wp:term":[{"taxonomy":"category","embeddable":true,"href":"https:\/\/www.upo.es\/diario\/wp-json\/wp\/v2\/categories?post=30859264"},{"taxonomy":"post_tag","embeddable":true,"href":"https:\/\/www.upo.es\/diario\/wp-json\/wp\/v2\/tags?post=30859264"}],"curies":[{"name":"wp","href":"https:\/\/api.w.org\/{rel}","templated":true}]}}