{"id":30859270,"date":"2020-01-10T11:22:11","date_gmt":"2020-01-10T10:22:11","guid":{"rendered":"https:\/\/www.upo.es\/diario\/?p=30859270"},"modified":"2020-01-10T11:22:11","modified_gmt":"2020-01-10T10:22:11","slug":"comunicado-sobre-la-unidad-del-ministerio-de-ciencia-innovacion-y-universidades","status":"publish","type":"post","link":"https:\/\/www.upo.es\/diario\/institucional\/2020\/01\/comunicado-sobre-la-unidad-del-ministerio-de-ciencia-innovacion-y-universidades\/","title":{"rendered":"Comunicado sobre la Unidad del Ministerio de Ciencia, Innovaci\u00f3n y Universidades"},"content":{"rendered":"<p><img loading=\"lazy\" decoding=\"async\" class=\"alignright size-medium wp-image-30387984\" src=\"https:\/\/www.upo.es\/diario\/wp-content\/uploads\/2019\/02\/Logo-Crue-Universidades-Espa\u00f1olas-1-320x256.jpg\" alt=\"\" width=\"320\" height=\"256\" srcset=\"https:\/\/www.upo.es\/diario\/wp-content\/uploads\/2019\/02\/Logo-Crue-Universidades-Espa\u00f1olas-1-320x256.jpg 320w, https:\/\/www.upo.es\/diario\/wp-content\/uploads\/2019\/02\/Logo-Crue-Universidades-Espa\u00f1olas-1-600x480.jpg 600w, https:\/\/www.upo.es\/diario\/wp-content\/uploads\/2019\/02\/Logo-Crue-Universidades-Espa\u00f1olas-1.jpg 1000w\" sizes=\"auto, (max-width: 320px) 100vw, 320px\" \/>Ante las insistentes informaciones de que en la composici\u00f3n del pr\u00f3ximo Gobierno el actual Ministerio de Ciencia, Innovaci\u00f3n y Universidades perder\u00eda parte de sus competencias en favor de un nuevo Ministerio de Universidades, queremos expresar nuestra profunda preocupaci\u00f3n por las consecuencias que acarrear\u00e1 tal decisi\u00f3n.<\/p>\n<p>Cualquier partici\u00f3n del Ministerio actual ser\u00e1 una mala noticia para nuestro pa\u00eds porque implicar\u00e1 alejar el conocimiento de la centralidad pol\u00edtica que se est\u00e1 imponiendo en Europa (Consejo de la Uni\u00f3n y Comisi\u00f3n). Es imprescindible que la gesti\u00f3n del llamado \u201ctri\u00e1ngulo del conocimiento\u201d (investigaci\u00f3n-innovaci\u00f3n-educaci\u00f3n), quede reforzado en el nuevo Gobierno en un \u00fanico Ministerio. En este sentido, la estructura del Comisariado europeo, con una Comisaria competente en todos esos \u00e1mbitos, marca la tendencia a seguir a los pa\u00edses miembros de la Uni\u00f3n que, en su inmensa mayor\u00eda, mantienen tal unidad en un \u00fanico Ministerio.<\/p>\n<p>Este Ministerio, de la mano de su titular, debe tener el <strong>mayor peso pol\u00edtico posible<\/strong>, y reunir <strong>todas las competencias y recursos necesarios<\/strong> para gestionar el sistema de ciencia en su globalidad, incluida la investigaci\u00f3n que se realiza en las universidades. Lo cual es condici\u00f3n necesaria para que sus propuestas tengan la atenci\u00f3n y viabilidad que la ciencia requiere, teniendo en cuenta que las pol\u00edticas cient\u00edficas son competencia de todo el Consejo de Ministros, a iniciativa del ministro de turno. Esto debe de ser as\u00ed sea cual sea la decisi\u00f3n sobre el n\u00famero de nuevos ministerios que se puedan crear.<\/p>\n<p>Fatalmente, cualquier fragmentaci\u00f3n de competencias implica fragmentaci\u00f3n de recursos. A este respecto, hay voces autorizadas en Europa que alertan del error que puede suponer enfrentar investigaci\u00f3n y universidades a la hora de la negociaci\u00f3n presupuestaria, lo que podr\u00eda suponer d\u00e9cadas de estancamiento para la investigaci\u00f3n, las universidades, o ambos.<\/p>\n<p>La competitividad de la ciencia de nuestro pa\u00eds solo podr\u00e1 recuperar su l\u00ednea ascendente (tan maltrecha actualmente) si puede articular e impulsar la inmensa mayor\u00eda del conocimiento que este pa\u00eds ha demostrado ser capaz de generar. Que deber\u00e1 incluir, por supuesto, la Universidad, ya que educaci\u00f3n superior, investigaci\u00f3n e innovaci\u00f3n son indivisibles.<\/p>\n<p><strong>Confederaci\u00f3n de Sociedades Cient\u00edficas de Espa\u00f1a (COSCE) <\/strong><\/p>\n<p><strong>Federaci\u00f3n de Asociaciones Cient\u00edfico M\u00e9dicas Espa\u00f1olas (FACME) <\/strong><\/p>\n<p><strong>Crue Universidades Espa\u00f1olas <\/strong><\/p>\n<p><strong>Alianza de Centros Severo Ochoa y Unidades Mar\u00eda de Maeztu (SOMMa)\u00a0<\/strong><\/p>\n","protected":false},"excerpt":{"rendered":"<p>Ante las insistentes informaciones de que en la composici\u00f3n del pr\u00f3ximo Gobierno el actual Ministerio de Ciencia, Innovaci\u00f3n y Universidades perder\u00eda parte de sus competencias en favor de un nuevo Ministerio de Universidades, queremos expresar nuestra profunda preocupaci\u00f3n por las consecuencias que acarrear\u00e1 tal decisi\u00f3n.<\/p>\n","protected":false},"author":6,"featured_media":30387984,"comment_status":"closed","ping_status":"open","sticky":false,"template":"","format":"standard","meta":{"_monsterinsights_skip_tracking":false,"_monsterinsights_sitenote_active":false,"_monsterinsights_sitenote_note":"","_monsterinsights_sitenote_category":0,"footnotes":""},"categories":[6],"tags":[5833,37,4124,4609,56,39],"class_list":["post-30859270","post","type-post","status-publish","format-standard","has-post-thumbnail","hentry","category-institucional","tag-ciencia","tag-comunicado","tag-crue-universidades-espanolas","tag-gobierno-de-espana","tag-investigacion","tag-universidades"],"_links":{"self":[{"href":"https:\/\/www.upo.es\/diario\/wp-json\/wp\/v2\/posts\/30859270","targetHints":{"allow":["GET"]}}],"collection":[{"href":"https:\/\/www.upo.es\/diario\/wp-json\/wp\/v2\/posts"}],"about":[{"href":"https:\/\/www.upo.es\/diario\/wp-json\/wp\/v2\/types\/post"}],"author":[{"embeddable":true,"href":"https:\/\/www.upo.es\/diario\/wp-json\/wp\/v2\/users\/6"}],"replies":[{"embeddable":true,"href":"https:\/\/www.upo.es\/diario\/wp-json\/wp\/v2\/comments?post=30859270"}],"version-history":[{"count":1,"href":"https:\/\/www.upo.es\/diario\/wp-json\/wp\/v2\/posts\/30859270\/revisions"}],"predecessor-version":[{"id":30859271,"href":"https:\/\/www.upo.es\/diario\/wp-json\/wp\/v2\/posts\/30859270\/revisions\/30859271"}],"wp:featuredmedia":[{"embeddable":true,"href":"https:\/\/www.upo.es\/diario\/wp-json\/wp\/v2\/media\/30387984"}],"wp:attachment":[{"href":"https:\/\/www.upo.es\/diario\/wp-json\/wp\/v2\/media?parent=30859270"}],"wp:term":[{"taxonomy":"category","embeddable":true,"href":"https:\/\/www.upo.es\/diario\/wp-json\/wp\/v2\/categories?post=30859270"},{"taxonomy":"post_tag","embeddable":true,"href":"https:\/\/www.upo.es\/diario\/wp-json\/wp\/v2\/tags?post=30859270"}],"curies":[{"name":"wp","href":"https:\/\/api.w.org\/{rel}","templated":true}]}}