{"id":30859272,"date":"2020-01-10T14:45:34","date_gmt":"2020-01-10T13:45:34","guid":{"rendered":"https:\/\/www.upo.es\/diario\/?p=30859272"},"modified":"2020-01-24T10:23:22","modified_gmt":"2020-01-24T09:23:22","slug":"estudiantes-de-la-upo-recogen-los-premios-ciudad-de-sevilla-a-los-mejores-expedientes-academicos-2017-2018","status":"publish","type":"post","link":"https:\/\/www.upo.es\/diario\/institucional\/2020\/01\/estudiantes-de-la-upo-recogen-los-premios-ciudad-de-sevilla-a-los-mejores-expedientes-academicos-2017-2018\/","title":{"rendered":"Estudiantes de la UPO recogen los &#8216;Premios Ciudad de Sevilla&#8217; a los mejores expedientes acad\u00e9micos 2017\/2018"},"content":{"rendered":"<p><a href=\"https:\/\/www.upo.es\/diario\/wp-content\/uploads\/2020\/01\/Premios_aytosevilla_mejores_expedientes.jpg\"><img loading=\"lazy\" decoding=\"async\" class=\"aligncenter size-large wp-image-30859275\" src=\"https:\/\/www.upo.es\/diario\/wp-content\/uploads\/2020\/01\/Premios_aytosevilla_mejores_expedientes-750x500.jpg\" alt=\"\" width=\"750\" height=\"500\" srcset=\"https:\/\/www.upo.es\/diario\/wp-content\/uploads\/2020\/01\/Premios_aytosevilla_mejores_expedientes-750x500.jpg 750w, https:\/\/www.upo.es\/diario\/wp-content\/uploads\/2020\/01\/Premios_aytosevilla_mejores_expedientes-360x240.jpg 360w, https:\/\/www.upo.es\/diario\/wp-content\/uploads\/2020\/01\/Premios_aytosevilla_mejores_expedientes-768x512.jpg 768w, https:\/\/www.upo.es\/diario\/wp-content\/uploads\/2020\/01\/Premios_aytosevilla_mejores_expedientes-600x400.jpg 600w, https:\/\/www.upo.es\/diario\/wp-content\/uploads\/2020\/01\/Premios_aytosevilla_mejores_expedientes-165x109.jpg 165w, https:\/\/www.upo.es\/diario\/wp-content\/uploads\/2020\/01\/Premios_aytosevilla_mejores_expedientes-1320x879.jpg 1320w\" sizes=\"auto, (max-width: 750px) 100vw, 750px\" \/><\/a><\/p>\n<p>El alcalde de Sevilla, <strong>Juan Espadas<\/strong>, acompa\u00f1ado por el rector de la Universidad Pablo de Olavide, <strong>Vicente Guzm\u00e1n<\/strong>, y por el rector de la Universidad de Sevilla, <strong>Miguel \u00c1ngel Castro<\/strong>, ha hecho entrega hoy viernes en el Sal\u00f3n Col\u00f3n del Ayuntamiento de Sevilla de los <strong>\u2018Premios Ciudad de Sevilla\u2019 a los mejores expedientes acad\u00e9micos<\/strong> de las Facultades y Escuelas de las dos universidades p\u00fablicas sevillanas del curso acad\u00e9mico 2017\/2018.<\/p>\n<p>&nbsp;<\/p>\n<p><strong>RELACI\u00d3N DE PREMIADOS DE LA UNIVERSIDAD PABLO DE OLAVIDE<\/strong><strong>\u00a0<\/strong><\/p>\n<p>PREMIOS A LOS MEJORES EXPEDIENTES ACAD\u00c9MICOS CURSO 2017\/2018<\/p>\n<p><strong>Facultad de Ciencias Empresariales:<\/strong><\/p>\n<p>Miguel Rom\u00e1n Romero, graduado en Administraci\u00f3n y Direcci\u00f3n de Empresas.<\/p>\n<p><strong>Facultad de Ciencias del Deporte:<\/strong><\/p>\n<p>Alba Mar\u00eda Herrera Olivares, graduada en Ciencias de la Actividad F\u00edsica y del Deporte.<\/p>\n<p><strong>Facultad de Ciencias Experimentales:<\/strong><\/p>\n<p>Olaya Garc\u00eda Ruiz, graduada en Ciencias Ambientales.<\/p>\n<p><strong>Facultad de Derecho:<\/strong><\/p>\n<p>Francisco Miguel de Pina Cort\u00e9s, graduado en la doble titulaci\u00f3n en Derecho y en Administraci\u00f3n y Direcci\u00f3n de Empresas.<\/p>\n<p><strong>Facultad de Ciencias Sociales:<\/strong><\/p>\n<p>Sof\u00eda \u00c1lvarez Garc\u00eda, graduada en la doble titulaci\u00f3n en Sociolog\u00eda y en Trabajo Social.<\/p>\n<p><strong>Facultad de Humanidades:<\/strong><\/p>\n<p>Adri\u00e1n Granados Navarro, graduado en Traducci\u00f3n Interpretaci\u00f3n. Ingl\u00e9s.<\/p>\n<p><strong>Escuela Polit\u00e9cnica Superior:<\/strong><\/p>\n<p>Manuel Ridao Pineda, graduado en Ingenier\u00eda Inform\u00e1tica en Sistemas de Informaci\u00f3n.<\/p>\n<p><a href=\"https:\/\/www.upo.es\/diario\/wp-content\/uploads\/2020\/01\/Premios_aytosevilla_mejores_expedientesUPO.jpg\"><img loading=\"lazy\" decoding=\"async\" class=\"aligncenter size-large wp-image-30859273\" src=\"https:\/\/www.upo.es\/diario\/wp-content\/uploads\/2020\/01\/Premios_aytosevilla_mejores_expedientesUPO-750x499.jpg\" alt=\"\" width=\"750\" height=\"499\" srcset=\"https:\/\/www.upo.es\/diario\/wp-content\/uploads\/2020\/01\/Premios_aytosevilla_mejores_expedientesUPO-750x499.jpg 750w, https:\/\/www.upo.es\/diario\/wp-content\/uploads\/2020\/01\/Premios_aytosevilla_mejores_expedientesUPO-360x239.jpg 360w, https:\/\/www.upo.es\/diario\/wp-content\/uploads\/2020\/01\/Premios_aytosevilla_mejores_expedientesUPO-768x511.jpg 768w, https:\/\/www.upo.es\/diario\/wp-content\/uploads\/2020\/01\/Premios_aytosevilla_mejores_expedientesUPO-600x399.jpg 600w, https:\/\/www.upo.es\/diario\/wp-content\/uploads\/2020\/01\/Premios_aytosevilla_mejores_expedientesUPO-165x109.jpg 165w, https:\/\/www.upo.es\/diario\/wp-content\/uploads\/2020\/01\/Premios_aytosevilla_mejores_expedientesUPO-1320x878.jpg 1320w\" sizes=\"auto, (max-width: 750px) 100vw, 750px\" \/><\/a><\/p>\n","protected":false},"excerpt":{"rendered":"<p>El alcalde de Sevilla, Juan Espadas, acompa\u00f1ado por el rector de la Universidad Pablo de Olavide, Vicente Guzm\u00e1n, y por el rector de la Universidad de Sevilla, Miguel \u00c1ngel Castro, ha hecho entrega hoy viernes en el Sal\u00f3n Col\u00f3n del Ayuntamiento de Sevilla de los \u2018Premios Ciudad de Sevilla\u2019 a los mejores expedientes acad\u00e9micos de las Facultades y Escuelas de las dos universidades p\u00fablicas sevillanas del curso acad\u00e9mico 2017\/2018.<\/p>\n","protected":false},"author":4,"featured_media":30859273,"comment_status":"closed","ping_status":"open","sticky":false,"template":"","format":"standard","meta":{"_monsterinsights_skip_tracking":false,"_monsterinsights_sitenote_active":false,"_monsterinsights_sitenote_note":"","_monsterinsights_sitenote_category":0,"footnotes":""},"categories":[6],"tags":[621,21,2741,6473,6472,38,161,39],"class_list":["post-30859272","post","type-post","status-publish","format-standard","has-post-thumbnail","hentry","category-institucional","tag-ayuntamiento-de-sevilla","tag-estudiantes","tag-juan-espadas","tag-mejores-expedientes","tag-premios-ciudad-de-sevilla","tag-rector","tag-sevilla","tag-universidades"],"_links":{"self":[{"href":"https:\/\/www.upo.es\/diario\/wp-json\/wp\/v2\/posts\/30859272","targetHints":{"allow":["GET"]}}],"collection":[{"href":"https:\/\/www.upo.es\/diario\/wp-json\/wp\/v2\/posts"}],"about":[{"href":"https:\/\/www.upo.es\/diario\/wp-json\/wp\/v2\/types\/post"}],"author":[{"embeddable":true,"href":"https:\/\/www.upo.es\/diario\/wp-json\/wp\/v2\/users\/4"}],"replies":[{"embeddable":true,"href":"https:\/\/www.upo.es\/diario\/wp-json\/wp\/v2\/comments?post=30859272"}],"version-history":[{"count":5,"href":"https:\/\/www.upo.es\/diario\/wp-json\/wp\/v2\/posts\/30859272\/revisions"}],"predecessor-version":[{"id":30859279,"href":"https:\/\/www.upo.es\/diario\/wp-json\/wp\/v2\/posts\/30859272\/revisions\/30859279"}],"wp:featuredmedia":[{"embeddable":true,"href":"https:\/\/www.upo.es\/diario\/wp-json\/wp\/v2\/media\/30859273"}],"wp:attachment":[{"href":"https:\/\/www.upo.es\/diario\/wp-json\/wp\/v2\/media?parent=30859272"}],"wp:term":[{"taxonomy":"category","embeddable":true,"href":"https:\/\/www.upo.es\/diario\/wp-json\/wp\/v2\/categories?post=30859272"},{"taxonomy":"post_tag","embeddable":true,"href":"https:\/\/www.upo.es\/diario\/wp-json\/wp\/v2\/tags?post=30859272"}],"curies":[{"name":"wp","href":"https:\/\/api.w.org\/{rel}","templated":true}]}}