{"id":30859285,"date":"2010-01-15T07:53:33","date_gmt":"2010-01-15T06:53:33","guid":{"rendered":"https:\/\/www.upo.es\/diario\/?p=30859285"},"modified":"2020-01-16T09:27:55","modified_gmt":"2020-01-16T08:27:55","slug":"mundo-sostenible-de-radiolavide-entrevista-manana-a-miguel-delibes-de-castro","status":"publish","type":"post","link":"https:\/\/www.upo.es\/diario\/video\/2010\/01\/mundo-sostenible-de-radiolavide-entrevista-manana-a-miguel-delibes-de-castro\/","title":{"rendered":"&#8216;Mundo Sostenible&#8217; de RadiOlavide entrevista a Miguel Delibes de Castro"},"content":{"rendered":"<p>El programa <strong>\u2018Mundo Sostenible\u2019 de RadiOlavide entrevista al bi\u00f3logo, naturalista y profesor cient\u00edfico Miguel Delibes de Castro<\/strong>, que trata cuestiones como la sostenibilidad, la biodiversidad, la conservaci\u00f3n del lince ib\u00e9rico o la educaci\u00f3n medioambiental de las nuevas generaciones, entre otros temas.<\/p>\n<p><strong>Miguel Delibes de Castro<\/strong> (Valladolid, 1948) fue director de la Estaci\u00f3n Biol\u00f3gica de Do\u00f1ana de 1988 a 1996 y asesor de la delegaci\u00f3n espa\u00f1ola en la Cumbre de R\u00edo de 1992. Profesor de investigaci\u00f3n del Consejo Superior de Investigaciones Cient\u00edficas (CSIC), es <strong>considerado uno de los grandes referentes en la conservaci\u00f3n de la biodiversidad y del lince ib\u00e9rico<\/strong>. Su trayectoria ha sido galardonada en diferentes ocasiones con reconocimientos a nivel nacional e internacional. Es autor de m\u00e1s de un centenar de art\u00edculos cient\u00edficos y diversas obras, como \u2018La tierra herida, \u00bfqu\u00e9 mundo heredar\u00e1n nuestros hijos?\u2019, que escribi\u00f3 junto a su padre, o la m\u00e1s reciente \u2018Cuadernos del carril bici. Pedaladas de un viejo naturalista en Sevilla y m\u00e1s all\u00e1\u2019, sobre la que hablar\u00e1 ma\u00f1ana en RadiOlavide. La transmisi\u00f3n del programa se podr\u00e1 escuchar a trav\u00e9s de la web radiolavide.org<\/p>\n<p>&gt; <a href=\"https:\/\/radiolavide.org\/programa\/mundo-sostenible\">RadiOlavide &#8211; &#8216;Mundo Sostenible&#8217;<\/a><\/p>\n","protected":false},"excerpt":{"rendered":"<p>El programa \u2018Mundo Sostenible\u2019 de RadiOlavide entrevista al bi\u00f3logo, naturalista y profesor cient\u00edfico Miguel Delibes de Castro, que abordar\u00e1 cuestiones como la sostenibilidad, la biodiversidad, la conservaci\u00f3n del lince ib\u00e9rico o la educaci\u00f3n medioambiental de las nuevas generaciones, entre otros temas.  <\/p>\n","protected":false},"author":6,"featured_media":30859286,"comment_status":"closed","ping_status":"open","sticky":false,"template":"","format":"video","meta":{"_monsterinsights_skip_tracking":false,"_monsterinsights_sitenote_active":false,"_monsterinsights_sitenote_note":"","_monsterinsights_sitenote_category":0,"footnotes":""},"categories":[6038],"tags":[246,194,465,429,984,6441,3784,832],"class_list":["post-30859285","post","type-post","status-publish","format-video","has-post-thumbnail","hentry","category-video","tag-biologia","tag-ecologia","tag-educacion","tag-medio-ambiente","tag-medios-de-comunicacion","tag-mundo-sostenible","tag-radiolavide","tag-sostenibilidad","post_format-post-format-video"],"_links":{"self":[{"href":"https:\/\/www.upo.es\/diario\/wp-json\/wp\/v2\/posts\/30859285","targetHints":{"allow":["GET"]}}],"collection":[{"href":"https:\/\/www.upo.es\/diario\/wp-json\/wp\/v2\/posts"}],"about":[{"href":"https:\/\/www.upo.es\/diario\/wp-json\/wp\/v2\/types\/post"}],"author":[{"embeddable":true,"href":"https:\/\/www.upo.es\/diario\/wp-json\/wp\/v2\/users\/6"}],"replies":[{"embeddable":true,"href":"https:\/\/www.upo.es\/diario\/wp-json\/wp\/v2\/comments?post=30859285"}],"version-history":[{"count":4,"href":"https:\/\/www.upo.es\/diario\/wp-json\/wp\/v2\/posts\/30859285\/revisions"}],"predecessor-version":[{"id":30859290,"href":"https:\/\/www.upo.es\/diario\/wp-json\/wp\/v2\/posts\/30859285\/revisions\/30859290"}],"wp:featuredmedia":[{"embeddable":true,"href":"https:\/\/www.upo.es\/diario\/wp-json\/wp\/v2\/media\/30859286"}],"wp:attachment":[{"href":"https:\/\/www.upo.es\/diario\/wp-json\/wp\/v2\/media?parent=30859285"}],"wp:term":[{"taxonomy":"category","embeddable":true,"href":"https:\/\/www.upo.es\/diario\/wp-json\/wp\/v2\/categories?post=30859285"},{"taxonomy":"post_tag","embeddable":true,"href":"https:\/\/www.upo.es\/diario\/wp-json\/wp\/v2\/tags?post=30859285"}],"curies":[{"name":"wp","href":"https:\/\/api.w.org\/{rel}","templated":true}]}}