{"id":30859295,"date":"2020-01-20T05:18:23","date_gmt":"2020-01-20T04:18:23","guid":{"rendered":"https:\/\/www.upo.es\/diario\/?p=30859295"},"modified":"2020-01-24T10:23:11","modified_gmt":"2020-01-24T09:23:11","slug":"el-acto-en-conmemoracion-del-dia-de-la-universidad-pablo-de-olavide-se-celebra-la-proxima-semana","status":"publish","type":"post","link":"https:\/\/www.upo.es\/diario\/comunidad\/2020\/01\/el-acto-en-conmemoracion-del-dia-de-la-universidad-pablo-de-olavide-se-celebra-la-proxima-semana\/","title":{"rendered":"El acto en conmemoraci\u00f3n del D\u00eda de la Universidad Pablo de Olavide se celebra esta semana"},"content":{"rendered":"<p><a href=\"https:\/\/www.upo.es\/diario\/wp-content\/uploads\/2020\/01\/PablodeOlavide_retrato.png\"><img loading=\"lazy\" decoding=\"async\" class=\"alignright size-full wp-image-30859296\" src=\"https:\/\/www.upo.es\/diario\/wp-content\/uploads\/2020\/01\/PablodeOlavide_retrato.png\" alt=\"Pablo de Olavide, retrato\" width=\"283\" height=\"418\" srcset=\"https:\/\/www.upo.es\/diario\/wp-content\/uploads\/2020\/01\/PablodeOlavide_retrato.png 283w, https:\/\/www.upo.es\/diario\/wp-content\/uploads\/2020\/01\/PablodeOlavide_retrato-244x360.png 244w\" sizes=\"auto, (max-width: 283px) 100vw, 283px\" \/><\/a>Esta semana se celebrar\u00e1 por primera vez el acto en conmemoraci\u00f3n del <strong>D\u00eda de la Universidad Pablo de Olavide<\/strong>, fecha fijada por el Consejo de Gobierno para el 25 de enero pero que este a\u00f1o se adelanta al viernes 24, por coincidir el 25 con jornada no lectiva.<\/p>\n<p>La fecha ha sido elegida por ser el d\u00eda del nacimiento del pensador, escritor, jurista, pol\u00edtico y poeta que da nombre a la instituci\u00f3n y que naci\u00f3 en Lima en 1725.<\/p>\n<p>As\u00ed, <strong>el viernes 24 de enero, a las 12.00 horas en el Paraninfo de la Universidad Pablo de Olavide<\/strong>, el rector Vicente Guzm\u00e1n Fluja presidir\u00e1 un acto solemne en el que se realizar\u00e1 la entrega de los <strong>Premios a la Excelencia Docente, el Premio al Rendimiento Acad\u00e9mico del Curso 2017-2018, los Premios a los Mejores Expedientes Acad\u00e9micos del Curso 2017-2018, los Premios Extraordinarios de Doctorado, Premios a la Excelencia Docente y Certificados AUDIT<\/strong>.<\/p>\n<p>Diversos miembros del personal de la Universidad tambi\u00e9n ser\u00e1n reconocidos con honores y distinciones, otorg\u00e1ndoles la Universidad las <strong>Insignias de Plata <\/strong>y las<strong> Insignias de Oro<\/strong>.<\/p>\n<p>La aprobaci\u00f3n del D\u00eda de la Universidad Pablo de Olavide, celebrada el pasado mes de noviembre en la 26\u00aa sesi\u00f3n del Consejo de Gobierno, se ha realizado conforme dicta el art\u00edculo 42 del Reglamento de Honores, Distinciones y Protocolo, publicado en el Bolet\u00edn Oficial de la Universidad el pasado mes de octubre.<\/p>\n","protected":false},"excerpt":{"rendered":"<p>Esta semana se celebrar\u00e1 por primera vez el acto en conmemoraci\u00f3n del D\u00eda de la Universidad Pablo de Olavide, fecha fijada por el Consejo de Gobierno para el 25 de enero pero que en esta ocasi\u00f3n se adelanta al viernes 24, por coincidir el 25 con jornada no lectiva.<\/p>\n","protected":false},"author":6,"featured_media":30859300,"comment_status":"closed","ping_status":"open","sticky":false,"template":"","format":"standard","meta":{"_monsterinsights_skip_tracking":false,"_monsterinsights_sitenote_active":false,"_monsterinsights_sitenote_note":"","_monsterinsights_sitenote_category":0,"footnotes":""},"categories":[5842],"tags":[6490,1973,21,682,1030,199],"class_list":["post-30859295","post","type-post","status-publish","format-standard","has-post-thumbnail","hentry","category-comunidad","tag-dia-de-la-universidad-pablo-de-olavide","tag-docencia","tag-estudiantes","tag-pas","tag-premios","tag-profesorado"],"_links":{"self":[{"href":"https:\/\/www.upo.es\/diario\/wp-json\/wp\/v2\/posts\/30859295","targetHints":{"allow":["GET"]}}],"collection":[{"href":"https:\/\/www.upo.es\/diario\/wp-json\/wp\/v2\/posts"}],"about":[{"href":"https:\/\/www.upo.es\/diario\/wp-json\/wp\/v2\/types\/post"}],"author":[{"embeddable":true,"href":"https:\/\/www.upo.es\/diario\/wp-json\/wp\/v2\/users\/6"}],"replies":[{"embeddable":true,"href":"https:\/\/www.upo.es\/diario\/wp-json\/wp\/v2\/comments?post=30859295"}],"version-history":[{"count":6,"href":"https:\/\/www.upo.es\/diario\/wp-json\/wp\/v2\/posts\/30859295\/revisions"}],"predecessor-version":[{"id":30859311,"href":"https:\/\/www.upo.es\/diario\/wp-json\/wp\/v2\/posts\/30859295\/revisions\/30859311"}],"wp:featuredmedia":[{"embeddable":true,"href":"https:\/\/www.upo.es\/diario\/wp-json\/wp\/v2\/media\/30859300"}],"wp:attachment":[{"href":"https:\/\/www.upo.es\/diario\/wp-json\/wp\/v2\/media?parent=30859295"}],"wp:term":[{"taxonomy":"category","embeddable":true,"href":"https:\/\/www.upo.es\/diario\/wp-json\/wp\/v2\/categories?post=30859295"},{"taxonomy":"post_tag","embeddable":true,"href":"https:\/\/www.upo.es\/diario\/wp-json\/wp\/v2\/tags?post=30859295"}],"curies":[{"name":"wp","href":"https:\/\/api.w.org\/{rel}","templated":true}]}}