{"id":30859312,"date":"2020-01-20T12:58:30","date_gmt":"2020-01-20T11:58:30","guid":{"rendered":"https:\/\/www.upo.es\/diario\/?p=30859312"},"modified":"2020-01-28T14:26:47","modified_gmt":"2020-01-28T13:26:47","slug":"la-upo-y-el-ayuntamiento-de-sevilla-se-unen-para-dar-a-conocer-los-objetivos-de-desarrollo-sostenible","status":"publish","type":"post","link":"https:\/\/www.upo.es\/diario\/cultura-social\/2020\/01\/la-upo-y-el-ayuntamiento-de-sevilla-se-unen-para-dar-a-conocer-los-objetivos-de-desarrollo-sostenible\/","title":{"rendered":"La UPO y el Ayuntamiento de Sevilla se unen para dar a conocer los &#8216;Objetivos de Desarrollo Sostenible&#8217;"},"content":{"rendered":"<figure id=\"attachment_30859313\" aria-describedby=\"caption-attachment-30859313\" style=\"width: 750px\" class=\"wp-caption aligncenter\"><a href=\"https:\/\/www.upo.es\/diario\/wp-content\/uploads\/2020\/01\/Campa\u00f1a-ODS_20200120_1.jpg\"><img loading=\"lazy\" decoding=\"async\" class=\"size-large wp-image-30859313\" src=\"https:\/\/www.upo.es\/diario\/wp-content\/uploads\/2020\/01\/Campa\u00f1a-ODS_20200120_1-750x500.jpg\" alt=\"\" width=\"750\" height=\"500\" srcset=\"https:\/\/www.upo.es\/diario\/wp-content\/uploads\/2020\/01\/Campa\u00f1a-ODS_20200120_1-750x500.jpg 750w, https:\/\/www.upo.es\/diario\/wp-content\/uploads\/2020\/01\/Campa\u00f1a-ODS_20200120_1-360x240.jpg 360w, https:\/\/www.upo.es\/diario\/wp-content\/uploads\/2020\/01\/Campa\u00f1a-ODS_20200120_1-768x512.jpg 768w, https:\/\/www.upo.es\/diario\/wp-content\/uploads\/2020\/01\/Campa\u00f1a-ODS_20200120_1-600x400.jpg 600w, https:\/\/www.upo.es\/diario\/wp-content\/uploads\/2020\/01\/Campa\u00f1a-ODS_20200120_1-165x109.jpg 165w, https:\/\/www.upo.es\/diario\/wp-content\/uploads\/2020\/01\/Campa\u00f1a-ODS_20200120_1-1320x880.jpg 1320w\" sizes=\"auto, (max-width: 750px) 100vw, 750px\" \/><\/a><figcaption id=\"caption-attachment-30859313\" class=\"wp-caption-text\">La vicerrectora de Internacionalizaci\u00f3n de la UPO, Isabel Victoria Lucena Cid, junto al delegado de Cooperaci\u00f3n al Desarrollo del Ayuntamiento de Sevilla, Juan Antonio Barrionuevo Fern\u00e1ndez.<\/figcaption><\/figure>\n<p>La Universidad Pablo de Olavide ha acogido en la ma\u00f1ana de hoy lunes la presentaci\u00f3n de la campa\u00f1a de difusi\u00f3n de los <strong>\u2018Objetivos de Desarrollo Sostenible\u2019 (ODS) <\/strong>de la Asamblea General de Naciones Unidas, en un acto que ha estado presidido por la vicerrectora de Internacionalizaci\u00f3n de la UPO, Isabel Victoria Lucena Cid, y el delegado de Cooperaci\u00f3n al Desarrollo del Ayuntamiento de Sevilla, Juan Antonio Barrionuevo Fern\u00e1ndez.<\/p>\n<p>La Universidad Pablo de Olavide y el Ayuntamiento de Sevilla se unen de esta manera para dar visibilidad a estos objetivos aprobados por la ONU, cuyo lema es \u2018Transformar nuestro mundo: la Agenda 2030 para el Desarrollo Sostenible\u2019, y que contemplan erradicar la pobreza, proteger el planeta y asegurar la prosperidad para todos. Este plan plantea 17 objetivos con 169 metas de car\u00e1cter integrado e indivisible que abarcan las esferas econ\u00f3mica, social y ambiental.<\/p>\n<p>Con el objetivo de cumplir con estos compromisos, la UPO ha recibido del ayuntamiento hispalense una serie de material, que distribuir\u00e1 en las distintas instalaciones del campus, para acercar los ODS y concienciar a la comunidad universitaria.<\/p>\n<p>Esta l\u00ednea de actuaci\u00f3n, af\u00edn entre ambas instituciones, consolida la colaboraci\u00f3n del Ayuntamiento de Sevilla y la UPO, una sinergia que ya se hizo patente en la elaboraci\u00f3n del Plan Estrat\u00e9gico Sevilla 2030, cuyos objetivos se cruzan con los ODS y que contribuyen a la consecuci\u00f3n de \u00e9stos \u00faltimos a trav\u00e9s de una agenda propia.<\/p>\n<p>Por otro lado, desde la aprobaci\u00f3n de los Objetivos de Desarrollo Sostenible por parte de Naciones Unidas en septiembre de 2015, la Universidad Pablo de Olavide, de la mano de CRUE Universidades Espa\u00f1olas, ha asumido un rol activo en cuanto al cumplimiento de la Agenda 2030 y ha incorporado los principios y valores del Desarrollo Sostenible a su Plan Estrat\u00e9gico, sus pol\u00edticas y actividades.<\/p>\n","protected":false},"excerpt":{"rendered":"<p>La Universidad Pablo de Olavide ha acogido en la ma\u00f1ana de hoy lunes la presentaci\u00f3n de la campa\u00f1a de difusi\u00f3n de los \u2018Objetivos de Desarrollo Sostenible\u2019 (ODS) de la Asamblea General de Naciones Unidas, en un acto que ha estado presidido por la vicerrectora de Internacionalizaci\u00f3n de la UPO, Isabel Victoria Lucena Cid, y el delegado de Cooperaci\u00f3n al Desarrollo del Ayuntamiento de Sevilla, Juan Antonio Barrionuevo Fern\u00e1ndez.<\/p>\n","protected":false},"author":2,"featured_media":30859313,"comment_status":"closed","ping_status":"open","sticky":false,"template":"","format":"standard","meta":{"_monsterinsights_skip_tracking":false,"_monsterinsights_sitenote_active":false,"_monsterinsights_sitenote_note":"","_monsterinsights_sitenote_category":0,"footnotes":""},"categories":[5843],"tags":[4140,621,6426,6494,6493,591,6492,4141,5048,590,550,6495,1033],"class_list":["post-30859312","post","type-post","status-publish","format-standard","has-post-thumbnail","hentry","category-cultura-social","tag-agenda-2030","tag-ayuntamiento-de-sevilla","tag-concienciacion","tag-cuidado-del-planeta","tag-metas","tag-naciones-unidas","tag-objetivos","tag-objetivos-de-desarrollo-sostenible","tag-ods","tag-onu","tag-plan-estrategico","tag-plan-estrategico-sevilla-2030","tag-sensibilizacion"],"_links":{"self":[{"href":"https:\/\/www.upo.es\/diario\/wp-json\/wp\/v2\/posts\/30859312","targetHints":{"allow":["GET"]}}],"collection":[{"href":"https:\/\/www.upo.es\/diario\/wp-json\/wp\/v2\/posts"}],"about":[{"href":"https:\/\/www.upo.es\/diario\/wp-json\/wp\/v2\/types\/post"}],"author":[{"embeddable":true,"href":"https:\/\/www.upo.es\/diario\/wp-json\/wp\/v2\/users\/2"}],"replies":[{"embeddable":true,"href":"https:\/\/www.upo.es\/diario\/wp-json\/wp\/v2\/comments?post=30859312"}],"version-history":[{"count":1,"href":"https:\/\/www.upo.es\/diario\/wp-json\/wp\/v2\/posts\/30859312\/revisions"}],"predecessor-version":[{"id":30859314,"href":"https:\/\/www.upo.es\/diario\/wp-json\/wp\/v2\/posts\/30859312\/revisions\/30859314"}],"wp:featuredmedia":[{"embeddable":true,"href":"https:\/\/www.upo.es\/diario\/wp-json\/wp\/v2\/media\/30859313"}],"wp:attachment":[{"href":"https:\/\/www.upo.es\/diario\/wp-json\/wp\/v2\/media?parent=30859312"}],"wp:term":[{"taxonomy":"category","embeddable":true,"href":"https:\/\/www.upo.es\/diario\/wp-json\/wp\/v2\/categories?post=30859312"},{"taxonomy":"post_tag","embeddable":true,"href":"https:\/\/www.upo.es\/diario\/wp-json\/wp\/v2\/tags?post=30859312"}],"curies":[{"name":"wp","href":"https:\/\/api.w.org\/{rel}","templated":true}]}}