{"id":30859343,"date":"2020-01-24T15:00:36","date_gmt":"2020-01-24T14:00:36","guid":{"rendered":"https:\/\/www.upo.es\/diario\/?p=30859343"},"modified":"2020-01-24T15:00:36","modified_gmt":"2020-01-24T14:00:36","slug":"la-proteina-reelina-revierte-los-principales-procesos-patologicos-asociados-al-alzheimer-y-a-otras-taupatias","status":"publish","type":"post","link":"https:\/\/www.upo.es\/diario\/ciencia\/2020\/01\/la-proteina-reelina-revierte-los-principales-procesos-patologicos-asociados-al-alzheimer-y-a-otras-taupatias\/","title":{"rendered":"La prote\u00edna reelina revierte los principales procesos patol\u00f3gicos asociados al alzh\u00e9imer y a otras taupat\u00edas"},"content":{"rendered":"<figure id=\"attachment_30859345\" aria-describedby=\"caption-attachment-30859345\" style=\"width: 360px\" class=\"wp-caption alignright\"><a href=\"https:\/\/www.upo.es\/diario\/wp-content\/uploads\/2020\/01\/neuron1UB.jpg\"><img loading=\"lazy\" decoding=\"async\" class=\"wp-image-30859345 size-medium\" src=\"https:\/\/www.upo.es\/diario\/wp-content\/uploads\/2020\/01\/neuron1UB-360x290.jpg\" alt=\"\" width=\"360\" height=\"290\" srcset=\"https:\/\/www.upo.es\/diario\/wp-content\/uploads\/2020\/01\/neuron1UB-360x290.jpg 360w, https:\/\/www.upo.es\/diario\/wp-content\/uploads\/2020\/01\/neuron1UB.jpg 566w\" sizes=\"auto, (max-width: 360px) 100vw, 360px\" \/><\/a><figcaption id=\"caption-attachment-30859345\" class=\"wp-caption-text\">Imagen de un cultivo primario neuronal con detecci\u00f3n del marcador de dendritas MAP2 (rojo) y del marcador de axones Neurofilament (verde). Fuente: Universidad de Barcelona<\/figcaption><\/figure>\n<p>Potenciar la ruta de se\u00f1alizaci\u00f3n de la reelina \u2013una prote\u00edna extracelular esencial en la migraci\u00f3n neuronal y la plasticidad sin\u00e1ptica- podr\u00eda ser una estrategia terap\u00e9utica efectiva para contrarrestar las principales alteraciones cognitivas, bioqu\u00edmicas y comportamentales que se manifiestan en el alzh\u00e9imer y en otras patolog\u00edas relacionadas con la prote\u00edna tau, tal como revela un nuevo estudio con modelos animales publicado en la revista <a href=\"https:\/\/www.sciencedirect.com\/science\/article\/pii\/S0301008219303612#!\"><em>Progress in Neurobiology<\/em>.<\/a><\/p>\n<p>El nuevo trabajo investigador confirma el rol decisivo de la reelina en la modulaci\u00f3n de los procesos patol\u00f3gicos asociados al alzh\u00e9imer y a otras taupat\u00edas \u2013acumulaci\u00f3n de placas de amiloide, distribuci\u00f3n aberrante de tau fosforilada, d\u00e9ficits sin\u00e1pticos o p\u00e9rdidas de memoria- y abre nuevas perspectivas para el dise\u00f1o de futuras dianas terap\u00e9uticas y f\u00e1rmacos en la lucha contra estas patolog\u00edas.<\/p>\n<p>Este nuevo art\u00edculo tiene como primera autora a la investigadora <strong>Daniela Rossi<\/strong> y est\u00e1 dirigido por los expertos <strong>Eduardo Soriano<\/strong> y <strong>Llu\u00eds Pujadas<\/strong>, todos miembros de la Facultad de Biolog\u00eda y el Instituto de Neurociencias (UBNeuro) de la Universidad de Barcelona, el Centro de Investigaci\u00f3n Biom\u00e9dica en Red sobre Enfermedades Neurodegenerativas (CIBERNED) y el Vall d&#8217;Hebron Instituto de Investigaci\u00f3n (VHIR).<\/p>\n<p>En el trabajo tambi\u00e9n participan los expertos <strong>Agn\u00e8s Gruart, Jos\u00e9 M. Delgado<\/strong> y <strong>Gerardo Contreras-Murillos<\/strong> (Universidad Pablo de Olavide), <strong>Jes\u00fas \u00c1vila<\/strong>, (Centro de Biolog\u00eda Molecular Severo Ochoa, CBM) y <strong>Ashraf Muhaisen<\/strong> (UB-UBNeuro-CIBERNED-VHIR). Esta nueva investigaci\u00f3n en neurociencias ha contado con la ayuda del programa de Retos-Investigaci\u00f3n (Biomedicina) del Ministerio de Econom\u00eda y Competitividad (MINECO) y de la Marat\u00f3 de TV3.<\/p>\n<p><strong>Reelina, una prote\u00edna esencial para la plasticidad de la corteza cerebral<\/strong><\/p>\n<p>El alzh\u00e9imer es una patolog\u00eda neurodegenerativa caracterizada por la p\u00e9rdida de conexiones entre neuronas y por la muerte neuronal. Se asocia principalmente a la formaci\u00f3n de placas seniles (formadas por p\u00e9ptido \u03b2-amiloide, o A\u03b2) y la presencia de ovillos neurofibrilares (dep\u00f3sitos insolubles de prote\u00edna tau).<\/p>\n<p>En el cerebro adulto, la p\u00e9rdida de reelina se ha asociado con un aumento en la fosforilaci\u00f3n de la prote\u00edna tau \u2013un factor asociado a los microt\u00fabulos que se expresa principalmente en neuronas- \u00a0que se acaba depositando en forma de los ovillos neurofibrilares caracter\u00edsticos del alzh\u00e9imer. As\u00ed pues, los diferentes estadios de fosforilaci\u00f3n y defosforilaci\u00f3n de la prote\u00edna tau representan un factor determinante de la estabilidad del citoesqueleto celular y, en consecuencia, de la estabilidad sin\u00e1ptica y dendr\u00edtica. Eventualmente, la hiperfosforilaci\u00f3n y la acumulaci\u00f3n de tau provoca la muerte neuronal.<\/p>\n<p>En este contexto, la funci\u00f3n de la prote\u00edna reelina para promover la plasticidad sin\u00e1ptica y reducir la fosforilaci\u00f3n de tau se ha considerado un posible mecanismo para atenuar las consecuencias del proceso neurodegenerativo y proteger el cerebro del da\u00f1o neuronal.<\/p>\n<p><strong>Nuevos efectos beneficiosos de la reelina en modelos animales de taupat\u00edas <\/strong><\/p>\n<p>En trabajos anteriores, los expertos hab\u00edan constatado la alteraci\u00f3n de la prote\u00edna reelina en la demencia de Alzheimer y su papel en las v\u00edas de se\u00f1alizaci\u00f3n intracelular relacionadas con la supervivencia neuronal y en la fisiolog\u00eda del cerebro adulto. As\u00ed, hab\u00edan descrito el papel activo de la reelina en la recuperaci\u00f3n de las capacidades cognitivas y en la reducci\u00f3n de fibras del p\u00e9ptido A\u03b2 <em>in vitro<\/em> y de dep\u00f3sitos amiloides en el cerebro en modelos animales de alzh\u00e9imer (Pujadas et al. <a href=\"https:\/\/www.nature.com\/articles\/ncomms4443\"><em>Nature Communications<\/em><\/a>, 2014)<\/p>\n<p>El estudio publicado ahora en la revista <em>Progress in Neurobiology<\/em> describe nuevos datos moleculares sobre la ruta de se\u00f1alizaci\u00f3n de la reelina y revela c\u00f3mo esta prote\u00edna es capaz de revertir las principales afectaciones patol\u00f3gicas del alzh\u00e9imer a diferentes niveles en modelos animales afectados por taupat\u00edas. En concreto, los resultados revelan que la sobreexpresi\u00f3n de reelina es capaz de modular los niveles de fosforilaci\u00f3n de la prote\u00edna tau en modelos <em>in vivo<\/em>.<\/p>\n<p>En paralelo, los estudios <em>in vitro<\/em> confirman la capacidad de la reelina para modular la distribuci\u00f3n an\u00f3mala de neurofilamentos y de prote\u00edna tau en las dendritas, que se manifiesta en las primeras fases de estas neuropatolog\u00edas. Finalmente, en el \u00e1mbito cognitivo y fisiol\u00f3gico, la sobreexpresi\u00f3n de reelina tambi\u00e9n revel\u00f3 una mejora de los d\u00e9ficits que afectaban a un modelo animal de taupat\u00eda.<\/p>\n<p><strong>\u00a0<\/strong><strong>Referencia del art\u00edculo:<\/strong><\/p>\n<p>Rossi, D.; Gruart, A.; Contreras-Murillo, G; Muhaisen, A.; \u00c0vila, J.; Delgado-Garc\u00eda, J.; Pujadas, L.; Soriano, E. \u00abReelin reverts biochemical, physiological and cognitive alterations in mouse models of Tauopathy\u00bb. <em>Progress in Neurobiology<\/em>, diciembre de 2019. Doi: https:\/\/doi.org\/10.1016\/j.pneurobio.2019.101743<\/p>\n<p><strong>Fuente: Universidad de Barcelona\u00a0 \u00a0 \u00a0 \u00a0\u00a0<\/strong><\/p>\n","protected":false},"excerpt":{"rendered":"<p>Potenciar la ruta de se\u00f1alizaci\u00f3n de la reelina \u2013una prote\u00edna extracelular esencial en la migraci\u00f3n neuronal y la plasticidad sin\u00e1ptica- podr\u00eda ser una estrategia terap\u00e9utica efectiva para contrarrestar las principales alteraciones cognitivas, bioqu\u00edmicas y comportamentales que se manifiestan en el alzh\u00e9imer y en otras patolog\u00edas relacionadas con la prote\u00edna tau, tal como revela un nuevo estudio con modelos animales publicado en la revista Progress in Neurobiology.<\/p>\n","protected":false},"author":15,"featured_media":30859345,"comment_status":"closed","ping_status":"open","sticky":false,"template":"","format":"standard","meta":{"_monsterinsights_skip_tracking":false,"_monsterinsights_sitenote_active":false,"_monsterinsights_sitenote_note":"","_monsterinsights_sitenote_category":0,"footnotes":""},"categories":[3],"tags":[272,4402,6507,592,6506,6503,6504,6505,6502,5799],"class_list":["post-30859343","post","type-post","status-publish","format-standard","has-post-thumbnail","hentry","category-ciencia","tag-alzheimer","tag-enfermedades-neurodegenerativas","tag-gerardo-contreras-murillos","tag-jose-maria-delgado","tag-procesos-patologicos","tag-proteina","tag-reelina","tag-revertir","tag-taupatias","tag-universidad-de-barcelona"],"_links":{"self":[{"href":"https:\/\/www.upo.es\/diario\/wp-json\/wp\/v2\/posts\/30859343","targetHints":{"allow":["GET"]}}],"collection":[{"href":"https:\/\/www.upo.es\/diario\/wp-json\/wp\/v2\/posts"}],"about":[{"href":"https:\/\/www.upo.es\/diario\/wp-json\/wp\/v2\/types\/post"}],"author":[{"embeddable":true,"href":"https:\/\/www.upo.es\/diario\/wp-json\/wp\/v2\/users\/15"}],"replies":[{"embeddable":true,"href":"https:\/\/www.upo.es\/diario\/wp-json\/wp\/v2\/comments?post=30859343"}],"version-history":[{"count":3,"href":"https:\/\/www.upo.es\/diario\/wp-json\/wp\/v2\/posts\/30859343\/revisions"}],"predecessor-version":[{"id":30859348,"href":"https:\/\/www.upo.es\/diario\/wp-json\/wp\/v2\/posts\/30859343\/revisions\/30859348"}],"wp:featuredmedia":[{"embeddable":true,"href":"https:\/\/www.upo.es\/diario\/wp-json\/wp\/v2\/media\/30859345"}],"wp:attachment":[{"href":"https:\/\/www.upo.es\/diario\/wp-json\/wp\/v2\/media?parent=30859343"}],"wp:term":[{"taxonomy":"category","embeddable":true,"href":"https:\/\/www.upo.es\/diario\/wp-json\/wp\/v2\/categories?post=30859343"},{"taxonomy":"post_tag","embeddable":true,"href":"https:\/\/www.upo.es\/diario\/wp-json\/wp\/v2\/tags?post=30859343"}],"curies":[{"name":"wp","href":"https:\/\/api.w.org\/{rel}","templated":true}]}}