{"id":30859365,"date":"2020-01-30T00:39:59","date_gmt":"2020-01-29T23:39:59","guid":{"rendered":"https:\/\/www.upo.es\/diario\/?p=30859365"},"modified":"2020-01-31T15:06:40","modified_gmt":"2020-01-31T14:06:40","slug":"continua-el-ciclo-upomusic-con-la-musica-electronica-de-i-am-dive","status":"publish","type":"post","link":"https:\/\/www.upo.es\/diario\/cultura\/2020\/01\/continua-el-ciclo-upomusic-con-la-musica-electronica-de-i-am-dive\/","title":{"rendered":"Contin\u00faa el Ciclo #UPOMusic con la m\u00fasica electr\u00f3nica de I Am Dive"},"content":{"rendered":"<figure id=\"attachment_30859366\" aria-describedby=\"caption-attachment-30859366\" style=\"width: 750px\" class=\"wp-caption aligncenter\"><a href=\"https:\/\/www.upo.es\/diario\/wp-content\/uploads\/2020\/01\/IAmDive.jpg\"><img loading=\"lazy\" decoding=\"async\" class=\"size-large wp-image-30859366\" src=\"https:\/\/www.upo.es\/diario\/wp-content\/uploads\/2020\/01\/IAmDive-750x422.jpg\" alt=\"\" width=\"750\" height=\"422\" srcset=\"https:\/\/www.upo.es\/diario\/wp-content\/uploads\/2020\/01\/IAmDive-750x422.jpg 750w, https:\/\/www.upo.es\/diario\/wp-content\/uploads\/2020\/01\/IAmDive-360x203.jpg 360w, https:\/\/www.upo.es\/diario\/wp-content\/uploads\/2020\/01\/IAmDive-768x432.jpg 768w, https:\/\/www.upo.es\/diario\/wp-content\/uploads\/2020\/01\/IAmDive-600x338.jpg 600w, https:\/\/www.upo.es\/diario\/wp-content\/uploads\/2020\/01\/IAmDive-1320x743.jpg 1320w\" sizes=\"auto, (max-width: 750px) 100vw, 750px\" \/><\/a><figcaption id=\"caption-attachment-30859366\" class=\"wp-caption-text\">I Am Dive<\/figcaption><\/figure>\n<p>La m\u00fasica electr\u00f3nica de la banda I Am Dive ser\u00e1 la protagonista del tercer concierto de la programaci\u00f3n del <strong>Ciclo #UPOMusic. <\/strong>La cita ser\u00e1 hoy <u>jueves 30 de enero, a las 20:00 horas en el espacio cultural de la UPO \u2018El Entramado\u2019. <\/u>\u00a0La entrada es gratuita y libre hasta completar el aforo.<\/p>\n<p><strong>I Am Dive<\/strong> es el proyecto de Esteban Ruiz y Jos\u00e9 A. P\u00e9rez, grupo sevillano que se ha convertido en una de las realidades m\u00e1s importantes de la escena de la m\u00fasica electr\u00f3nica espa\u00f1ola. Desde sus comienzos a finales de 2010, el grupo ha hecho m\u00e1s de doscientos cincuenta conciertos, tanto en salas como festivales, de Estados Unidos, Ucrania, China, Jap\u00f3n y Corea, Canad\u00e1, Islandia, Inglaterra, Francia y Espa\u00f1a.<\/p>\n<p>El <strong>Ciclo #UPOMusic<\/strong> es un nuevo programa cultural de la Universidad Pablo de Olavide puesto en marcha por el Vicerrectorado de Cultura y Compromiso Social de la Universidad Pablo de Olavide, a trav\u00e9s del Servicio de Extensi\u00f3n Cultural, y Rocknrolla Producciones, que ofrece a lo largo del curso acad\u00e9mico 2019-2020 una serie de siete micro-conciertos de una gran variedad de estilos musicales. Supone la continuidad y el afianzamiento de una programaci\u00f3n cultural que insiste en sus objetivos de promover y visibilizar el campus a trav\u00e9s de la acci\u00f3n cultural, siempre generadora de espacios de participaci\u00f3n y diversi\u00f3n.<\/p>\n<p>Adem\u00e1s de la m\u00fasica electr\u00f3nica de <strong>I Am Dive,<\/strong> los asistentes podr\u00e1n disfrutar del reggae de <strong>Cool up Records<\/strong>, el pop experimental de <strong>Kindata<\/strong>, el rap descarado de <strong>Space Surimi<\/strong> y, como broche final, el hard rock de la banda internacional <strong>Dead Man&#8217;s Whiskey<\/strong>. Los anteriores conciertos tuvieron como protagonistas el jazz-funk de <strong>One Pack &amp; Fellows <\/strong>y el folk americano de <strong>Riverboy.<\/strong><\/p>\n<p>Los conciertos de #UPOMusic, de entrada gratuita y libre hasta completar el aforo, se desarrollar\u00e1n en el espacio cultural de la UPO \u2018El Entramado\u2019 (Edificio 42), situado a la entrada del campus, consolidado como espacio estable de la programaci\u00f3n cultural de la Universidad Pablo de Olavide.<\/p>\n<p>Adem\u00e1s de acoger el trabajo diario de las agrupaciones que conforman el Programa Artes y Formaci\u00f3n de este Vicerrectorado (Aula de Artes Esc\u00e9nicas, Coro de la UPO, Pe\u00f1a Universitaria \u2018Sentir Flamenco\u2019 y la colaboraci\u00f3n con el Coro South Gospel de Sevilla, la Compa\u00f1\u00eda Teatral TransCrea y la Asociaci\u00f3n Musical Lxs Clandestinxs), el espacio ofrece sus salas para la programaci\u00f3n de Cultura M\u00ednima y de las diversas actividades de acci\u00f3n socio\/cultural y formativo que conforman el proyecto Atalaya de la UPO \u2018Arte y Compromiso. Experiencias para el Cambio Social\u2019, generando aportaciones variadas y atractivas a la Agenda Cultural de la Universidad Pablo de Olavide. Con #UPOMusic, adem\u00e1s, el espacio se abre a nuevos usos y nuevos p\u00fablicos, consolid\u00e1ndose como contenedor de la acci\u00f3n cultural universitaria.<\/p>\n<p><strong>M\u00e1s informaci\u00f3n:<\/strong><\/p>\n<p><a href=\"https:\/\/www.upo.es\/upsc\/extension_cultural\/agenda\/\">Ciclo #UPOMusic<\/a><\/p>\n","protected":false},"excerpt":{"rendered":"<p>La m\u00fasica electr\u00f3nica de la banda I Am Dive ser\u00e1 la protagonista del tercer concierto de la programaci\u00f3n del Ciclo #UPOMusic. La cita ser\u00e1 hoy jueves 30 de enero, a las 20:00 horas en el espacio cultural de la UPO \u2018El Entramado\u2019.  La entrada es gratuita y libre hasta completar el aforo.<\/p>\n","protected":false},"author":2,"featured_media":30859366,"comment_status":"closed","ping_status":"open","sticky":false,"template":"","format":"standard","meta":{"_monsterinsights_skip_tracking":false,"_monsterinsights_sitenote_active":false,"_monsterinsights_sitenote_note":"","_monsterinsights_sitenote_category":0,"footnotes":""},"categories":[7],"tags":[6398,6400,6401,3649,6514,402,6513,3746,2667],"class_list":["post-30859365","post","type-post","status-publish","format-standard","has-post-thumbnail","hentry","category-cultura","tag-upomusic","tag-ciclo-upomusic","tag-entramado","tag-espacio-cultural-el-entramado","tag-i-am-dive","tag-musica","tag-musica-electronica","tag-servicio-de-extension-cultural","tag-vicerrectorado-de-cultura-y-compromiso-social"],"_links":{"self":[{"href":"https:\/\/www.upo.es\/diario\/wp-json\/wp\/v2\/posts\/30859365","targetHints":{"allow":["GET"]}}],"collection":[{"href":"https:\/\/www.upo.es\/diario\/wp-json\/wp\/v2\/posts"}],"about":[{"href":"https:\/\/www.upo.es\/diario\/wp-json\/wp\/v2\/types\/post"}],"author":[{"embeddable":true,"href":"https:\/\/www.upo.es\/diario\/wp-json\/wp\/v2\/users\/2"}],"replies":[{"embeddable":true,"href":"https:\/\/www.upo.es\/diario\/wp-json\/wp\/v2\/comments?post=30859365"}],"version-history":[{"count":2,"href":"https:\/\/www.upo.es\/diario\/wp-json\/wp\/v2\/posts\/30859365\/revisions"}],"predecessor-version":[{"id":30859379,"href":"https:\/\/www.upo.es\/diario\/wp-json\/wp\/v2\/posts\/30859365\/revisions\/30859379"}],"wp:featuredmedia":[{"embeddable":true,"href":"https:\/\/www.upo.es\/diario\/wp-json\/wp\/v2\/media\/30859366"}],"wp:attachment":[{"href":"https:\/\/www.upo.es\/diario\/wp-json\/wp\/v2\/media?parent=30859365"}],"wp:term":[{"taxonomy":"category","embeddable":true,"href":"https:\/\/www.upo.es\/diario\/wp-json\/wp\/v2\/categories?post=30859365"},{"taxonomy":"post_tag","embeddable":true,"href":"https:\/\/www.upo.es\/diario\/wp-json\/wp\/v2\/tags?post=30859365"}],"curies":[{"name":"wp","href":"https:\/\/api.w.org\/{rel}","templated":true}]}}