{"id":30859422,"date":"2020-01-31T16:09:56","date_gmt":"2020-01-31T15:09:56","guid":{"rendered":"https:\/\/www.upo.es\/diario\/?p=30859422"},"modified":"2020-02-04T10:40:47","modified_gmt":"2020-02-04T09:40:47","slug":"investigadores-de-la-upo-presentan-un-estudio-sobre-deterioro-cognitivo-y-calidad-de-vida-en-personas-mayores","status":"publish","type":"post","link":"https:\/\/www.upo.es\/diario\/ciencia\/2020\/01\/investigadores-de-la-upo-presentan-un-estudio-sobre-deterioro-cognitivo-y-calidad-de-vida-en-personas-mayores\/","title":{"rendered":"Investigadores de la UPO presentan un estudio sobre deterioro cognitivo y calidad de vida en personas mayores"},"content":{"rendered":"<p><a href=\"https:\/\/www.upo.es\/diario\/wp-content\/uploads\/2020\/01\/catedra-economia-social.jpg\"><img loading=\"lazy\" decoding=\"async\" class=\"aligncenter wp-image-30859424 size-large\" src=\"https:\/\/www.upo.es\/diario\/wp-content\/uploads\/2020\/01\/catedra-economia-social-750x355.jpg\" alt=\"\" width=\"750\" height=\"355\" srcset=\"https:\/\/www.upo.es\/diario\/wp-content\/uploads\/2020\/01\/catedra-economia-social-750x355.jpg 750w, https:\/\/www.upo.es\/diario\/wp-content\/uploads\/2020\/01\/catedra-economia-social-360x170.jpg 360w, https:\/\/www.upo.es\/diario\/wp-content\/uploads\/2020\/01\/catedra-economia-social-768x363.jpg 768w, https:\/\/www.upo.es\/diario\/wp-content\/uploads\/2020\/01\/catedra-economia-social-600x284.jpg 600w, https:\/\/www.upo.es\/diario\/wp-content\/uploads\/2020\/01\/catedra-economia-social-1320x625.jpg 1320w, https:\/\/www.upo.es\/diario\/wp-content\/uploads\/2020\/01\/catedra-economia-social.jpg 1488w\" sizes=\"auto, (max-width: 750px) 100vw, 750px\" \/><\/a>El equipo de investigaci\u00f3n de la Universidad Pablo de Olavide dirigido por el catedr\u00e1tico de Antropolog\u00eda Social, Psicolog\u00eda B\u00e1sica y Salud P\u00fablica <strong>Jos\u00e9 Antonio S\u00e1nchez Medina<\/strong>, y en el que participan como investigadores <strong>David Alarc\u00f3n, Cristina Fern\u00e1ndez <\/strong>y<strong> Josu\u00e9 Garc\u00eda,<\/strong> ha presentado esta ma\u00f1ana en la Sede Universitaria Olavide en Sevilla-Centro los resultados del <strong>estudio \u2018Envejecimiento Activo y toma de decisiones en la vida cotidiana. Construir calidad de vida para los mayores\u2019<\/strong>. Al acto han asistido Jaime Bret\u00f3n Besnier, comisionado para el Pol\u00edgono Sur, y Juan Manuel Flores, concejal de Bienestar Social y Empleo del Ayuntamiento de Sevilla.<\/p>\n<p>En la investigaci\u00f3n, que presenta datos sobre la relaci\u00f3n entre deterioro cognitivo y calidad de vida de las personas mayores, se han encontrado estrechas relaciones entre la p\u00e9rdida de habilidades ejecutivas y la calidad de vida de este grupo de poblaci\u00f3n. Especialmente relevantes son los datos que muestran una relaci\u00f3n entre las habilidades ejecutivas\u00a0calientes\u00a0<em>(hot executive funtions<\/em>) y la calidad de vida. \u201cEstas habilidades est\u00e1n estrechamente relacionadas con la toma de decisiones en la vida cotidiana, en las que la gesti\u00f3n emocional juega un papel muy relevante\u201d, explica Jos\u00e9 Antonio S\u00e1nchez Medina, quien subraya que se trata de un estudio pionero a la hora de analizar los v\u00ednculos del deterioro cognitivo con la funci\u00f3n ejecutiva caliente, es decir, la funci\u00f3n con carga emocional.<\/p>\n<p>El estudio forma parte del desarrollo del <strong>proyecto de Envejecimiento Activo y Saludable en el Pol\u00edgono Sur<\/strong> auspiciado por la Consejer\u00eda de Igualdad, Pol\u00edticas Sociales y Conciliaci\u00f3n de la Junta de Andaluc\u00eda y ha sido financiado por CLAROS, SCA. y El Roble, SCA., contando con la colaboraci\u00f3n de la ONG Solidarios a trav\u00e9s de un contrato de investigaci\u00f3n de dos a\u00f1os de duraci\u00f3n.<\/p>\n<p>&nbsp;<\/p>\n","protected":false},"excerpt":{"rendered":"<p>El equipo de investigaci\u00f3n de la Universidad Pablo de Olavide dirigido por el catedr\u00e1tico de Antropolog\u00eda Social, Psicolog\u00eda B\u00e1sica y Salud P\u00fablica Jos\u00e9 Antonio S\u00e1nchez Medina, y en el que participan como investigadores David Alarc\u00f3n, Cristina Fern\u00e1ndez y Josu\u00e9 Garc\u00eda, ha presentado esta ma\u00f1ana en la Sede Universitaria Olavide en Sevilla-Centro los resultados del estudio \u2018Envejecimiento Activo y toma de decisiones en la vida cotidiana. Construir calidad de vida para los mayores\u2019. Al acto han asistido Jaime Bret\u00f3n Besnier, comisionado para el Pol\u00edgono Sur, y Juan Manuel Flores, concejal de Bienestar Social y Empleo del Ayuntamiento de Sevilla.<\/p>\n","protected":false},"author":15,"featured_media":30859424,"comment_status":"closed","ping_status":"open","sticky":false,"template":"","format":"standard","meta":{"_monsterinsights_skip_tracking":false,"_monsterinsights_sitenote_active":false,"_monsterinsights_sitenote_note":"","_monsterinsights_sitenote_category":0,"footnotes":""},"categories":[3],"tags":[3473,5942,1127,2859,859,6517,5858,357,334,161],"class_list":["post-30859422","post","type-post","status-publish","format-standard","has-post-thumbnail","hentry","category-ciencia","tag-ayuntamiento","tag-calidad-de-vida","tag-deterioro-cognitivo","tag-envejecimiento-activo","tag-estudio","tag-gestion-emocional","tag-jose-antonio-sanchez-medina","tag-poligono-sur","tag-presentacion","tag-sevilla"],"_links":{"self":[{"href":"https:\/\/www.upo.es\/diario\/wp-json\/wp\/v2\/posts\/30859422","targetHints":{"allow":["GET"]}}],"collection":[{"href":"https:\/\/www.upo.es\/diario\/wp-json\/wp\/v2\/posts"}],"about":[{"href":"https:\/\/www.upo.es\/diario\/wp-json\/wp\/v2\/types\/post"}],"author":[{"embeddable":true,"href":"https:\/\/www.upo.es\/diario\/wp-json\/wp\/v2\/users\/15"}],"replies":[{"embeddable":true,"href":"https:\/\/www.upo.es\/diario\/wp-json\/wp\/v2\/comments?post=30859422"}],"version-history":[{"count":4,"href":"https:\/\/www.upo.es\/diario\/wp-json\/wp\/v2\/posts\/30859422\/revisions"}],"predecessor-version":[{"id":30859432,"href":"https:\/\/www.upo.es\/diario\/wp-json\/wp\/v2\/posts\/30859422\/revisions\/30859432"}],"wp:featuredmedia":[{"embeddable":true,"href":"https:\/\/www.upo.es\/diario\/wp-json\/wp\/v2\/media\/30859424"}],"wp:attachment":[{"href":"https:\/\/www.upo.es\/diario\/wp-json\/wp\/v2\/media?parent=30859422"}],"wp:term":[{"taxonomy":"category","embeddable":true,"href":"https:\/\/www.upo.es\/diario\/wp-json\/wp\/v2\/categories?post=30859422"},{"taxonomy":"post_tag","embeddable":true,"href":"https:\/\/www.upo.es\/diario\/wp-json\/wp\/v2\/tags?post=30859422"}],"curies":[{"name":"wp","href":"https:\/\/api.w.org\/{rel}","templated":true}]}}