{"id":30859458,"date":"2020-02-04T15:29:03","date_gmt":"2020-02-04T14:29:03","guid":{"rendered":"https:\/\/www.upo.es\/diario\/?p=30859458"},"modified":"2020-02-04T15:30:36","modified_gmt":"2020-02-04T14:30:36","slug":"rocio-reinoso-directora-gerente-de-la-agencia-efe-nueva-presidenta-del-consejo-social-de-la-upo","status":"publish","type":"post","link":"https:\/\/www.upo.es\/diario\/institucional\/2020\/02\/rocio-reinoso-directora-gerente-de-la-agencia-efe-nueva-presidenta-del-consejo-social-de-la-upo\/","title":{"rendered":"Roc\u00edo Reinoso, directora gerente de la Agencia EFE, nueva presidenta del Consejo Social de la UPO"},"content":{"rendered":"<figure id=\"attachment_30859459\" aria-describedby=\"caption-attachment-30859459\" style=\"width: 360px\" class=\"wp-caption alignright\"><a href=\"https:\/\/www.upo.es\/diario\/wp-content\/uploads\/2020\/02\/RocioReinosa-VicenteGuzman.jpg\"><img loading=\"lazy\" decoding=\"async\" class=\"wp-image-30859459 size-medium\" src=\"https:\/\/www.upo.es\/diario\/wp-content\/uploads\/2020\/02\/RocioReinosa-VicenteGuzman-360x240.jpg\" alt=\"\" width=\"360\" height=\"240\" srcset=\"https:\/\/www.upo.es\/diario\/wp-content\/uploads\/2020\/02\/RocioReinosa-VicenteGuzman-360x240.jpg 360w, https:\/\/www.upo.es\/diario\/wp-content\/uploads\/2020\/02\/RocioReinosa-VicenteGuzman-768x512.jpg 768w, https:\/\/www.upo.es\/diario\/wp-content\/uploads\/2020\/02\/RocioReinosa-VicenteGuzman-750x500.jpg 750w, https:\/\/www.upo.es\/diario\/wp-content\/uploads\/2020\/02\/RocioReinosa-VicenteGuzman-600x400.jpg 600w, https:\/\/www.upo.es\/diario\/wp-content\/uploads\/2020\/02\/RocioReinosa-VicenteGuzman-165x109.jpg 165w, https:\/\/www.upo.es\/diario\/wp-content\/uploads\/2020\/02\/RocioReinosa-VicenteGuzman-1320x880.jpg 1320w\" sizes=\"auto, (max-width: 360px) 100vw, 360px\" \/><\/a><figcaption id=\"caption-attachment-30859459\" class=\"wp-caption-text\">Roc\u00edo Reinoso junto al rector Vicente Guzm\u00e1n en la entrega de los Premios ROMA, donde recibi\u00f3 el galard\u00f3n en la categor\u00eda &#8216;Mujer Alta Direcci\u00f3n Empresarial&#8217;<\/figcaption><\/figure>\n<p>El Consejo de Gobierno de la Junta de Andaluc\u00eda, a propuesta del consejero de Econom\u00eda, Conocimiento, Empresas y Universidad, Rogelio Velasco, ha aprobado el nombramiento de Roc\u00edo Reinoso Cuevas como presidenta del Consejo Social de la Universidad Pablo de Olavide. Roc\u00edo Reinoso releva a Amparo Rubiales Torrej\u00f3n, que ha ostentado este cargo desde el a\u00f1o 2013.<\/p>\n<p>\u201cEl nombramiento para este puesto de especial relevancia para la comunidad universitaria me ha embargado de una gran alegr\u00eda y a la vez de una gran responsabilidad\u201d ha expresado Roc\u00edo Reinoso, quien se ha sentido agradecida con la Universidad y con el Gobierno andaluz.\u00a0 \u201cHe visto cumplido con creces uno de mis sue\u00f1os desde que obtuve mi licenciatura en la UPO, que no era otro que volver a mi Universidad y poder devolver lo que tanto me dio. Estoy emocionada por poder colaborar, aportar mis conocimientos y, sobre todo, por esta oportunidad de trabajar al servicio de una universidad con tantos profesionales\u201d.<\/p>\n<p>La actual gerente de la Agencia EFE asume el nuevo cargo con gran responsabilidad \u201cporque supone un reto personal y tambi\u00e9n profesional en esta \u00e9poca en la que se est\u00e1n produciendo tantos cambios y a tanta velocidad en todos los \u00e1mbitos: sociales, empresariales, tecnol\u00f3gicos y cient\u00edficos y que la universidad debe liderar\u201d, ha explicado.<\/p>\n<p>Roc\u00edo Reinoso subraya que \u201cfortalecer las relaciones empresa-universidad as\u00ed como conectar a toda la sociedad con la universidad\u00bb es su objetivo como presidenta del Consejo Social y destaca que para ello \u201cla comunicaci\u00f3n juega un papel fundamental, abriendo nuevas v\u00edas y manteniendo las ya existentes para que la universidad se convierta en el laboratorio de ideas, en el <em>think tank<\/em> de la sociedad\u201d.<\/p>\n<p>Roc\u00edo Reinoso Cuevas (Sevilla, 1974) es licenciada en Administraci\u00f3n y Direcci\u00f3n de Empresas por la Universidad Pablo de Olavide de Sevilla, donde fue Premio Extraordinario al Mejor Expediente Acad\u00e9mico. Gran parte de su trayectoria profesional ha estado ligada a la Administraci\u00f3n P\u00fablica de la Junta de Andaluc\u00eda, donde se incorpor\u00f3 en el a\u00f1o 2005. Desde esa fecha hasta 2018 ha desempe\u00f1ado diversos cargos en las consejer\u00edas de Empleo y de Salud y en la Intervenci\u00f3n General de la Junta.<\/p>\n<p>En el periodo 2006-2012 fue nombrada jefa del Gabinete de Cuentas Econ\u00f3micas de la Intervenci\u00f3n y jefa del Servicio de An\u00e1lisis y Rendici\u00f3n de Cuentas de la Intervenci\u00f3n general. Entre 2012 y 2014 realiz\u00f3 funciones como interventora delegada adjunta en la Consejer\u00eda de Agricultura, Pesca y Medio Ambiente y, entre 2014 y 2018, ejerci\u00f3 la Jefatura del Servicio de Gesti\u00f3n Econ\u00f3mica y Presupuestaria de la Consejer\u00eda de Medio Ambiente y Ordenaci\u00f3n del Territorio. Posteriormente, estuvo al frente del Departamento de Gesti\u00f3n Econ\u00f3mica y Presupuestos en la C\u00e1mara de Cuentas en Andaluc\u00eda. Actualmente es directora gerente de la Agencia EFE.<\/p>\n<p>&nbsp;<\/p>\n","protected":false},"excerpt":{"rendered":"<p>El Consejo de Gobierno de la Junta de Andaluc\u00eda, a propuesta del consejero de Econom\u00eda, Conocimiento, Empresas y Universidad, Rogelio Velasco, ha aprobado el nombramiento de Roc\u00edo Reinoso Cuevas como presidenta del Consejo Social de la Universidad Pablo de Olavide. Roc\u00edo Reinoso releva a Amparo Rubiales Torrej\u00f3n, que ha ostentado este cargo desde el a\u00f1o 2013.<\/p>\n","protected":false},"author":15,"featured_media":30859459,"comment_status":"closed","ping_status":"open","sticky":false,"template":"","format":"standard","meta":{"_monsterinsights_skip_tracking":false,"_monsterinsights_sitenote_active":false,"_monsterinsights_sitenote_note":"","_monsterinsights_sitenote_category":0,"footnotes":""},"categories":[6],"tags":[112,6520,159,6519,6518],"class_list":["post-30859458","post","type-post","status-publish","format-standard","has-post-thumbnail","hentry","category-institucional","tag-consejo-social","tag-directora-gerente-upo","tag-nombramiento","tag-nueva-presidenta-consejo-social","tag-rocio-reinoso"],"_links":{"self":[{"href":"https:\/\/www.upo.es\/diario\/wp-json\/wp\/v2\/posts\/30859458","targetHints":{"allow":["GET"]}}],"collection":[{"href":"https:\/\/www.upo.es\/diario\/wp-json\/wp\/v2\/posts"}],"about":[{"href":"https:\/\/www.upo.es\/diario\/wp-json\/wp\/v2\/types\/post"}],"author":[{"embeddable":true,"href":"https:\/\/www.upo.es\/diario\/wp-json\/wp\/v2\/users\/15"}],"replies":[{"embeddable":true,"href":"https:\/\/www.upo.es\/diario\/wp-json\/wp\/v2\/comments?post=30859458"}],"version-history":[{"count":3,"href":"https:\/\/www.upo.es\/diario\/wp-json\/wp\/v2\/posts\/30859458\/revisions"}],"predecessor-version":[{"id":30859462,"href":"https:\/\/www.upo.es\/diario\/wp-json\/wp\/v2\/posts\/30859458\/revisions\/30859462"}],"wp:featuredmedia":[{"embeddable":true,"href":"https:\/\/www.upo.es\/diario\/wp-json\/wp\/v2\/media\/30859459"}],"wp:attachment":[{"href":"https:\/\/www.upo.es\/diario\/wp-json\/wp\/v2\/media?parent=30859458"}],"wp:term":[{"taxonomy":"category","embeddable":true,"href":"https:\/\/www.upo.es\/diario\/wp-json\/wp\/v2\/categories?post=30859458"},{"taxonomy":"post_tag","embeddable":true,"href":"https:\/\/www.upo.es\/diario\/wp-json\/wp\/v2\/tags?post=30859458"}],"curies":[{"name":"wp","href":"https:\/\/api.w.org\/{rel}","templated":true}]}}