{"id":30859482,"date":"2020-02-06T05:11:46","date_gmt":"2020-02-06T04:11:46","guid":{"rendered":"https:\/\/www.upo.es\/diario\/?p=30859482"},"modified":"2020-02-07T09:27:33","modified_gmt":"2020-02-07T08:27:33","slug":"manana-en-la-upo-jornadas-de-orientacion-y-salidas-profesionales-para-estudiantes-de-nutricion-y-biotecnologia","status":"publish","type":"post","link":"https:\/\/www.upo.es\/diario\/comunidad\/2020\/02\/manana-en-la-upo-jornadas-de-orientacion-y-salidas-profesionales-para-estudiantes-de-nutricion-y-biotecnologia\/","title":{"rendered":"Hoy en la UPO, jornadas de orientaci\u00f3n y salidas profesionales para estudiantes de Nutrici\u00f3n y Biotecnolog\u00eda"},"content":{"rendered":"<figure id=\"attachment_30859502\" aria-describedby=\"caption-attachment-30859502\" style=\"width: 750px\" class=\"wp-caption aligncenter\"><a href=\"https:\/\/www.upo.es\/diario\/wp-content\/uploads\/2020\/02\/Jorn-Orientacion-NHyD.jpg\"><img loading=\"lazy\" decoding=\"async\" class=\"size-large wp-image-30859502\" src=\"https:\/\/www.upo.es\/diario\/wp-content\/uploads\/2020\/02\/Jorn-Orientacion-NHyD-750x563.jpg\" alt=\"\" width=\"750\" height=\"563\" srcset=\"https:\/\/www.upo.es\/diario\/wp-content\/uploads\/2020\/02\/Jorn-Orientacion-NHyD-750x563.jpg 750w, https:\/\/www.upo.es\/diario\/wp-content\/uploads\/2020\/02\/Jorn-Orientacion-NHyD-360x270.jpg 360w, https:\/\/www.upo.es\/diario\/wp-content\/uploads\/2020\/02\/Jorn-Orientacion-NHyD-768x576.jpg 768w, https:\/\/www.upo.es\/diario\/wp-content\/uploads\/2020\/02\/Jorn-Orientacion-NHyD-600x450.jpg 600w, https:\/\/www.upo.es\/diario\/wp-content\/uploads\/2020\/02\/Jorn-Orientacion-NHyD-1320x990.jpg 1320w\" sizes=\"auto, (max-width: 750px) 100vw, 750px\" \/><\/a><figcaption id=\"caption-attachment-30859502\" class=\"wp-caption-text\">Alejandra Rivera, dietista nutricionista en el \u00e1mbito de la restauraci\u00f3n colectiva, aborda la dieta saludable en comedores escolares<\/figcaption><\/figure>\n<p>Hoy<strong> jueves 6 de febrero <\/strong>se celebran en el campus dos jornadas de orientaci\u00f3n profesional dirigidas a estudiantes de la Facultad de Ciencias Experimentales de la UPO. Esta ma\u00f1ana, a las 12 horas en la sala de grados de la Biblioteca\/CRAI, han comenzdo las <strong>Jornadas de Orientaci\u00f3n y Salidas Profesionales en Nutrici\u00f3n Humana y Diet\u00e9tica<\/strong>. Y, desde las 16 horas, esta vez en la sala de grados II de la Biblioteca (primera planta), se desarrollar\u00e1n las <strong>Jornadas de Orientaci\u00f3n Profesional BTG 2019\/2020<\/strong>.<\/p>\n<p><a href=\"https:\/\/www.upo.es\/diario\/wp-content\/uploads\/2020\/02\/jorn-FCEX.png\"><img loading=\"lazy\" decoding=\"async\" class=\"alignright size-medium wp-image-30859483\" src=\"https:\/\/www.upo.es\/diario\/wp-content\/uploads\/2020\/02\/jorn-FCEX-264x360.png\" alt=\"\" width=\"264\" height=\"360\" srcset=\"https:\/\/www.upo.es\/diario\/wp-content\/uploads\/2020\/02\/jorn-FCEX-264x360.png 264w, https:\/\/www.upo.es\/diario\/wp-content\/uploads\/2020\/02\/jorn-FCEX.png 525w\" sizes=\"auto, (max-width: 264px) 100vw, 264px\" \/><\/a>El decano del Colegio profesional de Dietistas Nutricionistas de Andaluc\u00eda, <a href=\"https:\/\/www.upo.es\/diario\/entrevista\/2019\/03\/debemos-potenciar-nuestra-profesion-como-el-factor-clave-en-la-prevencion-y-tratamiento-de-patologias-a-traves-de-la-alimentacion\/\">Luis J. Mor\u00e1n<\/a> ha abierto la Jornada dirigida a estudiantes del Grado en Nutrici\u00f3n Humana y Diet\u00e9tica con la charla <strong>\u2018\u00a1Ya soy Dietista-Nutricionista! Manual b\u00e1sico de supervivencia: \u00bfen qu\u00e9 puedo trabajar, qu\u00e9 necesito y c\u00f3mo hacerlo?\u2019<\/strong>. Le seguir\u00e1n profesionales y egresados que expondr\u00e1n su experiencia en distintos \u00e1mbitos como dietistas.<\/p>\n<p>Las <strong>Jornadas de Orientaci\u00f3n Profesional BTG 2019\/2020<\/strong> contar\u00e1n con profesionales, presencialmente o mediante video-conferencia, que han estudiado Biotecnolog\u00eda, aportando su experiencia en el paso de las aulas ya sea a empresas de biotecnolog\u00eda o iniciando una carrera investigadora tras el postgrado y la especializaci\u00f3n internacional.<\/p>\n<p>M\u00e1s informaci\u00f3n: <a href=\"https:\/\/www.upo.es\/facultad-ciencias-experimentales\/es\/de-interes\/Noticias-de-la-Facultad\/Jornadas-de-Orientacion-Profesional-del-Grado-en-Biotecnologia-y-del-Grado-en-Nutricion-Humana-y-Ditetica-de-la-Facultad-de-Ciencias-Experimentales\/\">Facultad de Ciencias Experimentales<\/a><\/p>\n","protected":false},"excerpt":{"rendered":"<p>Hoy jueves tendr\u00e1n lugar dos jornadas de orientaci\u00f3n profesional dirigidas a estudiantes de la Facultad de Ciencias Experimentales de la UPO. Por la ma\u00f1ana, a las 12 horas en la sala de grados de la Biblioteca\/CRAI, comenzar\u00e1n las Jornadas de Orientaci\u00f3n y Salidas Profesionales en Nutrici\u00f3n Humana y Diet\u00e9tica. Y, desde las 16 horas, esta vez en la sala de grados II de la Biblioteca (primera planta), se desarrollar\u00e1n las Jornadas de Orientaci\u00f3n Profesional BTG 2019\/2020.<\/p>\n","protected":false},"author":6,"featured_media":30859502,"comment_status":"closed","ping_status":"open","sticky":false,"template":"","format":"standard","meta":{"_monsterinsights_skip_tracking":false,"_monsterinsights_sitenote_active":false,"_monsterinsights_sitenote_note":"","_monsterinsights_sitenote_category":0,"footnotes":""},"categories":[5842],"tags":[3989,21,122,205],"class_list":["post-30859482","post","type-post","status-publish","format-standard","has-post-thumbnail","hentry","category-comunidad","tag-empleabilidad","tag-estudiantes","tag-facultad-ciencias-experimentales","tag-orientacion-profesional"],"_links":{"self":[{"href":"https:\/\/www.upo.es\/diario\/wp-json\/wp\/v2\/posts\/30859482","targetHints":{"allow":["GET"]}}],"collection":[{"href":"https:\/\/www.upo.es\/diario\/wp-json\/wp\/v2\/posts"}],"about":[{"href":"https:\/\/www.upo.es\/diario\/wp-json\/wp\/v2\/types\/post"}],"author":[{"embeddable":true,"href":"https:\/\/www.upo.es\/diario\/wp-json\/wp\/v2\/users\/6"}],"replies":[{"embeddable":true,"href":"https:\/\/www.upo.es\/diario\/wp-json\/wp\/v2\/comments?post=30859482"}],"version-history":[{"count":5,"href":"https:\/\/www.upo.es\/diario\/wp-json\/wp\/v2\/posts\/30859482\/revisions"}],"predecessor-version":[{"id":30859503,"href":"https:\/\/www.upo.es\/diario\/wp-json\/wp\/v2\/posts\/30859482\/revisions\/30859503"}],"wp:featuredmedia":[{"embeddable":true,"href":"https:\/\/www.upo.es\/diario\/wp-json\/wp\/v2\/media\/30859502"}],"wp:attachment":[{"href":"https:\/\/www.upo.es\/diario\/wp-json\/wp\/v2\/media?parent=30859482"}],"wp:term":[{"taxonomy":"category","embeddable":true,"href":"https:\/\/www.upo.es\/diario\/wp-json\/wp\/v2\/categories?post=30859482"},{"taxonomy":"post_tag","embeddable":true,"href":"https:\/\/www.upo.es\/diario\/wp-json\/wp\/v2\/tags?post=30859482"}],"curies":[{"name":"wp","href":"https:\/\/api.w.org\/{rel}","templated":true}]}}