{"id":30859531,"date":"2020-02-11T11:57:26","date_gmt":"2020-02-11T10:57:26","guid":{"rendered":"https:\/\/www.upo.es\/diario\/?p=30859531"},"modified":"2020-02-14T11:00:46","modified_gmt":"2020-02-14T10:00:46","slug":"la-upo-se-suma-a-la-celebracion-del-dia-internacional-de-la-mujer-y-la-nina-en-la-ciencia","status":"publish","type":"post","link":"https:\/\/www.upo.es\/diario\/docencia-formacion\/2020\/02\/la-upo-se-suma-a-la-celebracion-del-dia-internacional-de-la-mujer-y-la-nina-en-la-ciencia\/","title":{"rendered":"La UPO se suma a la celebraci\u00f3n del D\u00eda Internacional de la Mujer y la Ni\u00f1a en la Ciencia"},"content":{"rendered":"<p><a href=\"https:\/\/www.upo.es\/diario\/wp-content\/uploads\/2020\/02\/cartel_dia_mujer_ni\u00f1a_ciencia.jpg\"><img loading=\"lazy\" decoding=\"async\" class=\"alignright size-medium wp-image-30859532\" src=\"https:\/\/www.upo.es\/diario\/wp-content\/uploads\/2020\/02\/cartel_dia_mujer_ni\u00f1a_ciencia-254x360.jpg\" alt=\"\" width=\"254\" height=\"360\" srcset=\"https:\/\/www.upo.es\/diario\/wp-content\/uploads\/2020\/02\/cartel_dia_mujer_ni\u00f1a_ciencia-254x360.jpg 254w, https:\/\/www.upo.es\/diario\/wp-content\/uploads\/2020\/02\/cartel_dia_mujer_ni\u00f1a_ciencia-768x1086.jpg 768w, https:\/\/www.upo.es\/diario\/wp-content\/uploads\/2020\/02\/cartel_dia_mujer_ni\u00f1a_ciencia-530x750.jpg 530w, https:\/\/www.upo.es\/diario\/wp-content\/uploads\/2020\/02\/cartel_dia_mujer_ni\u00f1a_ciencia-600x849.jpg 600w, https:\/\/www.upo.es\/diario\/wp-content\/uploads\/2020\/02\/cartel_dia_mujer_ni\u00f1a_ciencia-1320x1867.jpg 1320w, https:\/\/www.upo.es\/diario\/wp-content\/uploads\/2020\/02\/cartel_dia_mujer_ni\u00f1a_ciencia.jpg 1587w\" sizes=\"auto, (max-width: 254px) 100vw, 254px\" \/><\/a>La Universidad Pablo de Olavide se suma un a\u00f1o m\u00e1s a la celebraci\u00f3n del <strong>D\u00eda Internacional de la Mujer y la Ni\u00f1a en la Ciencia<\/strong>, que se conmemora hoy 11 de febrero, y lo hace con la organizaci\u00f3n de actividades de educaci\u00f3n y sensibilizaci\u00f3n con el objetivo de lograr una mayor participaci\u00f3n y progreso de las mujeres y las ni\u00f1as en la ciencia.<\/p>\n<p>As\u00ed, <u>hoy martes 11 de febrero a las 11:00 horas<\/u>, se emitir\u00e1 <strong>el programa especial de radio \u2018Nosotras tambi\u00e9n somos Ciencia\u2019<\/strong>, que contar\u00e1 con la participaci\u00f3n de profesoras y estudiantes de la UPO que luchan por erradicar la brecha de g\u00e9nero en los sectores de la ciencia, la tecnolog\u00eda, la ingenier\u00eda y las matem\u00e1ticas (STEM). Con la organizaci\u00f3n de la Oficina para la Igualdad del Vicerrectorado de Cultura y Compromiso Social, la Comisi\u00f3n de Igualdad del Centro Andaluz de Biolog\u00eda del Desarrollo (CABD) y RadiOlavide, a trav\u00e9s de este programa las participantes reflexionar\u00e1n sobre las barreras que dificultan la presencia y el acceso a la ciencia de las mujeres y las ni\u00f1as.<\/p>\n<p>\u2018Nosotras tambi\u00e9n somos Ciencia\u2019 se divide en dos bloques. El primero contar\u00e1 con las intervenciones de la directora general de Igualdad del Vicerrectorado de Cultura y Compromiso Social de la UPO, Roc\u00edo C\u00e1rdenas Rodr\u00edguez, quien estar\u00e1 acompa\u00f1ada por las profesoras Gloria Brea Calvo, bi\u00f3loga nuclear e investigadora en el Centro Andaluz de Biolog\u00eda del Desarrollo; Menta Ballesteros Mart\u00edn, ingeniera qu\u00edmica y profesora en la Facultad de Ciencias Experimentales, y Pilar Moreno Navarro, matem\u00e1tica y profesora en la Escuela Superior Polit\u00e9cnica, quienes reflexionar\u00e1n tanto a nivel personal como profesional sobre las iniciativas para mejorar la situaci\u00f3n de las mujeres en el \u00e1mbito cient\u00edfico tecnol\u00f3gico desde la universidad.<\/p>\n<p>A continuaci\u00f3n, los estudiantes ser\u00e1n los protagonistas del segundo bloque del programa. Ana Mar\u00eda Naranjo Cabrera y Elena Lozano Ib\u00e1\u00f1ez de la Oficina para Igualdad de la UPO, acompa\u00f1adas por estudiantes del Grado en Biotecnolog\u00eda Bel\u00e9n Ben\u00edtez Dom\u00ednguez, Lorenzo Calzado Reyes, Isabel Rejano Moreno, Tamara Mart\u00edn Garc\u00eda, Sandra Jim\u00e9nez Lozano, Julia Torres Rivera y Daniel Le\u00f3n Peri\u00f1\u00e1n, debatir\u00e1n sobre la importancia de visibilizar el trabajo de las cient\u00edficas y la creaci\u00f3n de roles femeninos en el \u00e1mbito de la ciencia y la tecnolog\u00eda desde su experiencia como estudiantes.<\/p>\n<p>Por otro lado, <u>desde el 11 al 24 de febrero<\/u>, en horario de 8:30h a 21:00 horas en el \u00c1rea de Exposiciones de la Biblioteca CRAI de la Universidad Pablo de Olavide, podr\u00e1 visitarse la <strong>exposici\u00f3n Mujeres y Ciencia \u2018Cienciabilizate\u2019,<\/strong> que visibiliza a las mujeres cient\u00edficas m\u00e1s relevantes a nivel internacional con el objetivo de concienciar a la comunidad universitaria del papel de las mujeres en las ciencias y sus principales hitos y logros. La <a href=\"https:\/\/www.upo.es\/upsc\/igualdad\/dia-internacional-de-la-mujer-y-la-nina-en-la-ciencia\/\">versi\u00f3n digital<\/a> de esta muestra, organizada por la Oficina para la Igualdad del Vicerrectorado de Cultura y Compromiso Social de la UPO y la Comisi\u00f3n de Igualdad del CABD, estar\u00e1 disponible desde hoy martes 11 de febrero.<\/p>\n<p>Otra de las actividades organizadas por la Oficina para la Igualdad, que se enmarcan en el II Plan de Igualdad de la Universidad Pablo de Olavide, es el <strong>taller \u2018Mujeres y Ciencia\u2019<\/strong>, dirigido al alumnado de 3\u00ba, 4\u00ba, 5\u00ba y 6\u00ba de primaria del colegio Altos Colegios Macarena, ma\u00f1ana martes d\u00eda 11.<\/p>\n<p>Por su parte, coincidiendo con el D\u00eda de la Mujer y la Ni\u00f1a en la Ciencia, <u>ma\u00f1ana martes 11 de febrero a las 10.00 horas en la Sala de Juntas 3 del Rectorado de la UPO<\/u>, tendr\u00e1 lugar la <strong>constituci\u00f3n de la Comisi\u00f3n de Igualdad de la Facultad de Ciencias Experimentales, <\/strong>muestra del compromiso de esta Facultad por trabajar por la igualdad efectiva entre mujeres y hombres, acci\u00f3n prioritaria que se enmarca dentro de sus objetivos de Calidad, Estrategia y Responsabilidad Social. Se celebrar\u00e1 una mesa redonda en la que se recoger\u00e1n las propuestas de los asistentes y se debatir\u00e1n sobre las primeras acciones que llevar\u00e1 a cabo la Comisi\u00f3n, con el objetivo de identificar, analizar y dar a conocer la problem\u00e1tica en relaci\u00f3n al g\u00e9nero para profesorado, personal de apoyo y servicios y alumnado de la Facultad de Ciencias Experimentales.<\/p>\n<p>Adem\u00e1s, este centro ha organizado distintas charlas en centros educativos en las que se destaca el papel de las mujeres en la ciencia; la campa\u00f1a #KnowTheNumbers, \u00a0en la que se presentar\u00e1n los datos de la encuesta realizada en el CABD sobre percepci\u00f3n y vivencias en relaci\u00f3n a la igualdad de g\u00e9nero en la carrera cient\u00edfica; o el cinef\u00f3rum \u2018The race of the double helix\u2019, una pel\u00edcula en la que se narra c\u00f3mo fue la dura y competitiva carrera cient\u00edfica por descubrir la estructura del ADN y el sexismo que impregn\u00f3 este hito.<\/p>\n<p>Tambi\u00e9n <u>hoy martes 11 de febrero<\/u>, investigadoras de la Universidad Pablo de Olavide, junto a investigadoras de la Universidad de Sevilla y del Instituto de Biomedicina de esta ciudad (IBiS), participar\u00e1n en la <strong>III Jornada de Neurocient\u00edficas<\/strong>, actividad coordinada a nivel nacional por el Comit\u00e9 de Mujeres en Neurociencia de la Sociedad Espa\u00f1ola de Neurociencia (SENC).<\/p>\n<p>La sesi\u00f3n matinal consistir\u00e1 en la presentaci\u00f3n de los trabajos de investigaci\u00f3n que llevan a cabo diversas investigadoras de estos centros de la ciudad. Dicha actividad tendr\u00e1 lugar en el centro c\u00edvico Las Sirenas. La tarde comenzar\u00e1 con una sesi\u00f3n de cuenta cuentos basados en mujeres cient\u00edficas, tras la cual, se impartir\u00e1 una charla en la que se mostrar\u00e1n cifras y datos sobre mujer y ciencia. La sesi\u00f3n concluir\u00e1 con un taller sobre mujeres cient\u00edficas e inventoras y mitos actuales acerca del papel de la mujer en la ciencia y con citas r\u00e1pidas con cient\u00edficas en las cuales se les podr\u00e1 preguntar cualquier cosa acerca de su trabajo o de la ciencia en general. Esta jornada se celebra bajo la organizaci\u00f3n y coordinaci\u00f3n de los investigadores de la Divisi\u00f3n de Neurociencias de la UPO Roc\u00edo Leal Campario y Raudel S\u00e1nchez Campusano.<\/p>\n<p>Finalmente, la Universidad Pablo de Olavide ha puesto en marcha la <strong>Campa\u00f1a &#8216;Por una Ciencia con Futuro&#8217;<\/strong>, en la que a lo largo de esta semana dar\u00e1 visibilidad a trav\u00e9s de sus redes sociales a j\u00f3venes investigadoras de esta Universidad.<\/p>\n<p>La Universidad Pablo de Olavide se suma as\u00ed a la <strong>Iniciativa 11 de Febrero<\/strong>, que promueve la realizaci\u00f3n de actividades en todas las ciudades espa\u00f1olas que, visibilizando la labor de las cient\u00edficas, conmemoren el D\u00eda Internacional de la Mujer y la Ni\u00f1a en la Ciencia, fomenten vocaciones cient\u00edficas en las ni\u00f1as y ayuden a cerrar la brecha de g\u00e9nero en ciencia. La cuarta edici\u00f3n de la Iniciativa 11 de Febrero acoger\u00e1 entre el d\u00eda 1 y el 15 de este mes m\u00e1s de 2000 actividades que llegar\u00e1n a m\u00e1s de 90.000 personas. M\u00e1s de 600 personas de la comunidad cient\u00edfica, en su mayor\u00eda mujeres investigadoras, impartir\u00e1n unas 1700 charlas y actividades que llegar\u00e1n a casi 75 000 estudiantes en 600 centros educativos.<\/p>\n<p>En diciembre de 2015 la ONU proclam\u00f3 el 11 de febrero D\u00eda Internacional de la Mujer y la Ni\u00f1a en la Ciencia con el objetivo de romper las barreras que encuentran las mujeres y las ni\u00f1as en el \u00e1mbito cient\u00edfico.<\/p>\n<p>&nbsp;<\/p>\n<p><strong>M\u00e1s informaci\u00f3n:<\/strong><\/p>\n<p><a href=\"https:\/\/www.upo.es\/upsc\/igualdad\/dia-internacional-de-la-mujer-y-la-nina-en-la-ciencia\/\">Actividades con motivo del D\u00eda Internacional de la Mujer y la Ni\u00f1a en la Ciencia<\/a><\/p>\n<p><a href=\"https:\/\/11defebrero.org\/2020\/02\/01\/iii-jornada-de-neurocientificas\/\">III Jornada de Neurocient\u00edficas<\/a><\/p>\n<p><a href=\"https:\/\/www.un.org\/es\/observances\/women-and-girls-in-science-day\/\">ONU. D\u00eda Internacional de la Mujer y la Ni\u00f1a en la Ciencia<\/a><\/p>\n<p><a href=\"https:\/\/11defebrero.org\/\">Iniciativa 11 de febrero D\u00eda Internacional de la Mujer y la Ni\u00f1a en la Ciencia<\/a><\/p>\n<p>&nbsp;<\/p>\n","protected":false},"excerpt":{"rendered":"<p>La Universidad Pablo de Olavide se suma un a\u00f1o m\u00e1s a la celebraci\u00f3n del D\u00eda Internacional de la Mujer y la Ni\u00f1a en la Ciencia, que se conmemora ma\u00f1ana 11 de febrero, y lo hace con la organizaci\u00f3n de actividades de educaci\u00f3n y sensibilizaci\u00f3n con el objetivo de lograr una mayor participaci\u00f3n y progreso de las mujeres y las ni\u00f1as en la ciencia.<\/p>\n","protected":false},"author":2,"featured_media":30859532,"comment_status":"closed","ping_status":"open","sticky":false,"template":"","format":"standard","meta":{"_monsterinsights_skip_tracking":false,"_monsterinsights_sitenote_active":false,"_monsterinsights_sitenote_note":"","_monsterinsights_sitenote_category":0,"footnotes":""},"categories":[2779],"tags":[43,419,5833,544,6530,74,5776,6531,233,6327,3784,549],"class_list":["post-30859531","post","type-post","status-publish","format-standard","has-post-thumbnail","hentry","category-docencia-formacion","tag-cabd","tag-campana","tag-ciencia","tag-conferencias","tag-dia-internacional-de-la-mujer-y-la-nina-en-la-ciencia","tag-exposiciones","tag-iniciativa-11-de-febrero","tag-instituto-de-biomedicina","tag-mujer","tag-nina","tag-radiolavide","tag-talleres"],"_links":{"self":[{"href":"https:\/\/www.upo.es\/diario\/wp-json\/wp\/v2\/posts\/30859531","targetHints":{"allow":["GET"]}}],"collection":[{"href":"https:\/\/www.upo.es\/diario\/wp-json\/wp\/v2\/posts"}],"about":[{"href":"https:\/\/www.upo.es\/diario\/wp-json\/wp\/v2\/types\/post"}],"author":[{"embeddable":true,"href":"https:\/\/www.upo.es\/diario\/wp-json\/wp\/v2\/users\/2"}],"replies":[{"embeddable":true,"href":"https:\/\/www.upo.es\/diario\/wp-json\/wp\/v2\/comments?post=30859531"}],"version-history":[{"count":3,"href":"https:\/\/www.upo.es\/diario\/wp-json\/wp\/v2\/posts\/30859531\/revisions"}],"predecessor-version":[{"id":30859553,"href":"https:\/\/www.upo.es\/diario\/wp-json\/wp\/v2\/posts\/30859531\/revisions\/30859553"}],"wp:featuredmedia":[{"embeddable":true,"href":"https:\/\/www.upo.es\/diario\/wp-json\/wp\/v2\/media\/30859532"}],"wp:attachment":[{"href":"https:\/\/www.upo.es\/diario\/wp-json\/wp\/v2\/media?parent=30859531"}],"wp:term":[{"taxonomy":"category","embeddable":true,"href":"https:\/\/www.upo.es\/diario\/wp-json\/wp\/v2\/categories?post=30859531"},{"taxonomy":"post_tag","embeddable":true,"href":"https:\/\/www.upo.es\/diario\/wp-json\/wp\/v2\/tags?post=30859531"}],"curies":[{"name":"wp","href":"https:\/\/api.w.org\/{rel}","templated":true}]}}