{"id":30859601,"date":"2020-02-14T08:57:07","date_gmt":"2020-02-14T07:57:07","guid":{"rendered":"https:\/\/www.upo.es\/diario\/?p=30859601"},"modified":"2020-02-14T15:07:50","modified_gmt":"2020-02-14T14:07:50","slug":"la-universidad-pablo-de-olavide-acoge-manana-el-campeonato-de-atletismo-adaptado-de-special-olympics","status":"publish","type":"post","link":"https:\/\/www.upo.es\/diario\/deportes\/2020\/02\/la-universidad-pablo-de-olavide-acoge-manana-el-campeonato-de-atletismo-adaptado-de-special-olympics\/","title":{"rendered":"Cerca de un centenar de atletas de Special Olympics compiten en el Campeonato de Atletismo Andaluz"},"content":{"rendered":"<p><a href=\"https:\/\/www.upo.es\/diario\/wp-content\/uploads\/2020\/02\/Special-Olympics_20200214.jpg\"><img loading=\"lazy\" decoding=\"async\" class=\"aligncenter wp-image-30859629 size-large\" src=\"https:\/\/www.upo.es\/diario\/wp-content\/uploads\/2020\/02\/Special-Olympics_20200214-750x422.jpg\" alt=\"Campeonato de Atletismo Special Olympics Andaluc\u00eda\" width=\"750\" height=\"422\" srcset=\"https:\/\/www.upo.es\/diario\/wp-content\/uploads\/2020\/02\/Special-Olympics_20200214-750x422.jpg 750w, https:\/\/www.upo.es\/diario\/wp-content\/uploads\/2020\/02\/Special-Olympics_20200214-360x202.jpg 360w, https:\/\/www.upo.es\/diario\/wp-content\/uploads\/2020\/02\/Special-Olympics_20200214-768x432.jpg 768w, https:\/\/www.upo.es\/diario\/wp-content\/uploads\/2020\/02\/Special-Olympics_20200214-600x337.jpg 600w, https:\/\/www.upo.es\/diario\/wp-content\/uploads\/2020\/02\/Special-Olympics_20200214-1320x742.jpg 1320w\" sizes=\"auto, (max-width: 750px) 100vw, 750px\" \/><\/a>El Campus de la Universidad Pablo de Olavide ha acogido en la ma\u00f1ana de hoy viernes la celebraci\u00f3n del <strong>Campeonato de Atletismo Special Olympics Andaluc\u00eda, <\/strong>un evento cuyo objetivo es promover el deporte inclusivo y que ha contado con la participaci\u00f3n de 76 atletas con diversidad funcional cognitiva.<\/p>\n<p>Carreras de metros lisos, salto de longitud, lanzamiento de peso, relevos y lanzamiento de softball, son algunas de las pruebas que han realizado estos atletas que tienen edades comprendidas entre 17 y 60 a\u00f1os, y que proceden de siete entidades de Huelva, Granada, M\u00e1laga y Sevilla, como son la Asociaci\u00f3n Alcalare\u00f1a de Educaci\u00f3n Especial, Club Deportivo Pur\u00edsima Concepci\u00f3n,\u00a0 Fundaci\u00f3n Roc\u00edo de Triana, Paz y Bien Alcal\u00e1, Paz y Bien Santa Mar\u00eda, Pinos y Special Olympics Andaluc\u00eda.<\/p>\n<p>Esta actividad ha sido organizada por <strong>Special Olympics Andaluc\u00eda<\/strong>, entidad sin \u00e1nimo de lucro dedicada a la integraci\u00f3n de las personas con diversidad funcional cognitiva a trav\u00e9s del deporte, y por la <strong>Facultad de Ciencias del Deporte de la UPO<\/strong>, a trav\u00e9s de la asignatura \u2018Actividad F\u00edsica y Deportiva para Personas con Discapacidad\u2019, impartida por la profesora Elisabet Rodr\u00edguez Bies. Tambi\u00e9n ha contado con el apoyo del Servicio de Deportes de la UPO (SDUPO), y de m\u00e1s de 40 estudiantes del Grado en Ciencias de la Actividad F\u00edsica y del Deporte, quienes han trabajado como voluntarios facilitando la celebraci\u00f3n de este evento deportivo.<\/p>\n<p>As\u00ed, adem\u00e1s de los atletas, en el Campeonato tambi\u00e9n han estado presentes Raquel Gervasini, directora de Special Olympics Andaluc\u00eda, los t\u00e9cnicos de esta entidad Cristina Manzano, Jos\u00e9 Ram\u00f3n Moro y Rafael Fern\u00e1ndez, los t\u00e9cnicos de las distintas asociaciones, profesores de la Facultad de Ciencias del Deporte de la UPO y personal del SDUPO.<\/p>\n<p><a data-flickr-embed=\"true\" data-header=\"true\" href=\"https:\/\/www.flickr.com\/photos\/pablodeolavide\/albums\/72157713105112326\" title=\"Campeonato de Atletismo Special Olympics Andaluc\u00eda\"><img loading=\"lazy\" decoding=\"async\" src=\"https:\/\/live.staticflickr.com\/65535\/49534160086_ba70155c28_z.jpg\" width=\"640\" height=\"427\" alt=\"Campeonato de Atletismo Special Olympics Andaluc\u00eda\"><\/a><script async src=\"\/\/embedr.flickr.com\/assets\/client-code.js\" charset=\"utf-8\"><\/script><\/p>\n","protected":false},"excerpt":{"rendered":"<p>La Universidad Pablo de Olavide acoger\u00e1 hoy viernes 14 de febrero, de 10:00 a 14:00 horas, el Campeonato de Atletismo Special Olympics Andaluc\u00eda, en el que participar\u00e1n cerca de un centenar de atletas con diversidad funcional procedentes de distintas provincias andaluzas.<\/p>\n","protected":false},"author":2,"featured_media":30859629,"comment_status":"closed","ping_status":"open","sticky":false,"template":"","format":"standard","meta":{"_monsterinsights_skip_tracking":false,"_monsterinsights_sitenote_active":false,"_monsterinsights_sitenote_note":"","_monsterinsights_sitenote_category":0,"footnotes":""},"categories":[30],"tags":[31,2355,379,3456,3186],"class_list":["post-30859601","post","type-post","status-publish","format-standard","has-post-thumbnail","hentry","category-deportes","tag-atletismo","tag-diversidad-funcional","tag-facultad-del-deporte","tag-inclusion","tag-special-olympics"],"_links":{"self":[{"href":"https:\/\/www.upo.es\/diario\/wp-json\/wp\/v2\/posts\/30859601","targetHints":{"allow":["GET"]}}],"collection":[{"href":"https:\/\/www.upo.es\/diario\/wp-json\/wp\/v2\/posts"}],"about":[{"href":"https:\/\/www.upo.es\/diario\/wp-json\/wp\/v2\/types\/post"}],"author":[{"embeddable":true,"href":"https:\/\/www.upo.es\/diario\/wp-json\/wp\/v2\/users\/2"}],"replies":[{"embeddable":true,"href":"https:\/\/www.upo.es\/diario\/wp-json\/wp\/v2\/comments?post=30859601"}],"version-history":[{"count":5,"href":"https:\/\/www.upo.es\/diario\/wp-json\/wp\/v2\/posts\/30859601\/revisions"}],"predecessor-version":[{"id":30859631,"href":"https:\/\/www.upo.es\/diario\/wp-json\/wp\/v2\/posts\/30859601\/revisions\/30859631"}],"wp:featuredmedia":[{"embeddable":true,"href":"https:\/\/www.upo.es\/diario\/wp-json\/wp\/v2\/media\/30859629"}],"wp:attachment":[{"href":"https:\/\/www.upo.es\/diario\/wp-json\/wp\/v2\/media?parent=30859601"}],"wp:term":[{"taxonomy":"category","embeddable":true,"href":"https:\/\/www.upo.es\/diario\/wp-json\/wp\/v2\/categories?post=30859601"},{"taxonomy":"post_tag","embeddable":true,"href":"https:\/\/www.upo.es\/diario\/wp-json\/wp\/v2\/tags?post=30859601"}],"curies":[{"name":"wp","href":"https:\/\/api.w.org\/{rel}","templated":true}]}}