{"id":30859681,"date":"2020-02-19T11:55:35","date_gmt":"2020-02-19T10:55:35","guid":{"rendered":"https:\/\/www.upo.es\/diario\/?p=30859681"},"modified":"2020-02-21T09:14:22","modified_gmt":"2020-02-21T08:14:22","slug":"la-upo-y-la-asociacion-de-jovenes-empresarios-de-sevilla-se-unen-para-fomentar-la-cultura-emprendedora","status":"publish","type":"post","link":"https:\/\/www.upo.es\/diario\/institucional\/2020\/02\/la-upo-y-la-asociacion-de-jovenes-empresarios-de-sevilla-se-unen-para-fomentar-la-cultura-emprendedora\/","title":{"rendered":"La UPO y la Asociaci\u00f3n de J\u00f3venes Empresarios de Sevilla se unen para fomentar la cultura emprendedora"},"content":{"rendered":"<figure id=\"attachment_30859682\" aria-describedby=\"caption-attachment-30859682\" style=\"width: 750px\" class=\"wp-caption aligncenter\"><a href=\"https:\/\/www.upo.es\/diario\/wp-content\/uploads\/2020\/02\/Conv_UPO-AJE_20200219.jpg\"><img loading=\"lazy\" decoding=\"async\" class=\"size-large wp-image-30859682\" src=\"https:\/\/www.upo.es\/diario\/wp-content\/uploads\/2020\/02\/Conv_UPO-AJE_20200219-750x500.jpg\" alt=\"\" width=\"750\" height=\"500\" srcset=\"https:\/\/www.upo.es\/diario\/wp-content\/uploads\/2020\/02\/Conv_UPO-AJE_20200219-750x500.jpg 750w, https:\/\/www.upo.es\/diario\/wp-content\/uploads\/2020\/02\/Conv_UPO-AJE_20200219-360x240.jpg 360w, https:\/\/www.upo.es\/diario\/wp-content\/uploads\/2020\/02\/Conv_UPO-AJE_20200219-768x512.jpg 768w, https:\/\/www.upo.es\/diario\/wp-content\/uploads\/2020\/02\/Conv_UPO-AJE_20200219-600x400.jpg 600w, https:\/\/www.upo.es\/diario\/wp-content\/uploads\/2020\/02\/Conv_UPO-AJE_20200219-165x109.jpg 165w, https:\/\/www.upo.es\/diario\/wp-content\/uploads\/2020\/02\/Conv_UPO-AJE_20200219-1320x880.jpg 1320w\" sizes=\"auto, (max-width: 750px) 100vw, 750px\" \/><\/a><figcaption id=\"caption-attachment-30859682\" class=\"wp-caption-text\">El rector de la UPO, Vicente Guzm\u00e1n, junto a Javier Pineda, presidente de la Asociaci\u00f3n de J\u00f3venes Empresarios de Sevilla.<\/figcaption><\/figure>\n<p>El rector de la Universidad Pablo de Olavide, Vicente Guzm\u00e1n Fluja, y el presidente de la Asociaci\u00f3n de J\u00f3venes Empresarios de Sevilla, Javier Pineda Mora, han firmado un convenio y un protocolo general de colaboraci\u00f3n entre ambas instituciones con el objetivo de desplegar acciones conjuntas dirigidas al emprendimiento universitario.<\/p>\n<p>En el acto de firma, celebrado esta ma\u00f1ana en el Rectorado de esta universidad, tambi\u00e9n ha estado presente el vicerrector de Estrategia, Empleabilidad y Emprendimiento de la UPO, Jos\u00e9 Manuel Feria, promotor de los acuerdos.<\/p>\n<p>Impulsar la colaboraci\u00f3n mutua en materia de emprendimiento a trav\u00e9s de actividades de sensibilizaci\u00f3n, formaci\u00f3n y mentorizaci\u00f3n de proyectos empresariales de estudiantes de la UPO constituye el eje vertebrador de estos convenios firmados entre la Universidad Pablo de Olavide y la Asociaci\u00f3n de J\u00f3venes Empresarios de Sevilla (AJE).<\/p>\n<p>Concretamente, y en virtud de estos acuerdos, un miembro de AJE se incorporar\u00e1 como parte del jurado experto del Concurso UPOemprende que la Universidad Pablo de Olavide realiza anualmente. Adem\u00e1s, podr\u00e1 colaborar realizando labores de mentorizaci\u00f3n en eventos dirigidos a la generaci\u00f3n y desarrollo de ideas de negocio promovidas desde la UPO, a trav\u00e9s del \u00c1rea de Empleabilidad y Emprendimiento de la Fundaci\u00f3n Universidad Pablo de Olavide, como Ideas Factory, Emprendevirus o UPO Acoge, entre otras.<\/p>\n<p>Durante la firma, el rector ha destacado la importancia de que la Universidad est\u00e9 correctamente conectada con su entorno. \u201cEn Espa\u00f1a la relaci\u00f3n entre la universidad y la empresa puede ser todav\u00eda m\u00e1s provechosa\u201d, ha subrayado Vicente Guzm\u00e1n, quien tambi\u00e9n ha puesto el acento en la necesidad del trabajo conjunto con asociaciones como AJE para que el alumnado adquiera la cultura y las herramientas que le permitan desarrollar sus ideas. Asimismo, el rector ha destacado el papel de la universidad como apoyo a la peque\u00f1a y mediana empresa en la generaci\u00f3n de riqueza para el entorno. \u201cDebe ser como un departamento de I+D+i\u201d, ha apuntado, \u201cque permita a las empresas ser m\u00e1s competitivas en un mundo globalizado y localizado\u201d.<\/p>\n<p>Pineda Mora, por su parte, ha se\u00f1alado que \u201cla Universidad Pablo de Olavide es un referente en cuanto a emprendimiento y, para la asociaci\u00f3n a la cu\u00e1l represento, es un pilar fundamental. Son muchas las colaboraciones y actuaciones conjuntas en las que venimos participando, pero era necesaria esta vinculaci\u00f3n para que nos mantenga m\u00e1s unidos por los mismos intereses que perseguimos\u201d.<\/p>\n<p>Finalmente, Jos\u00e9 Manuel Feria, afirma que \u201clos j\u00f3venes empresarios de Sevilla son uno de los mejores referentes para nuestros UPOemprendedores, simplemente por correlaci\u00f3n generacional, y por ello, es crucial incorporarlos como socios estrat\u00e9gicos de la Universidad Pablo de Olavide\u201d.<\/p>\n<p>La Asociaci\u00f3n de J\u00f3venes Empresarios de Sevilla, constituida en el a\u00f1o 1990, es una asociaci\u00f3n sin \u00e1nimo de lucro, que pretende aglutinar a emprendedores y a j\u00f3venes empresarios para desarrollar un objetivo com\u00fan: ser el motor del progreso econ\u00f3mico y social de la provincia.<\/p>\n","protected":false},"excerpt":{"rendered":"<p>El rector de la Universidad Pablo de Olavide, Vicente Guzm\u00e1n Fluja, y el presidente de la Asociaci\u00f3n de J\u00f3venes Empresarios de Sevilla, Javier Pineda Mora, han firmado un convenio y un protocolo general de colaboraci\u00f3n entre ambas instituciones con el objetivo de desplegar acciones conjuntas dirigidas al emprendimiento universitario.<\/p>\n","protected":false},"author":2,"featured_media":30859682,"comment_status":"closed","ping_status":"open","sticky":false,"template":"","format":"standard","meta":{"_monsterinsights_skip_tracking":false,"_monsterinsights_sitenote_active":false,"_monsterinsights_sitenote_note":"","_monsterinsights_sitenote_category":0,"footnotes":""},"categories":[6],"tags":[6568,5068,6566,326,4180,689,2474,2022,6569,6567,38,1340,6103],"class_list":["post-30859681","post","type-post","status-publish","format-standard","has-post-thumbnail","hentry","category-institucional","tag-aje","tag-area-de-empleabilidad-y-emprendimiento","tag-asociacion-de-jovenes-empresarios-de-sevilla","tag-convenio","tag-empleabilidad-y-emprendimiento","tag-emprendimiento","tag-fundacion-universidad-pablo-de-olavide","tag-jose-manuel-feria","tag-protocolo-general-de-colaboracion","tag-proyectos-empresariales","tag-rector","tag-vicente-guzman","tag-vicerrectorado-de-estrategia"],"_links":{"self":[{"href":"https:\/\/www.upo.es\/diario\/wp-json\/wp\/v2\/posts\/30859681","targetHints":{"allow":["GET"]}}],"collection":[{"href":"https:\/\/www.upo.es\/diario\/wp-json\/wp\/v2\/posts"}],"about":[{"href":"https:\/\/www.upo.es\/diario\/wp-json\/wp\/v2\/types\/post"}],"author":[{"embeddable":true,"href":"https:\/\/www.upo.es\/diario\/wp-json\/wp\/v2\/users\/2"}],"replies":[{"embeddable":true,"href":"https:\/\/www.upo.es\/diario\/wp-json\/wp\/v2\/comments?post=30859681"}],"version-history":[{"count":1,"href":"https:\/\/www.upo.es\/diario\/wp-json\/wp\/v2\/posts\/30859681\/revisions"}],"predecessor-version":[{"id":30859683,"href":"https:\/\/www.upo.es\/diario\/wp-json\/wp\/v2\/posts\/30859681\/revisions\/30859683"}],"wp:featuredmedia":[{"embeddable":true,"href":"https:\/\/www.upo.es\/diario\/wp-json\/wp\/v2\/media\/30859682"}],"wp:attachment":[{"href":"https:\/\/www.upo.es\/diario\/wp-json\/wp\/v2\/media?parent=30859681"}],"wp:term":[{"taxonomy":"category","embeddable":true,"href":"https:\/\/www.upo.es\/diario\/wp-json\/wp\/v2\/categories?post=30859681"},{"taxonomy":"post_tag","embeddable":true,"href":"https:\/\/www.upo.es\/diario\/wp-json\/wp\/v2\/tags?post=30859681"}],"curies":[{"name":"wp","href":"https:\/\/api.w.org\/{rel}","templated":true}]}}