{"id":30859708,"date":"2020-02-20T14:33:23","date_gmt":"2020-02-20T13:33:23","guid":{"rendered":"https:\/\/www.upo.es\/diario\/?p=30859708"},"modified":"2020-02-21T12:19:38","modified_gmt":"2020-02-21T11:19:38","slug":"alumnado-con-diversidad-funcional-cognitiva-de-la-upo-presenta-al-alcalde-propuestas-de-mejora-para-la-ciudad-de-sevilla","status":"publish","type":"post","link":"https:\/\/www.upo.es\/diario\/cultura-social\/2020\/02\/alumnado-con-diversidad-funcional-cognitiva-de-la-upo-presenta-al-alcalde-propuestas-de-mejora-para-la-ciudad-de-sevilla\/","title":{"rendered":"Alumnado con diversidad funcional cognitiva de la UPO presenta al alcalde propuestas de mejora para la ciudad de Sevilla"},"content":{"rendered":"<figure id=\"attachment_30859716\" aria-describedby=\"caption-attachment-30859716\" style=\"width: 750px\" class=\"wp-caption aligncenter\"><a href=\"https:\/\/www.upo.es\/diario\/wp-content\/uploads\/2020\/02\/Fevida_AytoSevilla-1.jpg\"><img loading=\"lazy\" decoding=\"async\" class=\"size-large wp-image-30859716\" src=\"https:\/\/www.upo.es\/diario\/wp-content\/uploads\/2020\/02\/Fevida_AytoSevilla-1-750x450.jpg\" alt=\"\" width=\"750\" height=\"450\" srcset=\"https:\/\/www.upo.es\/diario\/wp-content\/uploads\/2020\/02\/Fevida_AytoSevilla-1-750x450.jpg 750w, https:\/\/www.upo.es\/diario\/wp-content\/uploads\/2020\/02\/Fevida_AytoSevilla-1-360x216.jpg 360w, https:\/\/www.upo.es\/diario\/wp-content\/uploads\/2020\/02\/Fevida_AytoSevilla-1-768x461.jpg 768w, https:\/\/www.upo.es\/diario\/wp-content\/uploads\/2020\/02\/Fevida_AytoSevilla-1-600x360.jpg 600w, https:\/\/www.upo.es\/diario\/wp-content\/uploads\/2020\/02\/Fevida_AytoSevilla-1-1000x600.jpg 1000w, https:\/\/www.upo.es\/diario\/wp-content\/uploads\/2020\/02\/Fevida_AytoSevilla-1-2000x1200.jpg 2000w, https:\/\/www.upo.es\/diario\/wp-content\/uploads\/2020\/02\/Fevida_AytoSevilla-1-1320x792.jpg 1320w\" sizes=\"auto, (max-width: 750px) 100vw, 750px\" \/><\/a><figcaption id=\"caption-attachment-30859716\" class=\"wp-caption-text\">Estudiantes del programa Fevida visita el Ayuntamiento de Sevilla.<\/figcaption><\/figure>\n<p>Hoy jueves 20 de febrero, el alcalde de Sevilla, Juan Espadas, ha recibido en el Sal\u00f3n Tom\u00e1s del Ayuntamiento de la capital hispalense a 17 j\u00f3venes estudiantes de la tercera edici\u00f3n del curso \u2018Formaci\u00f3n para el empleo y la vida aut\u00f3noma de personas con discapacidad intelectual\u2019 (Fevida), un programa seleccionado por la Fundaci\u00f3n ONCE para formar a estos j\u00f3venes en la Universidad Pablo de Olavide. Durante el encuentro, este grupo de estudiantes, acompa\u00f1ados de la directora acad\u00e9mica del programa, Rosa D\u00edaz, ha presentado al alcalde una serie de propuestas que persiguen mejorar la vida de los habitantes de la ciudad. Junto a ellos, han asistido a la reuni\u00f3n el delegado del \u00c1rea de Bienestar Social, Empleo y Planes Integrales de Transformaci\u00f3n Social, Juan Manuel Flores, la directora general de Bienestar Social del Consistorio, Emilia Barroso, as\u00ed como representantes de la Asociaci\u00f3n Paz y Bien y la Asociaci\u00f3n Down Sevilla, colaboradores de la Universidad en este programa.<\/p>\n<p><a href=\"https:\/\/www.upo.es\/diario\/wp-content\/uploads\/2020\/02\/Fevida_AytoSevilla_1.jpg\"><img loading=\"lazy\" decoding=\"async\" class=\"alignright size-medium wp-image-30859710\" src=\"https:\/\/www.upo.es\/diario\/wp-content\/uploads\/2020\/02\/Fevida_AytoSevilla_1-360x240.jpg\" alt=\"\" width=\"360\" height=\"240\" srcset=\"https:\/\/www.upo.es\/diario\/wp-content\/uploads\/2020\/02\/Fevida_AytoSevilla_1-360x240.jpg 360w, https:\/\/www.upo.es\/diario\/wp-content\/uploads\/2020\/02\/Fevida_AytoSevilla_1-768x512.jpg 768w, https:\/\/www.upo.es\/diario\/wp-content\/uploads\/2020\/02\/Fevida_AytoSevilla_1-750x500.jpg 750w, https:\/\/www.upo.es\/diario\/wp-content\/uploads\/2020\/02\/Fevida_AytoSevilla_1-600x400.jpg 600w, https:\/\/www.upo.es\/diario\/wp-content\/uploads\/2020\/02\/Fevida_AytoSevilla_1-165x109.jpg 165w, https:\/\/www.upo.es\/diario\/wp-content\/uploads\/2020\/02\/Fevida_AytoSevilla_1-1320x880.jpg 1320w\" sizes=\"auto, (max-width: 360px) 100vw, 360px\" \/><\/a>Las preocupaciones de \u00edndole social son las que han centrado el contenido de esta reuni\u00f3n, en la que los alumnos y alumnas de la UPO han trasladado sus preocupaciones e ideas en materia de acoso escolar, sexualidad, adicciones, protecci\u00f3n de animales, transporte p\u00fablico, seguridad ciudadana, o personas mayores sin recursos, entre otras. Adem\u00e1s, tambi\u00e9n ha habido espacio para abordar algunas de las dificultades a las que se enfrentan las personas con diversidad funcional, como la inserci\u00f3n laboral o la necesidad de mejoras en determinadas infraestructuras de la ciudad.<\/p>\n<p>La elaboraci\u00f3n de esta bater\u00eda de medidas forma parte de las actividades de este t\u00edtulo propio de la UPO que, adem\u00e1s de la Fundaci\u00f3n ONCE, cuenta con financiaci\u00f3n del Fondo Social Europeo. Uno de los principales objetivos del programa, que se desarrolla tambi\u00e9n en una veintena de universidades espa\u00f1olas, es permitir que las personas con diversidad funcional cognitiva formen parte de la comunidad universitaria, aumenten sus posibilidades de inserci\u00f3n laboral y disfruten de una experiencia de vida.<\/p>\n<p>Adem\u00e1s, en la Universidad Pablo de Olavide el alumnado de Fevida cuenta tambi\u00e9n con la posibilidad de alojarse durante esta semana en la Residencia Flora Trist\u00e1n, una iniciativa pionera en este tipo de programas que pone de manifiesto el compromiso social por parte de la UPO para trabajar por la autonom\u00eda de este colectivo.\u00a0El pr\u00f3ximo domingo 23 de febrero finaliza el periodo de inmersi\u00f3n de los j\u00f3venes en esta residencia, instituci\u00f3n social referente en el Pol\u00edgono Sur de Sevilla.<\/p>\n","protected":false},"excerpt":{"rendered":"<p>El alcalde de Sevilla, Juan Espadas, ha recibido en el Sal\u00f3n Tom\u00e1s del Ayuntamiento de la capital hispalense a 17 j\u00f3venes estudiantes de la tercera edici\u00f3n del curso \u2018Formaci\u00f3n para el empleo y la vida aut\u00f3noma de personas con discapacidad intelectual\u2019 (Fevida), un programa seleccionado por la Fundaci\u00f3n ONCE para formar a estos j\u00f3venes en la Universidad Pablo de Olavide.<\/p>\n","protected":false},"author":4,"featured_media":30859709,"comment_status":"closed","ping_status":"open","sticky":false,"template":"","format":"standard","meta":{"_monsterinsights_skip_tracking":false,"_monsterinsights_sitenote_active":false,"_monsterinsights_sitenote_note":"","_monsterinsights_sitenote_category":0,"footnotes":""},"categories":[5843],"tags":[621,4499,5056,2878,82],"class_list":["post-30859708","post","type-post","status-publish","format-standard","has-post-thumbnail","hentry","category-cultura-social","tag-ayuntamiento-de-sevilla","tag-discapacidad-intelectual","tag-fevida","tag-fundacion-once","tag-postgrado"],"_links":{"self":[{"href":"https:\/\/www.upo.es\/diario\/wp-json\/wp\/v2\/posts\/30859708","targetHints":{"allow":["GET"]}}],"collection":[{"href":"https:\/\/www.upo.es\/diario\/wp-json\/wp\/v2\/posts"}],"about":[{"href":"https:\/\/www.upo.es\/diario\/wp-json\/wp\/v2\/types\/post"}],"author":[{"embeddable":true,"href":"https:\/\/www.upo.es\/diario\/wp-json\/wp\/v2\/users\/4"}],"replies":[{"embeddable":true,"href":"https:\/\/www.upo.es\/diario\/wp-json\/wp\/v2\/comments?post=30859708"}],"version-history":[{"count":2,"href":"https:\/\/www.upo.es\/diario\/wp-json\/wp\/v2\/posts\/30859708\/revisions"}],"predecessor-version":[{"id":30859717,"href":"https:\/\/www.upo.es\/diario\/wp-json\/wp\/v2\/posts\/30859708\/revisions\/30859717"}],"wp:featuredmedia":[{"embeddable":true,"href":"https:\/\/www.upo.es\/diario\/wp-json\/wp\/v2\/media\/30859709"}],"wp:attachment":[{"href":"https:\/\/www.upo.es\/diario\/wp-json\/wp\/v2\/media?parent=30859708"}],"wp:term":[{"taxonomy":"category","embeddable":true,"href":"https:\/\/www.upo.es\/diario\/wp-json\/wp\/v2\/categories?post=30859708"},{"taxonomy":"post_tag","embeddable":true,"href":"https:\/\/www.upo.es\/diario\/wp-json\/wp\/v2\/tags?post=30859708"}],"curies":[{"name":"wp","href":"https:\/\/api.w.org\/{rel}","templated":true}]}}