{"id":30859712,"date":"2020-02-20T10:43:52","date_gmt":"2020-02-20T09:43:52","guid":{"rendered":"https:\/\/www.upo.es\/diario\/?p=30859712"},"modified":"2020-02-20T14:49:00","modified_gmt":"2020-02-20T13:49:00","slug":"alrededor-de-300-estudiantes-se-dan-cita-en-factoria-cultural-para-participar-en-una-jornada-sobre-la-memoria-historica","status":"publish","type":"post","link":"https:\/\/www.upo.es\/diario\/docencia-formacion\/2020\/02\/alrededor-de-300-estudiantes-se-dan-cita-en-factoria-cultural-para-participar-en-una-jornada-sobre-la-memoria-historica\/","title":{"rendered":"Alrededor de 300 estudiantes se dan cita en Factor\u00eda Cultural para participar en una jornada sobre la memoria hist\u00f3rica"},"content":{"rendered":"<p><a href=\"https:\/\/www.upo.es\/diario\/wp-content\/uploads\/2020\/02\/el-silencio-de-otros-cartel.jpg\"><img loading=\"lazy\" decoding=\"async\" class=\"alignright size-medium wp-image-30859714\" src=\"https:\/\/www.upo.es\/diario\/wp-content\/uploads\/2020\/02\/el-silencio-de-otros-cartel-260x360.jpg\" alt=\"\" width=\"260\" height=\"360\" srcset=\"https:\/\/www.upo.es\/diario\/wp-content\/uploads\/2020\/02\/el-silencio-de-otros-cartel-260x360.jpg 260w, https:\/\/www.upo.es\/diario\/wp-content\/uploads\/2020\/02\/el-silencio-de-otros-cartel-768x1062.jpg 768w, https:\/\/www.upo.es\/diario\/wp-content\/uploads\/2020\/02\/el-silencio-de-otros-cartel-543x750.jpg 543w, https:\/\/www.upo.es\/diario\/wp-content\/uploads\/2020\/02\/el-silencio-de-otros-cartel-600x829.jpg 600w, https:\/\/www.upo.es\/diario\/wp-content\/uploads\/2020\/02\/el-silencio-de-otros-cartel-1320x1824.jpg 1320w, https:\/\/www.upo.es\/diario\/wp-content\/uploads\/2020\/02\/el-silencio-de-otros-cartel.jpg 1638w\" sizes=\"auto, (max-width: 260px) 100vw, 260px\" \/><\/a>Alrededor de 300 estudiantes de Bachillerato y grado medio de centros educativos de Sevilla y otras provincias de Andaluc\u00eda han asistido esta ma\u00f1ana al auditorio de Factor\u00eda Cultural para asistir a la <strong>proyecci\u00f3n, y posterior coloquio, del documental \u2018El silencio de otros\u2019<\/strong>; una cinta en torno a los cr\u00edmenes contra la humanidad cometidos durante el franquismo que retrata la lucha silenciada de las v\u00edctimas de la dictadura.<\/p>\n<p>La iniciativa, <strong>organizada por la Residencia Universitaria Flora Trist\u00e1n y la plataforma &#8216;Nosotros Tambi\u00e9n Somos Sevilla&#8217;<\/strong>, ha tenido como objetivo acercar a los m\u00e1s j\u00f3venes a la memoria hist\u00f3rica y visibilizar la lucha por la justicia que llevan a cabo algunos vecinos del Pol\u00edgono Sur, as\u00ed como impulsar al barrio como generador de redes para la cultura y el saber. Al acto ha asistido la delegada del Distrito Sur, Mar\u00eda Luisa G\u00f3mez, y el director general de la Residencia Flora Trist\u00e1n, Germ\u00e1n Jara\u00edz.<\/p>\n<p>En la sesi\u00f3n han participado estudiantes de varios centros del Pol\u00edgono Sur (IES Ram\u00f3n Carande, IES Pol\u00edgono Sur, el CEPER Pol\u00edgono Sur y la Asociaci\u00f3n Nacional Presencia Gitana), adem\u00e1s de alumnos de otros centros sevillanos (IES San Jer\u00f3nimo y Proyecto ERGOS) y de otras provincias andaluzas (IES Averroes, de C\u00f3rdoba; e IES Manuel Reina, del municipio cordob\u00e9s de Puente Genil).<\/p>\n<p>El documental <a href=\"https:\/\/thesilenceofothers.com\/castellano\/\">\u2018El silencio de otros\u2019<\/a>, dirigido por Almudena Carracedo y Robert Bahar, fue presentado en el Festival de Cine Europeo de Sevilla en 2018 y, un a\u00f1o despu\u00e9s, se alz\u00f3 con el premio Goya a la Mejor Pel\u00edcula Documental y el Forqu\u00e9 al Mejor Documental, tras hacerse con el premio del p\u00fablico de la Secci\u00f3n Panorama y el Premio del Cine por la Paz en la Berlinale de 2018, entre otros tantos galardones y nominaciones.<\/p>\n<p>Tras la proyecci\u00f3n, los estudiantes han podido participar en un coloquio que ha reunido a varios expertos en la materia, como Paqui Maqueda, vecina del Pol\u00edgono Sur y una de las protagonistas del documental; el periodista especializado en Derechos Humanos y memoria hist\u00f3rica Juan Miguel Baquero; el portavoz del movimiento memorialista que agrupa a medio centenar de asociaciones andaluzas, Juan Morillo; y el historiador Jos\u00e9 D\u00edaz.<\/p>\n<p>La iniciativa se completa con una <strong>sesi\u00f3n de tarde en la Residencia Universitaria Flora Trist\u00e1n<\/strong> en la que tomar\u00e1n parte el tejido asociativo del Pol\u00edgono Sur junto la comunidad universitaria de la Residencia y de las distintas universidades sevillanas.<\/p>\n<p>Factor\u00eda Cultural es un equipamiento del Ayuntamiento de Sevilla situado en el Pol\u00edgono Sur de 3.300 metros cuadrados dividido en tres plantas y que cuenta con espacio para usos m\u00faltiples, como talleres, aulas de ense\u00f1anza de m\u00fasica y danza, salas polivalentes y multimedia, zonas de exposiciones y un gran auditorio. Tiene como cometido ser un lugar de encuentro y creaci\u00f3n art\u00edstica que est\u00e9 al servicio de la comunidad para propulsar la organizaci\u00f3n de tejido art\u00edstico de la zona.<\/p>\n<p>Fuente: Ayuntamiento de Sevilla<\/p>\n","protected":false},"excerpt":{"rendered":"<p>Alrededor de 300 estudiantes de Bachillerato y grado medio de centros educativos de Sevilla y otras provincias de Andaluc\u00eda han asistido esta ma\u00f1ana al auditorio de Factor\u00eda Cultural para asistir a la proyecci\u00f3n, y posterior coloquio, del documental \u2018El silencio de otros\u2019; una cinta en torno a los cr\u00edmenes contra la humanidad cometidos durante el franquismo que retrata la lucha<a class=\"read-more\" href=\"https:\/\/www.upo.es\/diario\/docencia-formacion\/2020\/02\/alrededor-de-300-estudiantes-se-dan-cita-en-factoria-cultural-para-participar-en-una-jornada-sobre-la-memoria-historica\/\">[Read More&#8230;]<\/a><\/p>\n","protected":false},"author":6,"featured_media":30859714,"comment_status":"closed","ping_status":"open","sticky":false,"template":"","format":"standard","meta":{"_monsterinsights_skip_tracking":false,"_monsterinsights_sitenote_active":false,"_monsterinsights_sitenote_note":"","_monsterinsights_sitenote_category":0,"footnotes":""},"categories":[2779],"tags":[621,937,222,6527,1085,357,1745],"class_list":["post-30859712","post","type-post","status-publish","format-standard","has-post-thumbnail","hentry","category-docencia-formacion","tag-ayuntamiento-de-sevilla","tag-cine","tag-documental","tag-factoria-cultural","tag-memoria-historica","tag-poligono-sur","tag-residencia-universitaria-flora-tristan"],"_links":{"self":[{"href":"https:\/\/www.upo.es\/diario\/wp-json\/wp\/v2\/posts\/30859712","targetHints":{"allow":["GET"]}}],"collection":[{"href":"https:\/\/www.upo.es\/diario\/wp-json\/wp\/v2\/posts"}],"about":[{"href":"https:\/\/www.upo.es\/diario\/wp-json\/wp\/v2\/types\/post"}],"author":[{"embeddable":true,"href":"https:\/\/www.upo.es\/diario\/wp-json\/wp\/v2\/users\/6"}],"replies":[{"embeddable":true,"href":"https:\/\/www.upo.es\/diario\/wp-json\/wp\/v2\/comments?post=30859712"}],"version-history":[{"count":2,"href":"https:\/\/www.upo.es\/diario\/wp-json\/wp\/v2\/posts\/30859712\/revisions"}],"predecessor-version":[{"id":30859715,"href":"https:\/\/www.upo.es\/diario\/wp-json\/wp\/v2\/posts\/30859712\/revisions\/30859715"}],"wp:featuredmedia":[{"embeddable":true,"href":"https:\/\/www.upo.es\/diario\/wp-json\/wp\/v2\/media\/30859714"}],"wp:attachment":[{"href":"https:\/\/www.upo.es\/diario\/wp-json\/wp\/v2\/media?parent=30859712"}],"wp:term":[{"taxonomy":"category","embeddable":true,"href":"https:\/\/www.upo.es\/diario\/wp-json\/wp\/v2\/categories?post=30859712"},{"taxonomy":"post_tag","embeddable":true,"href":"https:\/\/www.upo.es\/diario\/wp-json\/wp\/v2\/tags?post=30859712"}],"curies":[{"name":"wp","href":"https:\/\/api.w.org\/{rel}","templated":true}]}}