{"id":30859718,"date":"2020-02-20T16:08:47","date_gmt":"2020-02-20T15:08:47","guid":{"rendered":"https:\/\/www.upo.es\/diario\/?p=30859718"},"modified":"2022-09-01T11:25:55","modified_gmt":"2022-09-01T09:25:55","slug":"la-bilioteca-crai-de-la-upo-recibe-la-obra-historia-general-del-pueblo-dominicano","status":"publish","type":"post","link":"https:\/\/www.upo.es\/diario\/comunidad\/2020\/02\/la-bilioteca-crai-de-la-upo-recibe-la-obra-historia-general-del-pueblo-dominicano\/","title":{"rendered":"La Biblioteca-CRAI de la UPO recibe la obra \u2018Historia general del pueblo dominicano\u2019"},"content":{"rendered":"<figure id=\"attachment_30859719\" aria-describedby=\"caption-attachment-30859719\" style=\"width: 750px\" class=\"wp-caption aligncenter\"><a href=\"https:\/\/www.upo.es\/diario\/wp-content\/uploads\/2020\/02\/Libros_Hist-RepDominicana-UPO_20200220_2.jpg\"><img loading=\"lazy\" decoding=\"async\" class=\"size-large wp-image-30859719\" src=\"https:\/\/www.upo.es\/diario\/wp-content\/uploads\/2020\/02\/Libros_Hist-RepDominicana-UPO_20200220_2-750x422.jpg\" alt=\"\" width=\"750\" height=\"422\" srcset=\"https:\/\/www.upo.es\/diario\/wp-content\/uploads\/2020\/02\/Libros_Hist-RepDominicana-UPO_20200220_2-750x422.jpg 750w, https:\/\/www.upo.es\/diario\/wp-content\/uploads\/2020\/02\/Libros_Hist-RepDominicana-UPO_20200220_2-360x203.jpg 360w, https:\/\/www.upo.es\/diario\/wp-content\/uploads\/2020\/02\/Libros_Hist-RepDominicana-UPO_20200220_2-768x432.jpg 768w, https:\/\/www.upo.es\/diario\/wp-content\/uploads\/2020\/02\/Libros_Hist-RepDominicana-UPO_20200220_2-600x338.jpg 600w, https:\/\/www.upo.es\/diario\/wp-content\/uploads\/2020\/02\/Libros_Hist-RepDominicana-UPO_20200220_2-1320x743.jpg 1320w\" sizes=\"auto, (max-width: 750px) 100vw, 750px\" \/><\/a><figcaption id=\"caption-attachment-30859719\" class=\"wp-caption-text\">A la izquierda de la imagen Juan Marchena y el embajador Olivo Rodr\u00edguez haciendo entrega de los vol\u00famenes a Pilar Rodr\u00edguez y Roc\u00edo Fern\u00e1ndez, coordinadora de la Biblioteca<\/figcaption><\/figure>\n<p>La Biblioteca-CRAI de la Universidad Pablo de Olavide ha recibido hoy la obra <strong>\u2018Historia General del Pueblo Dominicano\u2019<\/strong>, seis tomos, cada uno de ellos coordinado por un especialista en asuntos dominicanos, que comprende desde el per\u00edodo de las culturas abor\u00edgenes, la conquista y el proceso hist\u00f3rico del siglo XVI hasta la muerte del dictador Rafael Le\u00f3nidas Trujillo, en mayo de 1961.<\/p>\n<p>La obra ha sido entregada hoy, en un acto institucional, por el Embajador de la Rep\u00fablica Dominicana, <strong>Olivo Rodr\u00edguez Huertas<\/strong>, y el presidente de la Academia Dominicana de la Historia, <strong>Jos\u00e9 Chez Checo<\/strong>, quienes han sido recibidos por la vicerrectora de Relaciones Institucionales de la Universidad Pablo de Olavide, <strong>Pilar Rodr\u00edguez Reina<\/strong>, acompa\u00f1ada por <strong>Juan Marchena<\/strong>, catedr\u00e1tico y director del \u00c1rea de Historia de Am\u00e9rica de la UPO y coordinador del acto.<\/p>\n<p>A la cita tambi\u00e9n han asistido cinco acad\u00e9micos de la <strong>Academia Dominicana de la Historia<\/strong>, estudiantes del M\u00e1ster en \u2018Historia de Am\u00e9rica Latina. Mundos Ind\u00edgenas\u2019 de la UPO, procedentes de 10 pa\u00edses latinoamericanos, y los doctorandos en las l\u00edneas de investigaci\u00f3n en Historia Americana.<\/p>\n<p>&nbsp;<\/p>\n","protected":false},"excerpt":{"rendered":"<p>La Biblioteca-CRAI de la Universidad Pablo de Olavide ha recibido hoy la obra \u2018Historia General del Pueblo Dominicano\u2019, seis tomos, cada uno de ellos coordinado por un especialista en asuntos dominicanos, que comprende desde el per\u00edodo de las culturas abor\u00edgenes, la conquista y el proceso hist\u00f3rico del siglo XVI hasta la muerte del dictador Rafael Le\u00f3nidas Trujillo, en mayo de 1961. <\/p>\n","protected":false},"author":6,"featured_media":30859719,"comment_status":"closed","ping_status":"open","sticky":false,"template":"","format":"standard","meta":{"_monsterinsights_skip_tracking":false,"_monsterinsights_sitenote_active":false,"_monsterinsights_sitenote_note":"","_monsterinsights_sitenote_category":0,"footnotes":""},"categories":[5842],"tags":[269,2491,418,150,6572],"class_list":["post-30859718","post","type-post","status-publish","format-standard","has-post-thumbnail","hentry","category-comunidad","tag-america","tag-biblioteca-crai","tag-donacion","tag-historia","tag-republica-dominicana"],"_links":{"self":[{"href":"https:\/\/www.upo.es\/diario\/wp-json\/wp\/v2\/posts\/30859718","targetHints":{"allow":["GET"]}}],"collection":[{"href":"https:\/\/www.upo.es\/diario\/wp-json\/wp\/v2\/posts"}],"about":[{"href":"https:\/\/www.upo.es\/diario\/wp-json\/wp\/v2\/types\/post"}],"author":[{"embeddable":true,"href":"https:\/\/www.upo.es\/diario\/wp-json\/wp\/v2\/users\/6"}],"replies":[{"embeddable":true,"href":"https:\/\/www.upo.es\/diario\/wp-json\/wp\/v2\/comments?post=30859718"}],"version-history":[{"count":2,"href":"https:\/\/www.upo.es\/diario\/wp-json\/wp\/v2\/posts\/30859718\/revisions"}],"predecessor-version":[{"id":30874760,"href":"https:\/\/www.upo.es\/diario\/wp-json\/wp\/v2\/posts\/30859718\/revisions\/30874760"}],"wp:featuredmedia":[{"embeddable":true,"href":"https:\/\/www.upo.es\/diario\/wp-json\/wp\/v2\/media\/30859719"}],"wp:attachment":[{"href":"https:\/\/www.upo.es\/diario\/wp-json\/wp\/v2\/media?parent=30859718"}],"wp:term":[{"taxonomy":"category","embeddable":true,"href":"https:\/\/www.upo.es\/diario\/wp-json\/wp\/v2\/categories?post=30859718"},{"taxonomy":"post_tag","embeddable":true,"href":"https:\/\/www.upo.es\/diario\/wp-json\/wp\/v2\/tags?post=30859718"}],"curies":[{"name":"wp","href":"https:\/\/api.w.org\/{rel}","templated":true}]}}