{"id":30859721,"date":"2020-02-20T16:20:19","date_gmt":"2020-02-20T15:20:19","guid":{"rendered":"https:\/\/www.upo.es\/diario\/?p=30859721"},"modified":"2020-03-04T16:53:45","modified_gmt":"2020-03-04T15:53:45","slug":"factoria-cultural-abre-la-convocatoria-para-participar-en-el-ii-campus-poligono-sur","status":"publish","type":"post","link":"https:\/\/www.upo.es\/diario\/cultura\/2020\/02\/factoria-cultural-abre-la-convocatoria-para-participar-en-el-ii-campus-poligono-sur\/","title":{"rendered":"Factor\u00eda Cultural abre la convocatoria para participar en el II Campus Pol\u00edgono Sur"},"content":{"rendered":"<p><a href=\"https:\/\/www.upo.es\/diario\/wp-content\/uploads\/2020\/02\/CAMPUS-PoligonoSur-2020-Cartel.png\"><img loading=\"lazy\" decoding=\"async\" class=\"alignright wp-image-30859722\" src=\"https:\/\/www.upo.es\/diario\/wp-content\/uploads\/2020\/02\/CAMPUS-PoligonoSur-2020-Cartel-259x360.png\" alt=\"II Campus Pol\u00edgono Sur\" width=\"320\" height=\"445\" srcset=\"https:\/\/www.upo.es\/diario\/wp-content\/uploads\/2020\/02\/CAMPUS-PoligonoSur-2020-Cartel-259x360.png 259w, https:\/\/www.upo.es\/diario\/wp-content\/uploads\/2020\/02\/CAMPUS-PoligonoSur-2020-Cartel-768x1068.png 768w, https:\/\/www.upo.es\/diario\/wp-content\/uploads\/2020\/02\/CAMPUS-PoligonoSur-2020-Cartel-539x750.png 539w, https:\/\/www.upo.es\/diario\/wp-content\/uploads\/2020\/02\/CAMPUS-PoligonoSur-2020-Cartel-600x834.png 600w, https:\/\/www.upo.es\/diario\/wp-content\/uploads\/2020\/02\/CAMPUS-PoligonoSur-2020-Cartel-1320x1836.png 1320w\" sizes=\"auto, (max-width: 320px) 100vw, 320px\" \/><\/a>Campus Pol\u00edgono Sur ha abierto el plazo de inscripci\u00f3n para participar en la <strong>segunda edici\u00f3n de esta iniciativa art\u00edstico-formativa que tiene como objeto trabajar desde Pol\u00edgono Sur para incluir a este barrio en la ciudad de Sevilla, generando un espacio para la creaci\u00f3n art\u00edstica que promueva la reflexi\u00f3n sobre arte, sociedad, territorio y ciudadan\u00eda<\/strong>.<\/p>\n<p>Hasta el 16 de marzo, y a trav\u00e9s del correo <u><a href=\"mailto:campuspoligonosur@gmail.com\">campuspoligonosur@gmail.com<\/a><\/u>, podr\u00e1n formalizar su inscripci\u00f3n aquellas personas que quieran tomar parte en esta nueva propuesta que organizan Factor\u00eda Cultural, la Universidad Pablo de Olavide, a trav\u00e9s del <strong>proyecto Atalaya <a href=\"https:\/\/www.arteycompromiso.com\/\">\u2018Arte y Compromiso Experiencias para el Cambio Social\u2019<\/a><\/strong>, que se coordina desde el <strong>Vicerrectorado de Cultura y Compromiso Social<\/strong> de dicha Universidad, y la Universidad Loyola Andaluc\u00eda, contando tambi\u00e9n con la colaboraci\u00f3n de la Universidad de Sevilla.<\/p>\n<p>Al igual que la primera edici\u00f3n, <strong>el Campus se desarrollar\u00e1 en dos fases y contar\u00e1 con plazas limitadas<\/strong>. En la primera de ellas (del 26 al 28 de marzo) se tratar\u00e1n los fundamentos te\u00f3ricos y en la segunda (del 30 de marzo al 3 de abril) se realizar\u00e1n los talleres y se expondr\u00e1n sus resultados.<\/p>\n<p>En esta ocasi\u00f3n, las<strong> charlas-debate<\/strong> correr\u00e1n a cargo del artista Pedro G. Romero y la investigadora, profesora y escritora Ana Longoni. Escultor, pintor y cr\u00edtico de arte, Romero ha trabajado en la direcci\u00f3n art\u00edstica del bailaor Israel Galv\u00e1n y con el Ni\u00f1o de Elche, Roc\u00edo M\u00e1rquez o Tom\u00e1s de Perrate. Asimismo, ha trabajado c\u00f3mo comisario en varios proyectos. Por su parte, Ana Longoni es tambi\u00e9n doctora en arte y, desde 2018, directora de Actividades P\u00fablicas del Museo Reina Sof\u00eda.<\/p>\n<p>De otro lado, los<strong> talleres pr\u00e1cticos<\/strong> estar\u00e1n conducidos por la historiadora del arte Guille Mongan y el dibujante y escritor sevillano Miguel Brieva, con varios libros en su haber y trabajos para publicaciones como <em>El Jueves<\/em>, <em>Cineman\u00eda<\/em>, <em>El Pa\u00eds<\/em> o <em>Rolling Stone<\/em>. Ambos se encargar\u00e1n de los talleres de creaci\u00f3n art\u00edstica. Pero, adem\u00e1s, los alumnos tendr\u00e1n la posibilidad de colaborar con una serie de mentores vinculados a las artes visuales que, bas\u00e1ndose en su trayectoria y experiencia, podr\u00e1n aconsejar, estimular y guiar los conocimientos y producciones art\u00edsticas de estos.<\/p>\n<p>A trav\u00e9s de ambas partes, la segunda edici\u00f3n de Campus Pol\u00edgono Sur propone herramientas para reflexionar sobre lo representacional y los espacios de encuentro entre las construcciones binarias y jer\u00e1rquicas de la cultura (centro-periferia, baja y alta cultura, raz\u00f3n y deseo). As\u00ed, los alumnos explorar\u00e1n c\u00f3mo ser\u00eda una inversi\u00f3n simb\u00f3lica de estas jerarqu\u00edas y sus manifestaciones art\u00edsticas, poniendo el foco en el campo gr\u00e1fico.<\/p>\n<p>La primera edici\u00f3n de esta iniciativa (\u2018Arte de contexto en la periferia\u2019) finaliz\u00f3 el pasado mes de octubre con la publicaci\u00f3n del videoclip \u2018<u><a href=\"https:\/\/www.youtube.com\/watch?v=icRc4mPTbZQ&amp;vl=es\">Aqu\u00ed Pol\u00edgono Sur\u2019<\/a><\/u>, dirigido por el cineasta Paco Ba\u00f1os y con m\u00fasica del guitarrista Ra\u00fal Cantizano, en el que se mostraba el reclamo de los vecinos por ser incluidos como vecinos de Sevilla. En la realizaci\u00f3n del videoclip se involucraron artistas del barrio o que mantienen una estrecha relaci\u00f3n con \u00e9l, de diferentes procedencias y estilos, como Emilio Caracaf\u00e9, Negro Jari, Samu, el Coro Meridianos, Afrika Move o el colectivo Fuera de Serie.<\/p>\n<p><strong>Factor\u00eda Cultural<\/strong> es un equipamiento del Ayuntamiento de Sevilla situado en el Pol\u00edgono Sur de 3.300 metros cuadrados dividido en tres plantas y que cuenta con espacio para usos m\u00faltiples, como talleres, aulas de ense\u00f1anza de m\u00fasica y danza, salas polivalentes y multimedia, zonas de exposiciones y un gran auditorio. Tiene como cometido ser un lugar de encuentro y creaci\u00f3n art\u00edstica que est\u00e9 al servicio de la comunidad para propulsar la organizaci\u00f3n de tejido art\u00edstico de la zona.<\/p>\n<p>En este sentido, Factor\u00eda Cultural cuenta con la participaci\u00f3n de diferentes colectivos y artistas del Pol\u00edgono Sur, lo que lo convierte en un espacio vivo en el que tienen cabida las iniciativas culturales que se generan en el barrio, as\u00ed como las acciones impulsadas por otros colectivos culturales de la ciudad.<\/p>\n<p>&gt; <a href=\"http:\/\/www.icas-sevilla.org\/uploads\/recursos\/2020\/Documentos\/Factoria\/PROGRAMA%20DE%20CONTENIDOS__compressed.pdf\">Programa completo de contenidos -pdf-<\/a><\/p>\n<p>Fuente: Ayuntamiento de Sevilla<\/p>\n","protected":false},"excerpt":{"rendered":"<p>Campus Pol\u00edgono Sur ha abierto el plazo de inscripci\u00f3n para participar en la segunda edici\u00f3n de esta iniciativa art\u00edstico-formativa que tiene como objeto trabajar desde Pol\u00edgono Sur para incluir a este barrio en la ciudad de Sevilla, generando un espacio para la creaci\u00f3n art\u00edstica que promueva la reflexi\u00f3n sobre arte, sociedad, territorio y ciudadan\u00eda.<\/p>\n","protected":false},"author":6,"featured_media":30859722,"comment_status":"closed","ping_status":"open","sticky":false,"template":"","format":"standard","meta":{"_monsterinsights_skip_tracking":false,"_monsterinsights_sitenote_active":false,"_monsterinsights_sitenote_note":"","_monsterinsights_sitenote_category":0,"footnotes":""},"categories":[5843,7],"tags":[4033,621,6527,357,94,433],"class_list":["post-30859721","post","type-post","status-publish","format-standard","has-post-thumbnail","hentry","category-cultura-social","category-cultura","tag-arte-y-compromiso","tag-ayuntamiento-de-sevilla","tag-factoria-cultural","tag-poligono-sur","tag-proyecto-atalaya","tag-universidad-loyola-andalucia"],"_links":{"self":[{"href":"https:\/\/www.upo.es\/diario\/wp-json\/wp\/v2\/posts\/30859721","targetHints":{"allow":["GET"]}}],"collection":[{"href":"https:\/\/www.upo.es\/diario\/wp-json\/wp\/v2\/posts"}],"about":[{"href":"https:\/\/www.upo.es\/diario\/wp-json\/wp\/v2\/types\/post"}],"author":[{"embeddable":true,"href":"https:\/\/www.upo.es\/diario\/wp-json\/wp\/v2\/users\/6"}],"replies":[{"embeddable":true,"href":"https:\/\/www.upo.es\/diario\/wp-json\/wp\/v2\/comments?post=30859721"}],"version-history":[{"count":2,"href":"https:\/\/www.upo.es\/diario\/wp-json\/wp\/v2\/posts\/30859721\/revisions"}],"predecessor-version":[{"id":30859724,"href":"https:\/\/www.upo.es\/diario\/wp-json\/wp\/v2\/posts\/30859721\/revisions\/30859724"}],"wp:featuredmedia":[{"embeddable":true,"href":"https:\/\/www.upo.es\/diario\/wp-json\/wp\/v2\/media\/30859722"}],"wp:attachment":[{"href":"https:\/\/www.upo.es\/diario\/wp-json\/wp\/v2\/media?parent=30859721"}],"wp:term":[{"taxonomy":"category","embeddable":true,"href":"https:\/\/www.upo.es\/diario\/wp-json\/wp\/v2\/categories?post=30859721"},{"taxonomy":"post_tag","embeddable":true,"href":"https:\/\/www.upo.es\/diario\/wp-json\/wp\/v2\/tags?post=30859721"}],"curies":[{"name":"wp","href":"https:\/\/api.w.org\/{rel}","templated":true}]}}