{"id":30859751,"date":"2020-02-24T14:28:27","date_gmt":"2020-02-24T13:28:27","guid":{"rendered":"https:\/\/www.upo.es\/diario\/?p=30859751"},"modified":"2020-02-24T14:38:50","modified_gmt":"2020-02-24T13:38:50","slug":"presentada-en-la-upo-la-nueva-app-del-carne-joven-del-instituto-andaluz-de-la-juventud","status":"publish","type":"post","link":"https:\/\/www.upo.es\/diario\/comunidad\/2020\/02\/presentada-en-la-upo-la-nueva-app-del-carne-joven-del-instituto-andaluz-de-la-juventud\/","title":{"rendered":"Presentada en la UPO la nueva app del Carn\u00e9 Joven del Instituto Andaluz de la Juventud"},"content":{"rendered":"<p><a href=\"https:\/\/www.upo.es\/diario\/wp-content\/uploads\/2020\/02\/app-carne-joven.jpg\"><img loading=\"lazy\" decoding=\"async\" class=\"aligncenter size-large wp-image-30859756\" src=\"https:\/\/www.upo.es\/diario\/wp-content\/uploads\/2020\/02\/app-carne-joven-750x563.jpg\" alt=\"presentaci\u00f3n de la nueva app del IAJ\" width=\"750\" height=\"563\" srcset=\"https:\/\/www.upo.es\/diario\/wp-content\/uploads\/2020\/02\/app-carne-joven-750x563.jpg 750w, https:\/\/www.upo.es\/diario\/wp-content\/uploads\/2020\/02\/app-carne-joven-360x270.jpg 360w, https:\/\/www.upo.es\/diario\/wp-content\/uploads\/2020\/02\/app-carne-joven-768x576.jpg 768w, https:\/\/www.upo.es\/diario\/wp-content\/uploads\/2020\/02\/app-carne-joven-600x450.jpg 600w, https:\/\/www.upo.es\/diario\/wp-content\/uploads\/2020\/02\/app-carne-joven-1320x990.jpg 1320w, https:\/\/www.upo.es\/diario\/wp-content\/uploads\/2020\/02\/app-carne-joven.jpg 2016w\" sizes=\"auto, (max-width: 750px) 100vw, 750px\" \/><\/a>La consejera de Igualdad, Pol\u00edticas Sociales y Conciliaci\u00f3n, <strong>Roc\u00edo Ruiz<\/strong>, ha presentado hoy en la Universidad Pablo de Olavide la <strong>nueva app del Carn\u00e9 Joven del Instituto Andaluz de la Juventud<\/strong>\u00a0 en un acto en el que tambi\u00e9n ha estado presente el director del Instituto Andaluz de la Juventud, <strong>David Morales<\/strong>, y el vicerrector de Estrategia, Empleabilidad y Emprendimiento de la UPO,<strong> Jos\u00e9 Manuel Feria<\/strong>.<\/p>\n<figure id=\"attachment_30859753\" aria-describedby=\"caption-attachment-30859753\" style=\"width: 360px\" class=\"wp-caption alignright\"><a href=\"https:\/\/www.upo.es\/diario\/wp-content\/uploads\/2020\/02\/Present_APP-Carne-Joven_2020_02_24_21.jpg\"><img loading=\"lazy\" decoding=\"async\" class=\"size-medium wp-image-30859753\" src=\"https:\/\/www.upo.es\/diario\/wp-content\/uploads\/2020\/02\/Present_APP-Carne-Joven_2020_02_24_21-360x203.jpg\" alt=\"\" width=\"360\" height=\"203\" srcset=\"https:\/\/www.upo.es\/diario\/wp-content\/uploads\/2020\/02\/Present_APP-Carne-Joven_2020_02_24_21-360x203.jpg 360w, https:\/\/www.upo.es\/diario\/wp-content\/uploads\/2020\/02\/Present_APP-Carne-Joven_2020_02_24_21-768x432.jpg 768w, https:\/\/www.upo.es\/diario\/wp-content\/uploads\/2020\/02\/Present_APP-Carne-Joven_2020_02_24_21-750x422.jpg 750w, https:\/\/www.upo.es\/diario\/wp-content\/uploads\/2020\/02\/Present_APP-Carne-Joven_2020_02_24_21-600x338.jpg 600w, https:\/\/www.upo.es\/diario\/wp-content\/uploads\/2020\/02\/Present_APP-Carne-Joven_2020_02_24_21-1320x743.jpg 1320w\" sizes=\"auto, (max-width: 360px) 100vw, 360px\" \/><\/a><figcaption id=\"caption-attachment-30859753\" class=\"wp-caption-text\">David Morales durante la presentaci\u00f3n de la nueva app del IAJ<\/figcaption><\/figure>\n<p>La nueva app del Carn\u00e9 Joven, <strong>\u2018Descuentos CJ\u2019<\/strong>, proporciona descripci\u00f3n y localizaci\u00f3n de descuentos y ofertas de las entidades adheridas al programa. De esta manera, es posible encontrar las ofertas m\u00e1s cercanas o realizar una b\u00fasquedas de las mismas espec\u00edficamente. Asimismo, sirve para localizar los Centros de Informaci\u00f3n Juvenil y las Direcciones Provinciales.<\/p>\n","protected":false},"excerpt":{"rendered":"<p>La consejera de Igualdad, Pol\u00edticas Sociales y Conciliaci\u00f3n, Roc\u00edo Ruiz, ha presentado en la Universidad Pablo de Olavide la nueva app del Carn\u00e9 Joven del Instituto Andaluz de la Juventud\u00a0 en un acto en el que tambi\u00e9n ha estado presente el director del Instituto Andaluz de la Juventud, David Morales, y el vicerrector de Estrategia, Empleabilidad y Emprendimiento de la Universidad Pablo de Olavide, Jos\u00e9 Manuel Feria.<\/p>\n","protected":false},"author":6,"featured_media":30859756,"comment_status":"closed","ping_status":"open","sticky":false,"template":"","format":"standard","meta":{"_monsterinsights_skip_tracking":false,"_monsterinsights_sitenote_active":false,"_monsterinsights_sitenote_note":"","_monsterinsights_sitenote_category":0,"footnotes":""},"categories":[5842],"tags":[1023,5903,1069,2022,334],"class_list":["post-30859751","post","type-post","status-publish","format-standard","has-post-thumbnail","hentry","category-comunidad","tag-app","tag-consejeria-de-igualdad-politicas-sociales-y-conciliacion","tag-instituto-andaluz-de-la-juventud","tag-jose-manuel-feria","tag-presentacion"],"_links":{"self":[{"href":"https:\/\/www.upo.es\/diario\/wp-json\/wp\/v2\/posts\/30859751","targetHints":{"allow":["GET"]}}],"collection":[{"href":"https:\/\/www.upo.es\/diario\/wp-json\/wp\/v2\/posts"}],"about":[{"href":"https:\/\/www.upo.es\/diario\/wp-json\/wp\/v2\/types\/post"}],"author":[{"embeddable":true,"href":"https:\/\/www.upo.es\/diario\/wp-json\/wp\/v2\/users\/6"}],"replies":[{"embeddable":true,"href":"https:\/\/www.upo.es\/diario\/wp-json\/wp\/v2\/comments?post=30859751"}],"version-history":[{"count":4,"href":"https:\/\/www.upo.es\/diario\/wp-json\/wp\/v2\/posts\/30859751\/revisions"}],"predecessor-version":[{"id":30859758,"href":"https:\/\/www.upo.es\/diario\/wp-json\/wp\/v2\/posts\/30859751\/revisions\/30859758"}],"wp:featuredmedia":[{"embeddable":true,"href":"https:\/\/www.upo.es\/diario\/wp-json\/wp\/v2\/media\/30859756"}],"wp:attachment":[{"href":"https:\/\/www.upo.es\/diario\/wp-json\/wp\/v2\/media?parent=30859751"}],"wp:term":[{"taxonomy":"category","embeddable":true,"href":"https:\/\/www.upo.es\/diario\/wp-json\/wp\/v2\/categories?post=30859751"},{"taxonomy":"post_tag","embeddable":true,"href":"https:\/\/www.upo.es\/diario\/wp-json\/wp\/v2\/tags?post=30859751"}],"curies":[{"name":"wp","href":"https:\/\/api.w.org\/{rel}","templated":true}]}}