{"id":30859784,"date":"2020-02-26T06:43:30","date_gmt":"2020-02-26T05:43:30","guid":{"rendered":"https:\/\/www.upo.es\/diario\/?p=30859784"},"modified":"2020-02-26T09:04:49","modified_gmt":"2020-02-26T08:04:49","slug":"seminario-en-la-upo-sobre-el-trabajo-social-en-el-ambito-sociosanitario","status":"publish","type":"post","link":"https:\/\/www.upo.es\/diario\/docencia-formacion\/2020\/02\/seminario-en-la-upo-sobre-el-trabajo-social-en-el-ambito-sociosanitario\/","title":{"rendered":"Seminario en la UPO sobre el Trabajo Social en el \u00e1mbito sociosanitario"},"content":{"rendered":"<p><a href=\"https:\/\/www.upo.es\/diario\/wp-content\/uploads\/2020\/02\/Cartel-TS-Sanitario.png\"><img loading=\"lazy\" decoding=\"async\" class=\"alignright wp-image-30859786\" src=\"https:\/\/www.upo.es\/diario\/wp-content\/uploads\/2020\/02\/Cartel-TS-Sanitario-230x360.png\" alt=\"\" width=\"300\" height=\"469\" srcset=\"https:\/\/www.upo.es\/diario\/wp-content\/uploads\/2020\/02\/Cartel-TS-Sanitario-230x360.png 230w, https:\/\/www.upo.es\/diario\/wp-content\/uploads\/2020\/02\/Cartel-TS-Sanitario-480x750.png 480w, https:\/\/www.upo.es\/diario\/wp-content\/uploads\/2020\/02\/Cartel-TS-Sanitario.png 512w\" sizes=\"auto, (max-width: 300px) 100vw, 300px\" \/><\/a>Hoy mi\u00e9rcoles 26 de febrero, a las 10:30 horas en la sala de grados del edificio 7 de la UPO, tendr\u00e1 lugar el <strong>seminario &#8216;Trabajo Social en el \u00e1mbito sociosanitario&#8217;<\/strong>, organizado la Facultad de Ciencias Sociales y abierto para estudiantes y profesorado de la Universidad Pablo de Olavide.<\/p>\n<p>El seminario ser\u00e1 presentado por <strong>Jos\u00e9 David Guti\u00e9rrez S\u00e1nchez <\/strong>e<strong> Inmaculada Monterdez Santos<\/strong>, docentes de la asignatura &#8216; Trabajo Social y Servicios Sociales en el \u00e1mbito sociosanitario&#8217; y contar\u00e1 con la presencia de <strong>Agustina Herv\u00e1s de la Torre<\/strong>, presidenta de la <a href=\"http:\/\/www.aetrabajosocialysalud.es\/\">Asociaci\u00f3n Espa\u00f1ola de Trabajo Social y Salud<\/a>\u00a0(AETSyS), que impartir\u00e1 la ponencia<strong> &#8216;Atenci\u00f3n sociosanitaria vs coordinaci\u00f3n sociosanitaria&#8217;<\/strong>. La AETSyS es una asociaci\u00f3n que tiene entre sus fines el estudio y el desarrollo cient\u00edfico t\u00e9cnico del Trabajo Social en el \u00e1mbito de la salud; facilitar la relaci\u00f3n laboral de los profesionales del Trabajo Social Sanitario con otros \u00e1mbitos de la profesi\u00f3n y el el reconocimiento de sus profesionales. Tras Agustina Herv\u00e1s intervendr\u00e1 la profesora de la UPO Inmaculada Monterdez quien hablar\u00e1 sobre <strong>&#8216;La importancia de la Investigaci\u00f3n social desde el Trabajo Social en Salud&#8217;<\/strong>.<\/p>\n<p>&nbsp;<\/p>\n","protected":false},"excerpt":{"rendered":"<p>Hoy mi\u00e9rcoles 26 de febrero, a las 10:30 horas en la sala de grados del edificio 7 de la UPO, tendr\u00e1 lugar el seminario &#8216;Trabajo Social en el \u00e1mbito sociosanitario&#8217;, organizado la Facultad de Ciencias Sociales y abierto para estudiantes y profesorado de la Universidad Pablo de Olavide.<\/p>\n","protected":false},"author":6,"featured_media":30859786,"comment_status":"closed","ping_status":"open","sticky":false,"template":"","format":"standard","meta":{"_monsterinsights_skip_tracking":false,"_monsterinsights_sitenote_active":false,"_monsterinsights_sitenote_note":"","_monsterinsights_sitenote_category":0,"footnotes":""},"categories":[2779],"tags":[4242,218,78,103,5668],"class_list":["post-30859784","post","type-post","status-publish","format-standard","has-post-thumbnail","hentry","category-docencia-formacion","tag-area-de-trabajo-social-y-servicios-sociales","tag-salud","tag-seminario","tag-trabajo-social","tag-trabajo-social-sanitario"],"_links":{"self":[{"href":"https:\/\/www.upo.es\/diario\/wp-json\/wp\/v2\/posts\/30859784","targetHints":{"allow":["GET"]}}],"collection":[{"href":"https:\/\/www.upo.es\/diario\/wp-json\/wp\/v2\/posts"}],"about":[{"href":"https:\/\/www.upo.es\/diario\/wp-json\/wp\/v2\/types\/post"}],"author":[{"embeddable":true,"href":"https:\/\/www.upo.es\/diario\/wp-json\/wp\/v2\/users\/6"}],"replies":[{"embeddable":true,"href":"https:\/\/www.upo.es\/diario\/wp-json\/wp\/v2\/comments?post=30859784"}],"version-history":[{"count":3,"href":"https:\/\/www.upo.es\/diario\/wp-json\/wp\/v2\/posts\/30859784\/revisions"}],"predecessor-version":[{"id":30859788,"href":"https:\/\/www.upo.es\/diario\/wp-json\/wp\/v2\/posts\/30859784\/revisions\/30859788"}],"wp:featuredmedia":[{"embeddable":true,"href":"https:\/\/www.upo.es\/diario\/wp-json\/wp\/v2\/media\/30859786"}],"wp:attachment":[{"href":"https:\/\/www.upo.es\/diario\/wp-json\/wp\/v2\/media?parent=30859784"}],"wp:term":[{"taxonomy":"category","embeddable":true,"href":"https:\/\/www.upo.es\/diario\/wp-json\/wp\/v2\/categories?post=30859784"},{"taxonomy":"post_tag","embeddable":true,"href":"https:\/\/www.upo.es\/diario\/wp-json\/wp\/v2\/tags?post=30859784"}],"curies":[{"name":"wp","href":"https:\/\/api.w.org\/{rel}","templated":true}]}}