{"id":30859792,"date":"2020-02-26T14:47:41","date_gmt":"2020-02-26T13:47:41","guid":{"rendered":"https:\/\/www.upo.es\/diario\/?p=30859792"},"modified":"2020-03-03T12:00:05","modified_gmt":"2020-03-03T11:00:05","slug":"la-upo-y-el-ayuntamiento-de-alcala-de-guadaira-unidos-por-el-emprendimiento-y-la-innovacion-empresarial","status":"publish","type":"post","link":"https:\/\/www.upo.es\/diario\/institucional\/2020\/02\/la-upo-y-el-ayuntamiento-de-alcala-de-guadaira-unidos-por-el-emprendimiento-y-la-innovacion-empresarial\/","title":{"rendered":"La UPO y el Ayuntamiento de Alcal\u00e1 de Guada\u00edra, unidos por el emprendimiento y la innovaci\u00f3n empresarial"},"content":{"rendered":"<figure id=\"attachment_30859793\" aria-describedby=\"caption-attachment-30859793\" style=\"width: 750px\" class=\"wp-caption aligncenter\"><a href=\"https:\/\/www.upo.es\/diario\/wp-content\/uploads\/2020\/02\/conve-UPO-AytoAlcal\u00e1deGuada\u00edra.jpg\"><img loading=\"lazy\" decoding=\"async\" class=\"size-large wp-image-30859793\" src=\"https:\/\/www.upo.es\/diario\/wp-content\/uploads\/2020\/02\/conve-UPO-AytoAlcal\u00e1deGuada\u00edra-750x563.jpg\" alt=\"\" width=\"750\" height=\"563\" srcset=\"https:\/\/www.upo.es\/diario\/wp-content\/uploads\/2020\/02\/conve-UPO-AytoAlcal\u00e1deGuada\u00edra-750x563.jpg 750w, https:\/\/www.upo.es\/diario\/wp-content\/uploads\/2020\/02\/conve-UPO-AytoAlcal\u00e1deGuada\u00edra-360x270.jpg 360w, https:\/\/www.upo.es\/diario\/wp-content\/uploads\/2020\/02\/conve-UPO-AytoAlcal\u00e1deGuada\u00edra-768x576.jpg 768w, https:\/\/www.upo.es\/diario\/wp-content\/uploads\/2020\/02\/conve-UPO-AytoAlcal\u00e1deGuada\u00edra-600x450.jpg 600w, https:\/\/www.upo.es\/diario\/wp-content\/uploads\/2020\/02\/conve-UPO-AytoAlcal\u00e1deGuada\u00edra.jpg 1024w\" sizes=\"auto, (max-width: 750px) 100vw, 750px\" \/><\/a><figcaption id=\"caption-attachment-30859793\" class=\"wp-caption-text\">Ana Isabel Jim\u00e9nez Contreras y Vicente Guzm\u00e1n Fluja<\/figcaption><\/figure>\n<p>El rector de la Universidad Pablo de Olavide, <strong>Vicente Guzm\u00e1n Fluja<\/strong>, y la alcaldesa del Ayuntamiento de Alcal\u00e1 de Guada\u00edra, Ana Isabel Jim\u00e9nez Contreras, han firmado un convenio marco de colaboraci\u00f3n entre ambas instituciones centrado en dos ejes estrat\u00e9gicos, el <strong>fomento de la empleabilidad y el emprendimiento<\/strong>, y la <strong>transferencia de conocimiento e innovaci\u00f3n empresarial<\/strong>.<\/p>\n<p><a href=\"https:\/\/www.upo.es\/diario\/wp-content\/uploads\/2020\/02\/conve-UPO-AytoAlcaladeGuadaira-2.jpg\"><img loading=\"lazy\" decoding=\"async\" class=\"alignright size-medium wp-image-30859794\" src=\"https:\/\/www.upo.es\/diario\/wp-content\/uploads\/2020\/02\/conve-UPO-AytoAlcaladeGuadaira-2-360x192.jpg\" alt=\"\" width=\"360\" height=\"192\" srcset=\"https:\/\/www.upo.es\/diario\/wp-content\/uploads\/2020\/02\/conve-UPO-AytoAlcaladeGuadaira-2-360x192.jpg 360w, https:\/\/www.upo.es\/diario\/wp-content\/uploads\/2020\/02\/conve-UPO-AytoAlcaladeGuadaira-2-768x410.jpg 768w, https:\/\/www.upo.es\/diario\/wp-content\/uploads\/2020\/02\/conve-UPO-AytoAlcaladeGuadaira-2-750x401.jpg 750w, https:\/\/www.upo.es\/diario\/wp-content\/uploads\/2020\/02\/conve-UPO-AytoAlcaladeGuadaira-2-600x320.jpg 600w, https:\/\/www.upo.es\/diario\/wp-content\/uploads\/2020\/02\/conve-UPO-AytoAlcaladeGuadaira-2-1320x705.jpg 1320w, https:\/\/www.upo.es\/diario\/wp-content\/uploads\/2020\/02\/conve-UPO-AytoAlcaladeGuadaira-2.jpg 1543w\" sizes=\"auto, (max-width: 360px) 100vw, 360px\" \/><\/a>En el acto de firma, celebrado esta ma\u00f1ana en la sede del ayuntamiento alcalare\u00f1o, tambi\u00e9n ha estado presente el vicerrector de Estrategia, Empleabilidad y Emprendimiento de la UPO, <strong>Jos\u00e9 Manuel Feria<\/strong>, promotor del acuerdo.<\/p>\n<p>Este convenio se suma a las numerosas colaboraciones establecidas entre la Universidad Pablo de Olavide y el Ayuntamiento de Alcal\u00e1 de Guada\u00edra y establece un marco jur\u00eddico e institucional adecuado para impulsar el desarrollo de actividades conjuntas; en particular, el desarrollo de un programa de retenci\u00f3n e incorporaci\u00f3n de talento universitario UPO en empresas del municipio denominado <strong>\u2018INSERTA-Alcal\u00e1\u2019, <\/strong>financiado con 20 000 euros por el ayuntamiento alcalare\u00f1o.<\/p>\n<p>Por otro lado, desde el Vicerrectorado de Estrategia, Empleabilidad y Emprendimiento de la UPO, se ha dise\u00f1ado el proyecto <strong>Alcal\u00e1 Metropolitan Hub<\/strong>, que pretende convertirse en un nodo de conexi\u00f3n entre la universidad, el ayuntamiento y el tejido empresarial de Alcal\u00e1 de Guada\u00edra para la promoci\u00f3n del emprendimiento, la trasferencia de conocimiento y la innovaci\u00f3n entre estos tres actores. As\u00ed pues, como primera actividad dentro de esta esta programaci\u00f3n conjunta, a finales de marzo se celebrar\u00e1 una ronda de financiaci\u00f3n empresarial, donde cinco start-ups y spin-offs de la Universidad Pablo de Olavide presentar\u00e1n sus proyectos ante potenciales inversores y business angels en las instalaciones de &#8216;La Procesadora&#8217;, espacio para proyectos empresariales de esta localidad.<\/p>\n<p>En el \u00e1mbito de la transferencia de conocimiento e innovaci\u00f3n empresarial, las acciones concretas que se llevar\u00e1n a cabo son la <strong>puesta en marcha de programas de cooperaci\u00f3n<\/strong> entre el Ayuntamiento de Alcal\u00e1 e Guada\u00edra y los grupos de investigaci\u00f3n \u00a0de la Universidad Pablo de Olavide para el desarrollo de proyectos conjuntos en el campo de la Compra P\u00fablica Innovadora (CPI) dirigida a Pymes y la gesti\u00f3n inteligente de los parques empresariales, as\u00ed como los programas dirigidos a la promoci\u00f3n y transferencia de conocimiento en el campo de la Industria 4.0.<\/p>\n","protected":false},"excerpt":{"rendered":"<p>El rector de la Universidad Pablo de Olavide, Vicente Guzm\u00e1n Fluja, y la alcaldesa del Ayuntamiento de Alcal\u00e1 de Guada\u00edra, Ana Isabel Jim\u00e9nez Contreras, han firmado un convenio marco de colaboraci\u00f3n entre ambas instituciones centrado en dos ejes estrat\u00e9gicos, el fomento de la empleabilidad y el emprendimiento, y la transferencia de conocimiento e innovaci\u00f3n empresarial. En el acto de firma,<a class=\"read-more\" href=\"https:\/\/www.upo.es\/diario\/institucional\/2020\/02\/la-upo-y-el-ayuntamiento-de-alcala-de-guadaira-unidos-por-el-emprendimiento-y-la-innovacion-empresarial\/\">[Read More&#8230;]<\/a><\/p>\n","protected":false},"author":6,"featured_media":30859793,"comment_status":"closed","ping_status":"open","sticky":false,"template":"","format":"standard","meta":{"_monsterinsights_skip_tracking":false,"_monsterinsights_sitenote_active":false,"_monsterinsights_sitenote_note":"","_monsterinsights_sitenote_category":0,"footnotes":""},"categories":[6],"tags":[767,3473,326,3989,689,1059,554,2022,106],"class_list":["post-30859792","post","type-post","status-publish","format-standard","has-post-thumbnail","hentry","category-institucional","tag-alcala-de-guadaira","tag-ayuntamiento","tag-convenio","tag-empleabilidad","tag-emprendimiento","tag-empresas","tag-innovacion","tag-jose-manuel-feria","tag-vicente-c-guzman"],"_links":{"self":[{"href":"https:\/\/www.upo.es\/diario\/wp-json\/wp\/v2\/posts\/30859792","targetHints":{"allow":["GET"]}}],"collection":[{"href":"https:\/\/www.upo.es\/diario\/wp-json\/wp\/v2\/posts"}],"about":[{"href":"https:\/\/www.upo.es\/diario\/wp-json\/wp\/v2\/types\/post"}],"author":[{"embeddable":true,"href":"https:\/\/www.upo.es\/diario\/wp-json\/wp\/v2\/users\/6"}],"replies":[{"embeddable":true,"href":"https:\/\/www.upo.es\/diario\/wp-json\/wp\/v2\/comments?post=30859792"}],"version-history":[{"count":1,"href":"https:\/\/www.upo.es\/diario\/wp-json\/wp\/v2\/posts\/30859792\/revisions"}],"predecessor-version":[{"id":30859795,"href":"https:\/\/www.upo.es\/diario\/wp-json\/wp\/v2\/posts\/30859792\/revisions\/30859795"}],"wp:featuredmedia":[{"embeddable":true,"href":"https:\/\/www.upo.es\/diario\/wp-json\/wp\/v2\/media\/30859793"}],"wp:attachment":[{"href":"https:\/\/www.upo.es\/diario\/wp-json\/wp\/v2\/media?parent=30859792"}],"wp:term":[{"taxonomy":"category","embeddable":true,"href":"https:\/\/www.upo.es\/diario\/wp-json\/wp\/v2\/categories?post=30859792"},{"taxonomy":"post_tag","embeddable":true,"href":"https:\/\/www.upo.es\/diario\/wp-json\/wp\/v2\/tags?post=30859792"}],"curies":[{"name":"wp","href":"https:\/\/api.w.org\/{rel}","templated":true}]}}