{"id":30859846,"date":"2020-03-03T13:57:14","date_gmt":"2020-03-03T12:57:14","guid":{"rendered":"https:\/\/www.upo.es\/diario\/?p=30859846"},"modified":"2020-03-12T16:06:22","modified_gmt":"2020-03-12T15:06:22","slug":"la-universidad-pablo-de-olavide-entrega-los-premios-a-los-mejores-tfg-y-tfm-en-estudios-de-genero-e-igualdad","status":"publish","type":"post","link":"https:\/\/www.upo.es\/diario\/cultura-social\/2020\/03\/la-universidad-pablo-de-olavide-entrega-los-premios-a-los-mejores-tfg-y-tfm-en-estudios-de-genero-e-igualdad\/","title":{"rendered":"La Universidad Pablo de Olavide entrega los Premios a los Mejores TFG y TFM en Estudios de G\u00e9nero e Igualdad"},"content":{"rendered":"<p><a href=\"https:\/\/www.upo.es\/diario\/wp-content\/uploads\/2020\/03\/Premios_TFG-TFM_UPO_Igualdad_20200303.jpg\"><img loading=\"lazy\" decoding=\"async\" class=\"aligncenter wp-image-30859847 size-large\" src=\"https:\/\/www.upo.es\/diario\/wp-content\/uploads\/2020\/03\/Premios_TFG-TFM_UPO_Igualdad_20200303-750x500.jpg\" alt=\"las premiadas con Elodia Hern\u00e1ndez y Mar\u00eda del Roc\u00edo C\u00e1rdenas\" width=\"750\" height=\"500\" srcset=\"https:\/\/www.upo.es\/diario\/wp-content\/uploads\/2020\/03\/Premios_TFG-TFM_UPO_Igualdad_20200303-750x500.jpg 750w, https:\/\/www.upo.es\/diario\/wp-content\/uploads\/2020\/03\/Premios_TFG-TFM_UPO_Igualdad_20200303-360x240.jpg 360w, https:\/\/www.upo.es\/diario\/wp-content\/uploads\/2020\/03\/Premios_TFG-TFM_UPO_Igualdad_20200303-768x512.jpg 768w, https:\/\/www.upo.es\/diario\/wp-content\/uploads\/2020\/03\/Premios_TFG-TFM_UPO_Igualdad_20200303-600x400.jpg 600w, https:\/\/www.upo.es\/diario\/wp-content\/uploads\/2020\/03\/Premios_TFG-TFM_UPO_Igualdad_20200303-165x109.jpg 165w, https:\/\/www.upo.es\/diario\/wp-content\/uploads\/2020\/03\/Premios_TFG-TFM_UPO_Igualdad_20200303-1320x880.jpg 1320w\" sizes=\"auto, (max-width: 750px) 100vw, 750px\" \/><\/a>En el marco del programa de actividades organizado con motivo del <strong>D\u00eda Internacional de las Mujeres<\/strong>, la Universidad Pablo de Olavide ha celebrado hoy martes la ceremonia de entrega de los <strong>Premios a los mejores Trabajos Fin de Grado y Trabajos Fin de M\u00e1ster que fomentan los Estudios de G\u00e9nero e Igualdad 2020<\/strong>. El acto de entrega de la segunda edici\u00f3n de estos premios ha sido presidido por Elodia Hern\u00e1ndez Le\u00f3n, vicerrectora de Cultura y Compromiso Social de esta Universidad, quien ha estado acompa\u00f1ada de Roc\u00edo C\u00e1rdenas Rodr\u00edguez, directora general de Igualdad, Cultura y Participaci\u00f3n Social.<\/p>\n<p>As\u00ed, las alumnas <strong>Marina L\u00f3pez Garc\u00eda<\/strong> y <strong>Xiana Pena Lima<\/strong> han recibido el <strong>II Premio al Mejor Trabajo Fin de Grado<\/strong> por su estudio titulado \u2018Pedagog\u00eda menstrual como herramienta para el empoderamiento femenino. Una propuesta de intervenci\u00f3n social\u2019. El jurado destaca \u201cla originalidad de la propuesta, la terminolog\u00eda de g\u00e9nero innovadora, un tema innovador en la academia, la bibliograf\u00eda extensa y acertada, as\u00ed como el lenguaje visual que aporta al trabajo\u201d.<\/p>\n<p>Por otro lado, el <strong>II Premio al Mejor Trabajo Fin de M\u00e1ster<\/strong> ha sido para la estudiante <strong>Elena Ga\u00f1\u00e1n S\u00e1nchez <\/strong>por el trabajo titulado \u2018Visibilizando a las l\u00edderes. El liderazgo de las mujeres a trav\u00e9s de su discurso\u2019. El jurado destaca \u201cla metodolog\u00eda de historias de vida, la recogida de la voz propia de las mujeres como posicionamiento metodol\u00f3gico. La interpretaci\u00f3n de las historias de vida con la perspectiva feminista. El impacto social al visibilizar a las mujeres l\u00edderes, y la voz de las mismas, as\u00ed como el reconocimiento de las mujeres de forma efectiva y visible\u201d.<\/p>\n<p>Este a\u00f1o, adem\u00e1s el jurado ha querido conceder <strong>dos acc\u00e9sit<\/strong>:\u00a0 a la alumna <strong>Mar\u00eda Gamero Hidalgo,<\/strong> por su trabajo \u2018La er\u00f3tica prohibida de Justine del Marqu\u00e9s de Sade. Estrategias traductol\u00f3gicas para evitar la censura\u2019 por su \u201credacci\u00f3n y uso de la terminolog\u00eda de g\u00e9nero, la construcci\u00f3n del marco te\u00f3rico y la contextualizaci\u00f3n desde la perspectiva de g\u00e9nero\u201d; y a la alumna <strong>Clara Presman<\/strong> por su trabajo \u2018Ser\u00e1 Ley: La lucha por el derecho humano al aborto. Apropiaciones y disputas de las mujeres del movimiento feminista argentino en el espacio p\u00fablico\u2019, por \u201cla perspectiva multidisciplinar del an\u00e1lisis y la construcci\u00f3n del discurso cient\u00edfico y po\u00e9tico\u201d.<\/p>\n<p>Elodia Hern\u00e1ndez Le\u00f3n, vicerrectora de Cultura y Compromiso Social de la Universidad, ha destacado la necesidad de fomentar la investigaci\u00f3n sobre g\u00e9nero e igualdad, motivo por el que han sido ideados estos Premios, enmarcados en el <a href=\"https:\/\/www.upo.es\/cms1\/export\/sites\/upo\/upsc\/igualdad\/documentos\/Version-resumida-Ejes-y-Acciones-II-Plan-de-Igualdad.pdf\">II Plan de Igualdad entre mujeres y hombres de la UPO<\/a>. \u201cEs fundamental que se visibilice la investigaci\u00f3n de las mujeres en la universidad, todav\u00eda liderada mayoritariamente por hombres. Vosotras vais a ser las referentes del futuro, no poneros puertas\u201d, ha concluido.<\/p>\n<p><strong>La UPO con el D\u00eda Internacional de las Mujeres<\/strong><\/p>\n<p>Junto a la convocatoria de estos premios, la Universidad Pablo de Olavide ha desplegado, en su compromiso por la igualdad entre mujeres y hombres, un conjunto de actividades <strong>bajo el lema \u2018Porque todos los d\u00edas son 8 de marzo\u2019<\/strong>. De este modo, ma\u00f1ana mi\u00e9rcoles 4 de marzo, la inspectora jefa de la Polic\u00eda Ana Gamb\u00f3n impartir\u00e1, a las 15.30 horas en el campus de la UPO, la conferencia \u2018Igualdad y Perspectiva de G\u00e9nero en la Polic\u00eda Nacional\u2019. Por la tarde, a las 19.30 horas en la Casa de la Provincia (Plaza del Triunfo, 1), estudiantes de la asignatura \u2018G\u00e9nero y cr\u00edtica de las ideolog\u00edas\u2019 presentar\u00e1n el cuarto n\u00famero de la revista \u2018La pluma violeta\u2019.<\/p>\n<p>Asimismo, el Consejo de Estudiantes de la Universidad ha promovido con el mismo fin diversas actividades para implicar al estudiantado como un partido de f\u00fatbol femenino, que tendr\u00e1 lugar el 5 de marzo a las 15 horas, o un mural participativo para simbolizar la lucha feminista el pr\u00f3ximo lunes d\u00eda 9.<\/p>\n<p><strong>M\u00e1s informaci\u00f3n:<br \/>\n<\/strong><a href=\"https:\/\/www.upo.es\/upsc\/igualdad\/dia-internacional-mujeres\/\">Campa\u00f1a 8-M D\u00eda Internacional de las Mujeres \u2018Porque todos los d\u00edas son 8 de Marzo\u2019 2020<\/a><\/p>\n<p><a title=\"Premios a los Mejores TFG y TFM en Estudios de G\u00e9nero e Igualdad\" href=\"https:\/\/www.flickr.com\/photos\/pablodeolavide\/albums\/72157713344410953\" data-flickr-embed=\"true\" data-header=\"true\"><img loading=\"lazy\" decoding=\"async\" src=\"https:\/\/live.staticflickr.com\/65535\/49613719131_4b31f3000b_z.jpg\" alt=\"Premios a los Mejores TFG y TFM en Estudios de G\u00e9nero e Igualdad\" width=\"640\" height=\"360\" \/><\/a><script async src=\"\/\/embedr.flickr.com\/assets\/client-code.js\" charset=\"utf-8\"><\/script><\/p>\n","protected":false},"excerpt":{"rendered":"<p>Las alumnas Marina L\u00f3pez Garc\u00eda y Xiana Pena Lima han recibido el II Premio al Mejor Trabajo Fin de Grado por su estudio titulado \u2018Pedagog\u00eda menstrual como herramienta para el empoderamiento femenino. Una propuesta de intervenci\u00f3n social\u2019. Por otro lado, el II Premio al Mejor Trabajo Fin de M\u00e1ster ha sido para la estudiante Elena Ga\u00f1\u00e1n S\u00e1nchez por el trabajo titulado \u2018Visibilizando a las l\u00edderes. El liderazgo de las mujeres a trav\u00e9s de su discurso\u2019.<\/p>\n","protected":false},"author":6,"featured_media":30859847,"comment_status":"closed","ping_status":"open","sticky":false,"template":"","format":"standard","meta":{"_monsterinsights_skip_tracking":false,"_monsterinsights_sitenote_active":false,"_monsterinsights_sitenote_note":"","_monsterinsights_sitenote_category":0,"footnotes":""},"categories":[5843],"tags":[3735,6445,21,5883,1030,3650,5873,2144,5619],"class_list":["post-30859846","post","type-post","status-publish","format-standard","has-post-thumbnail","hentry","category-cultura-social","tag-dia-internacional-de-la-mujer","tag-elodia-hernandez-leon","tag-estudiantes","tag-igualdad-de-genero","tag-premios","tag-tfg","tag-tfm","tag-trabajo-de-fin-de-grado","tag-trabajo-fin-de-master"],"_links":{"self":[{"href":"https:\/\/www.upo.es\/diario\/wp-json\/wp\/v2\/posts\/30859846","targetHints":{"allow":["GET"]}}],"collection":[{"href":"https:\/\/www.upo.es\/diario\/wp-json\/wp\/v2\/posts"}],"about":[{"href":"https:\/\/www.upo.es\/diario\/wp-json\/wp\/v2\/types\/post"}],"author":[{"embeddable":true,"href":"https:\/\/www.upo.es\/diario\/wp-json\/wp\/v2\/users\/6"}],"replies":[{"embeddable":true,"href":"https:\/\/www.upo.es\/diario\/wp-json\/wp\/v2\/comments?post=30859846"}],"version-history":[{"count":2,"href":"https:\/\/www.upo.es\/diario\/wp-json\/wp\/v2\/posts\/30859846\/revisions"}],"predecessor-version":[{"id":30859849,"href":"https:\/\/www.upo.es\/diario\/wp-json\/wp\/v2\/posts\/30859846\/revisions\/30859849"}],"wp:featuredmedia":[{"embeddable":true,"href":"https:\/\/www.upo.es\/diario\/wp-json\/wp\/v2\/media\/30859847"}],"wp:attachment":[{"href":"https:\/\/www.upo.es\/diario\/wp-json\/wp\/v2\/media?parent=30859846"}],"wp:term":[{"taxonomy":"category","embeddable":true,"href":"https:\/\/www.upo.es\/diario\/wp-json\/wp\/v2\/categories?post=30859846"},{"taxonomy":"post_tag","embeddable":true,"href":"https:\/\/www.upo.es\/diario\/wp-json\/wp\/v2\/tags?post=30859846"}],"curies":[{"name":"wp","href":"https:\/\/api.w.org\/{rel}","templated":true}]}}