{"id":30859854,"date":"2020-03-04T14:18:04","date_gmt":"2020-03-04T13:18:04","guid":{"rendered":"https:\/\/www.upo.es\/diario\/?p=30859854"},"modified":"2020-03-12T16:06:19","modified_gmt":"2020-03-12T15:06:19","slug":"toma-de-posesion-de-equipos-decanales-de-cinco-centros-de-la-universidad-pablo-de-olavide","status":"publish","type":"post","link":"https:\/\/www.upo.es\/diario\/comunidad\/2020\/03\/toma-de-posesion-de-equipos-decanales-de-cinco-centros-de-la-universidad-pablo-de-olavide\/","title":{"rendered":"Nuevos equipos de gobierno en centros y departamentos de la Universidad Pablo de Olavide"},"content":{"rendered":"<figure id=\"attachment_30859855\" aria-describedby=\"caption-attachment-30859855\" style=\"width: 750px\" class=\"wp-caption aligncenter\"><a href=\"https:\/\/www.upo.es\/diario\/wp-content\/uploads\/2020\/03\/TP_decanatos-departamentos_UPO_20200304.jpg\"><img loading=\"lazy\" decoding=\"async\" class=\"wp-image-30859855 size-large\" src=\"https:\/\/www.upo.es\/diario\/wp-content\/uploads\/2020\/03\/TP_decanatos-departamentos_UPO_20200304-750x500.jpg\" alt=\"\" width=\"750\" height=\"500\" srcset=\"https:\/\/www.upo.es\/diario\/wp-content\/uploads\/2020\/03\/TP_decanatos-departamentos_UPO_20200304-750x500.jpg 750w, https:\/\/www.upo.es\/diario\/wp-content\/uploads\/2020\/03\/TP_decanatos-departamentos_UPO_20200304-360x240.jpg 360w, https:\/\/www.upo.es\/diario\/wp-content\/uploads\/2020\/03\/TP_decanatos-departamentos_UPO_20200304-768x512.jpg 768w, https:\/\/www.upo.es\/diario\/wp-content\/uploads\/2020\/03\/TP_decanatos-departamentos_UPO_20200304-600x400.jpg 600w, https:\/\/www.upo.es\/diario\/wp-content\/uploads\/2020\/03\/TP_decanatos-departamentos_UPO_20200304-165x109.jpg 165w, https:\/\/www.upo.es\/diario\/wp-content\/uploads\/2020\/03\/TP_decanatos-departamentos_UPO_20200304-1320x880.jpg 1320w\" sizes=\"auto, (max-width: 750px) 100vw, 750px\" \/><\/a><figcaption id=\"caption-attachment-30859855\" class=\"wp-caption-text\">Mar\u00eda Serrano, Jes\u00fas Juan Cambra, Rosario Moreno, Vicente Guzm\u00e1n, Norberto D\u00edaz y Javier G\u00e1lvez.<\/figcaption><\/figure>\n<p>Hoy han tomado posesi\u00f3n en la Universidad Pablo de Olavide, en un acto presidido por el rector <strong>Vicente Guzm\u00e1n<\/strong>, los nuevos equipos decanales de cinco de los siete centros de la Universidad Pablo de Olavide. As\u00ed mismo, han tomado posesi\u00f3n los equipos de direcci\u00f3n de cinco departamentos de la Universidad.<\/p>\n<p><strong>Javier G\u00e1lvez Gonz\u00e1lez<\/strong> es el nuevo decano de la Facultad de Ciencias del Deporte de la UPO mientras que <strong>Rosario Moreno Soldevila<\/strong> (Facultad de Humanidades), <strong>Mar\u00eda Serrano Fern\u00e1ndez<\/strong> (Facultad de Derecho), <strong>Norberto D\u00edaz<\/strong> (Escuela Polit\u00e9cnica Superior) y <strong>Jes\u00fas Juan Cambra Fierro<\/strong> (Facultad de Ciencias Empresariales) han renovado sus cargos acad\u00e9micos junto a sus equipos decanales.<\/p>\n<p>Por otra parte, cinco departamentos de la Universidad Pablo de Olavide cuentan desde hoy con nuevos equipos de direcci\u00f3n. As\u00ed, <strong>Jos\u00e9 Antonio Gonz\u00e1lez Jurado<\/strong> ha tomado posesi\u00f3n como director del Departamento de Deporte e Inform\u00e1tica; <strong>Carmen Cabello Medina<\/strong> como directora del Departamento de Organizaci\u00f3n de Empresas y Marketing; <strong>Juan Jos\u00e9 Camacho Crist\u00f3bal<\/strong> como director del Departamento de Fisiolog\u00eda, Anatom\u00eda y Biolog\u00eda Celular; <strong>Cristina Pe\u00f1a Ortiz<\/strong> como directora del Departamento de Sistemas F\u00edsicos, Qu\u00edmicos y Naturales; e <strong>In\u00e9s Canosa P\u00e9rez-Fragero<\/strong> es la nueva directora del Departamento de Biolog\u00eda Molecular e Ingenier\u00eda Bioqu\u00edmica.<\/p>\n<p><a title=\"Nuevos equipos de gobierno de centros y departamentos de la UPO\" href=\"https:\/\/www.flickr.com\/photos\/pablodeolavide\/albums\/72157713357781023\" data-flickr-embed=\"true\" data-header=\"true\"><img loading=\"lazy\" decoding=\"async\" src=\"https:\/\/live.staticflickr.com\/65535\/49618265067_a38c46d086_z.jpg\" alt=\"Nuevos equipos de gobierno de centros y departamentos de la UPO\" width=\"640\" height=\"427\" \/><\/a><script async src=\"\/\/embedr.flickr.com\/assets\/client-code.js\" charset=\"utf-8\"><\/script><\/p>\n<p>&nbsp;<\/p>\n","protected":false},"excerpt":{"rendered":"<p>Hoy han tomado posesi\u00f3n en la Universidad Pablo de Olavide, en un acto presidido por el rector Vicente Guzm\u00e1n, los nuevos equipos decanales de cinco de los siete centros de la Universidad Pablo de Olavide. As\u00ed mismo, han tomado posesi\u00f3n los equipos de direcci\u00f3n de cinco departamentos de la Universidad.<\/p>\n","protected":false},"author":6,"featured_media":30859855,"comment_status":"closed","ping_status":"open","sticky":false,"template":"","format":"standard","meta":{"_monsterinsights_skip_tracking":false,"_monsterinsights_sitenote_active":false,"_monsterinsights_sitenote_note":"","_monsterinsights_sitenote_category":0,"footnotes":""},"categories":[5842],"tags":[488,152,3342,360,81,96,6578,199,685],"class_list":["post-30859854","post","type-post","status-publish","format-standard","has-post-thumbnail","hentry","category-comunidad","tag-departamento","tag-escuela-politecnica-superior","tag-facultad-de-ciencias-del-deporte","tag-facultad-de-ciencias-empresariales","tag-facultad-de-derecho","tag-facultad-de-humanidades","tag-organos-de-gobierno","tag-profesorado","tag-toma-de-posesion"],"_links":{"self":[{"href":"https:\/\/www.upo.es\/diario\/wp-json\/wp\/v2\/posts\/30859854","targetHints":{"allow":["GET"]}}],"collection":[{"href":"https:\/\/www.upo.es\/diario\/wp-json\/wp\/v2\/posts"}],"about":[{"href":"https:\/\/www.upo.es\/diario\/wp-json\/wp\/v2\/types\/post"}],"author":[{"embeddable":true,"href":"https:\/\/www.upo.es\/diario\/wp-json\/wp\/v2\/users\/6"}],"replies":[{"embeddable":true,"href":"https:\/\/www.upo.es\/diario\/wp-json\/wp\/v2\/comments?post=30859854"}],"version-history":[{"count":5,"href":"https:\/\/www.upo.es\/diario\/wp-json\/wp\/v2\/posts\/30859854\/revisions"}],"predecessor-version":[{"id":30859866,"href":"https:\/\/www.upo.es\/diario\/wp-json\/wp\/v2\/posts\/30859854\/revisions\/30859866"}],"wp:featuredmedia":[{"embeddable":true,"href":"https:\/\/www.upo.es\/diario\/wp-json\/wp\/v2\/media\/30859855"}],"wp:attachment":[{"href":"https:\/\/www.upo.es\/diario\/wp-json\/wp\/v2\/media?parent=30859854"}],"wp:term":[{"taxonomy":"category","embeddable":true,"href":"https:\/\/www.upo.es\/diario\/wp-json\/wp\/v2\/categories?post=30859854"},{"taxonomy":"post_tag","embeddable":true,"href":"https:\/\/www.upo.es\/diario\/wp-json\/wp\/v2\/tags?post=30859854"}],"curies":[{"name":"wp","href":"https:\/\/api.w.org\/{rel}","templated":true}]}}