{"id":30859897,"date":"2020-03-09T08:23:57","date_gmt":"2020-03-09T07:23:57","guid":{"rendered":"https:\/\/www.upo.es\/diario\/?p=30859897"},"modified":"2020-03-09T09:05:13","modified_gmt":"2020-03-09T08:05:13","slug":"expertos-en-seguridad-participan-el-proximo-lunes-en-la-upo-en-el-seminario-nuevos-retos-en-el-ciberespacio","status":"publish","type":"post","link":"https:\/\/www.upo.es\/diario\/docencia-formacion\/2020\/03\/expertos-en-seguridad-participan-el-proximo-lunes-en-la-upo-en-el-seminario-nuevos-retos-en-el-ciberespacio\/","title":{"rendered":"Expertos en seguridad participan hoy lunes en la UPO en el seminario \u2018Nuevos retos en el ciberespacio\u2019"},"content":{"rendered":"<p><a href=\"https:\/\/www.upo.es\/diario\/wp-content\/uploads\/2020\/03\/ciberespacio.jpg\"><img loading=\"lazy\" decoding=\"async\" class=\"alignright size-medium wp-image-30859898\" src=\"https:\/\/www.upo.es\/diario\/wp-content\/uploads\/2020\/03\/ciberespacio-360x216.jpg\" alt=\"ilustraci\u00f3n digital ciberespacio\" width=\"360\" height=\"216\" srcset=\"https:\/\/www.upo.es\/diario\/wp-content\/uploads\/2020\/03\/ciberespacio-360x216.jpg 360w, https:\/\/www.upo.es\/diario\/wp-content\/uploads\/2020\/03\/ciberespacio-768x461.jpg 768w, https:\/\/www.upo.es\/diario\/wp-content\/uploads\/2020\/03\/ciberespacio-750x450.jpg 750w, https:\/\/www.upo.es\/diario\/wp-content\/uploads\/2020\/03\/ciberespacio-600x360.jpg 600w, https:\/\/www.upo.es\/diario\/wp-content\/uploads\/2020\/03\/ciberespacio-1000x600.jpg 1000w, https:\/\/www.upo.es\/diario\/wp-content\/uploads\/2020\/03\/ciberespacio-1320x792.jpg 1320w, https:\/\/www.upo.es\/diario\/wp-content\/uploads\/2020\/03\/ciberespacio.jpg 1920w\" sizes=\"auto, (max-width: 360px) 100vw, 360px\" \/><\/a>Hoy <strong>lunes 9 de marzo, a las 10:30 horas en la sala de grados de la Biblioteca<\/strong> de la Universidad Pablo de Olavide, dar\u00e1 comienzo el <strong>Seminario Internacional<\/strong><strong> \u2018<\/strong><strong>Nuevos retos en el ciberespacio\u2019<\/strong>. Expertos y profesionales en el \u00e1mbito de la ciberseguridad y acad\u00e9micos de Derecho internacional expondr\u00e1n su visi\u00f3n sobre las amenazas y las reglas que operan en el ciberespacio en la actualidad. El seminario ha sido organizado por el <strong>\u00c1rea de Derecho Internacional P\u00fablico y Relaciones Internacionales<\/strong> y el <strong>proyecto de I+D+i \u2018Ciberataques y Gobernanza Global\u2019<\/strong>.<\/p>\n<p>Mar\u00eda Serrano, decana de la Facultad de Derecho y Luc\u00eda Mill\u00e1n, catedr\u00e1tica de Derecho Internacional P\u00fablico y Relaciones Internacionales e investigadora principal del proyecto \u2018Ciberataques y Gobernanza Global\u2019, presentar\u00e1n la jornada junto a la directora del seminario, la profesora de la UPO Rosario Carmona.<\/p>\n<p>Para abordar los retos que plantea el ciberespacio en seguridad, defensa y Derecho internacional han sido programadas tres conferencias. En la primera <strong>Jos\u00e9 Carlos Presa<\/strong>, coronel del Ej\u00e9rcito del Aire y profesor en la Escuela Superior de las Fuerzas Armadas impartir\u00e1 la ponencia \u2018Alianzas virtuales e hiper-comunicaci\u00f3n. <em>Warfare communication in networked environments<\/em>\u2019. A continuaci\u00f3n, <strong>Vicente Pastor<\/strong>, jefe de Conciencia Situacional en el Centro de Operaciones del Ciberespacio de la OTAN, hablar\u00e1 sobre las operaciones militares en el ciberespacio. Por \u00faltimo, el profesor de la Universidad de Granada Antonio Segura pondr\u00e1 fin al seminario con la conferencia \u2018Ciberseguridad y normaci\u00f3n en Derecho internacional\u2019.<\/p>\n","protected":false},"excerpt":{"rendered":"<p>Hoy lunes 9 de marzo, a las 10:30 horas en la sala de grados de la Biblioteca de la Universidad Pablo de Olavide, dar\u00e1 comienzo el Seminario Internacional \u2018Nuevos retos en el ciberespacio\u2019. Expertos y profesionales en el \u00e1mbito de la ciberseguridad y acad\u00e9micos de Derecho internacional expondr\u00e1n su visi\u00f3n sobre las amenazas y las reglas que operan en el ciberespacio en la actualidad. El seminario ha sido organizado por el \u00c1rea de Derecho Internacional P\u00fablico y Relaciones Internacionales y el proyecto de I+D+i \u2018Ciberataques y Gobernanza Global\u2019.<\/p>\n","protected":false},"author":6,"featured_media":30859898,"comment_status":"closed","ping_status":"open","sticky":false,"template":"","format":"standard","meta":{"_monsterinsights_skip_tracking":false,"_monsterinsights_sitenote_active":false,"_monsterinsights_sitenote_note":"","_monsterinsights_sitenote_category":0,"footnotes":""},"categories":[2779],"tags":[2373,3943,81,171,78],"class_list":["post-30859897","post","type-post","status-publish","format-standard","has-post-thumbnail","hentry","category-docencia-formacion","tag-area-de-derecho-internacional-publico","tag-derecho-internacional","tag-facultad-de-derecho","tag-relaciones-internacionales","tag-seminario"],"_links":{"self":[{"href":"https:\/\/www.upo.es\/diario\/wp-json\/wp\/v2\/posts\/30859897","targetHints":{"allow":["GET"]}}],"collection":[{"href":"https:\/\/www.upo.es\/diario\/wp-json\/wp\/v2\/posts"}],"about":[{"href":"https:\/\/www.upo.es\/diario\/wp-json\/wp\/v2\/types\/post"}],"author":[{"embeddable":true,"href":"https:\/\/www.upo.es\/diario\/wp-json\/wp\/v2\/users\/6"}],"replies":[{"embeddable":true,"href":"https:\/\/www.upo.es\/diario\/wp-json\/wp\/v2\/comments?post=30859897"}],"version-history":[{"count":3,"href":"https:\/\/www.upo.es\/diario\/wp-json\/wp\/v2\/posts\/30859897\/revisions"}],"predecessor-version":[{"id":30859906,"href":"https:\/\/www.upo.es\/diario\/wp-json\/wp\/v2\/posts\/30859897\/revisions\/30859906"}],"wp:featuredmedia":[{"embeddable":true,"href":"https:\/\/www.upo.es\/diario\/wp-json\/wp\/v2\/media\/30859898"}],"wp:attachment":[{"href":"https:\/\/www.upo.es\/diario\/wp-json\/wp\/v2\/media?parent=30859897"}],"wp:term":[{"taxonomy":"category","embeddable":true,"href":"https:\/\/www.upo.es\/diario\/wp-json\/wp\/v2\/categories?post=30859897"},{"taxonomy":"post_tag","embeddable":true,"href":"https:\/\/www.upo.es\/diario\/wp-json\/wp\/v2\/tags?post=30859897"}],"curies":[{"name":"wp","href":"https:\/\/api.w.org\/{rel}","templated":true}]}}