{"id":30859913,"date":"2020-03-09T13:22:42","date_gmt":"2020-03-09T12:22:42","guid":{"rendered":"https:\/\/www.upo.es\/diario\/?p=30859913"},"modified":"2020-03-10T09:46:24","modified_gmt":"2020-03-10T08:46:24","slug":"diputadas-andaluzas-debaten-hoy-en-la-upo-los-retos-de-ser-mujer-en-el-siglo-xxi","status":"publish","type":"post","link":"https:\/\/www.upo.es\/diario\/docencia-formacion\/2020\/03\/diputadas-andaluzas-debaten-hoy-en-la-upo-los-retos-de-ser-mujer-en-el-siglo-xxi\/","title":{"rendered":"Diputadas andaluzas debaten hoy en la UPO los retos de ser mujer en el siglo XXI"},"content":{"rendered":"<p><a href=\"https:\/\/www.upo.es\/diario\/wp-content\/uploads\/2020\/03\/thumbnail_IMG-20200305-WA0002.jpg\"><img loading=\"lazy\" decoding=\"async\" class=\"alignright size-medium wp-image-30859914\" src=\"https:\/\/www.upo.es\/diario\/wp-content\/uploads\/2020\/03\/thumbnail_IMG-20200305-WA0002-360x203.jpg\" alt=\"\" width=\"360\" height=\"203\" srcset=\"https:\/\/www.upo.es\/diario\/wp-content\/uploads\/2020\/03\/thumbnail_IMG-20200305-WA0002-360x203.jpg 360w, https:\/\/www.upo.es\/diario\/wp-content\/uploads\/2020\/03\/thumbnail_IMG-20200305-WA0002-750x422.jpg 750w, https:\/\/www.upo.es\/diario\/wp-content\/uploads\/2020\/03\/thumbnail_IMG-20200305-WA0002-768x432.jpg 768w, https:\/\/www.upo.es\/diario\/wp-content\/uploads\/2020\/03\/thumbnail_IMG-20200305-WA0002-600x338.jpg 600w, https:\/\/www.upo.es\/diario\/wp-content\/uploads\/2020\/03\/thumbnail_IMG-20200305-WA0002.jpg 1280w\" sizes=\"auto, (max-width: 360px) 100vw, 360px\" \/><\/a>Hoy lunes 9 de marzo a las 18:00 horas en la Sala de Grados del Edificio 6 de la Universidad Pablo de Olavide, con motivo del D\u00eda Internacional de la Mujer, tendr\u00e1 lugar la mesa redonda \u2018Los retos de ser mujer en el siglo XXI\u2019. El encuentro contar\u00e1 con la participaci\u00f3n de distintas diputadas andaluzas procedentes de las principales formaciones pol\u00edticas como Virgina P\u00e9rez Galindo, del Partido Popular; Ana Villaverde, de Adelante Andaluc\u00eda; Soledad P\u00e9rez Rodr\u00edguez del Partido Socialista; Teresa Pardos, de Ciudadanos; y \u00c1ngela Mar\u00eda Mulas Beliz\u00f3n, de VOX.<\/p>\n<p><strong>\u00a0<\/strong>Esta actividad est\u00e1 organizada por la Asociaci\u00f3n de Comunicaci\u00f3n Pol\u00edtica (ACOP) y la Universidad Pablo de Olavide y cuenta con la colaboraci\u00f3n del club de debate Beers&amp;Politics.<\/p>\n","protected":false},"excerpt":{"rendered":"<p>Hoy lunes 9 de marzo a las 18:00 horas en la Sala de Grados del Edificio 6 de la Universidad Pablo de Olavide, con motivo del D\u00eda Internacional de la Mujer, tendr\u00e1 lugar la mesa redonda \u2018Los retos de ser mujer en el siglo XXI\u2019. El encuentro contar\u00e1 con la participaci\u00f3n de distintas diputadas andaluzas procedentes de las principales formaciones pol\u00edticas como Virgina P\u00e9rez Galindo, del Partido Popular; Ana Villaverde, de Adelante Andaluc\u00eda; Soledad P\u00e9rez Rodr\u00edguez del Partido Socialista; Teresa Pardos, de Ciudadanos; y \u00c1ngela Mar\u00eda Mulas Beliz\u00f3n, de VOX.<\/p>\n","protected":false},"author":15,"featured_media":30859914,"comment_status":"closed","ping_status":"open","sticky":false,"template":"","format":"standard","meta":{"_monsterinsights_skip_tracking":false,"_monsterinsights_sitenote_active":false,"_monsterinsights_sitenote_note":"","_monsterinsights_sitenote_category":0,"footnotes":""},"categories":[2779],"tags":[6588,2459,662,6585,233,76,6009,2292,6586,6011],"class_list":["post-30859913","post","type-post","status-publish","format-standard","has-post-thumbnail","hentry","category-docencia-formacion","tag-acop","tag-ciudadanos","tag-debate","tag-diputadas-andaluzas","tag-mujer","tag-politica","tag-pp","tag-psoe","tag-retos","tag-vox"],"_links":{"self":[{"href":"https:\/\/www.upo.es\/diario\/wp-json\/wp\/v2\/posts\/30859913","targetHints":{"allow":["GET"]}}],"collection":[{"href":"https:\/\/www.upo.es\/diario\/wp-json\/wp\/v2\/posts"}],"about":[{"href":"https:\/\/www.upo.es\/diario\/wp-json\/wp\/v2\/types\/post"}],"author":[{"embeddable":true,"href":"https:\/\/www.upo.es\/diario\/wp-json\/wp\/v2\/users\/15"}],"replies":[{"embeddable":true,"href":"https:\/\/www.upo.es\/diario\/wp-json\/wp\/v2\/comments?post=30859913"}],"version-history":[{"count":2,"href":"https:\/\/www.upo.es\/diario\/wp-json\/wp\/v2\/posts\/30859913\/revisions"}],"predecessor-version":[{"id":30859923,"href":"https:\/\/www.upo.es\/diario\/wp-json\/wp\/v2\/posts\/30859913\/revisions\/30859923"}],"wp:featuredmedia":[{"embeddable":true,"href":"https:\/\/www.upo.es\/diario\/wp-json\/wp\/v2\/media\/30859914"}],"wp:attachment":[{"href":"https:\/\/www.upo.es\/diario\/wp-json\/wp\/v2\/media?parent=30859913"}],"wp:term":[{"taxonomy":"category","embeddable":true,"href":"https:\/\/www.upo.es\/diario\/wp-json\/wp\/v2\/categories?post=30859913"},{"taxonomy":"post_tag","embeddable":true,"href":"https:\/\/www.upo.es\/diario\/wp-json\/wp\/v2\/tags?post=30859913"}],"curies":[{"name":"wp","href":"https:\/\/api.w.org\/{rel}","templated":true}]}}