{"id":30859925,"date":"2020-03-09T14:38:28","date_gmt":"2020-03-09T13:38:28","guid":{"rendered":"https:\/\/www.upo.es\/diario\/?p=30859925"},"modified":"2020-03-12T16:06:11","modified_gmt":"2020-03-12T15:06:11","slug":"la-universidad-pablo-de-olavide-convoca-el-iii-video-concurso-programar-en-igualdad","status":"publish","type":"post","link":"https:\/\/www.upo.es\/diario\/docencia-formacion\/2020\/03\/la-universidad-pablo-de-olavide-convoca-el-iii-video-concurso-programar-en-igualdad\/","title":{"rendered":"La Universidad Pablo de Olavide convoca el III V\u00eddeo-Concurso \u2018Programar en Igualdad\u2019"},"content":{"rendered":"<p><a href=\"https:\/\/www.upo.es\/diario\/wp-content\/uploads\/2020\/03\/cartel_progremarenigualdad-scaled.jpg\"><img loading=\"lazy\" decoding=\"async\" class=\"alignright size-medium wp-image-30859929\" src=\"https:\/\/www.upo.es\/diario\/wp-content\/uploads\/2020\/03\/cartel_progremarenigualdad-255x360.jpg\" alt=\"\" width=\"255\" height=\"360\" srcset=\"https:\/\/www.upo.es\/diario\/wp-content\/uploads\/2020\/03\/cartel_progremarenigualdad-255x360.jpg 255w, https:\/\/www.upo.es\/diario\/wp-content\/uploads\/2020\/03\/cartel_progremarenigualdad-531x750.jpg 531w, https:\/\/www.upo.es\/diario\/wp-content\/uploads\/2020\/03\/cartel_progremarenigualdad-768x1084.jpg 768w, https:\/\/www.upo.es\/diario\/wp-content\/uploads\/2020\/03\/cartel_progremarenigualdad-600x847.jpg 600w, https:\/\/www.upo.es\/diario\/wp-content\/uploads\/2020\/03\/cartel_progremarenigualdad-1088x1536.jpg 1088w, https:\/\/www.upo.es\/diario\/wp-content\/uploads\/2020\/03\/cartel_progremarenigualdad-1451x2048.jpg 1451w, https:\/\/www.upo.es\/diario\/wp-content\/uploads\/2020\/03\/cartel_progremarenigualdad-1320x1863.jpg 1320w, https:\/\/www.upo.es\/diario\/wp-content\/uploads\/2020\/03\/cartel_progremarenigualdad-scaled.jpg 1814w\" sizes=\"auto, (max-width: 255px) 100vw, 255px\" \/><\/a>La Universidad Pablo de Olavide lanza la <strong>III edici\u00f3n del V\u00eddeo-Concurso \u2018Programar en Igualdad\u2019<\/strong>, una iniciativa dirigida al alumnado de los Centros de Educaci\u00f3n Secundaria de la provincia de Sevilla que durante el curso 2019\/2020 se encuentren cursando cualquier nivel de la Educaci\u00f3n Secundaria Obligatoria, Bachillerato y Ciclos Formativos de Grado Medio y Superior de la familia profesional de Inform\u00e1tica y Comunicaciones.<\/p>\n<p>El objetivo del concurso es promocionar, dentro del \u00e1mbito educativo y con respecto al grado de Ingenier\u00eda Inform\u00e1tica en Sistemas de Informaci\u00f3n, la igualdad entre hombres y mujeres y erradicar los estereotipos que existen en las carreras profesionales a trav\u00e9s del uso de las nuevas tecnolog\u00edas.<\/p>\n<p>Los v\u00eddeos presentados han de ir enfocados a derribar los estereotipos de g\u00e9nero en los estudios de Ingenier\u00eda; visibilizar el papel de las mujeres en las nuevas tecnolog\u00edas; y promover la incorporaci\u00f3n de las mujeres en la Ingenier\u00eda Inform\u00e1tica en Sistemas de Informaci\u00f3n.<\/p>\n<p>El concurso est\u00e1 organizado en dos fases: en la primera, <strong>los centros presentar\u00e1n las<\/strong> <strong>propuestas audiovisuales desde el 30 de marzo hasta el 24 de mayo<\/strong>; en una segunda fase, los<strong> v\u00eddeos presentados tienen hasta el 15 de junio a las 12:00 horas para acumular \u201clikes\u201d en la plataforma de v\u00eddeo Youtube.<\/strong> Los cinco v\u00eddeos finalistas se escoger\u00e1n de entre los que m\u00e1s \u201clikes\u201d hayan logrado conseguir en el periodo indicado.<\/p>\n<p>De entre esos cinco finalistas, se seleccionar\u00e1 el v\u00eddeo ganador que recibir\u00e1 como premio 750 euros y un diploma acreditativo a las estudiantes y los estudiantes que hayan elaborado el v\u00eddeo.<\/p>\n<p>Organizado por la Escuela Polit\u00e9cnica Superior de la UPO, en colaboraci\u00f3n con el Vicerrectorado de Cultura y Compromiso Social y la Oficina para la Igualdad, el certamen est\u00e1 enmarcado en el desarrollo de acciones del II Plan de Igualdad de la Universidad Pablo de Olavide, donde se especifica la realizaci\u00f3n de actividades precisas de sensibilizaci\u00f3n dirigidas a estudiantes con el fin de erradicar los estereotipos que existen en las carreras profesionales.<\/p>\n<p>En la edici\u00f3n anterior, se presentaron 25 v\u00eddeos de 12 centros educativos diferentes de Sevilla y provincia, que en total acumularon m\u00e1s de 9000 \u201clikes\u201d.<\/p>\n<p><strong>\u00a0<\/strong><\/p>\n<p><strong>M\u00e1s informaci\u00f3n:<\/strong><strong>\u00a0<\/strong><\/p>\n<p><a href=\"https:\/\/www.upo.es\/escuela-politecnica-superior\/descarga\/EPS-ProgramarEnIgualdad-III.pdf\">Bases de la convocatoria de la III edici\u00f3n del V\u00eddeo-Concurso \u2018Programar en Igualdad\u2019<\/a><\/p>\n<p>&nbsp;<\/p>\n","protected":false},"excerpt":{"rendered":"<p>La Universidad Pablo de Olavide lanza la III edici\u00f3n del V\u00eddeo-Concurso \u2018Programar en Igualdad\u2019, una iniciativa dirigida al alumnado de los Centros de Educaci\u00f3n Secundaria de la provincia de Sevilla que durante el curso 2019\/2020 se encuentren cursando cualquier nivel de la Educaci\u00f3n Secundaria Obligatoria, Bachillerato y Ciclos Formativos de Grado Medio y Superior de la familia profesional de Inform\u00e1tica y Comunicaciones.<\/p>\n","protected":false},"author":2,"featured_media":30859929,"comment_status":"closed","ping_status":"open","sticky":false,"template":"","format":"standard","meta":{"_monsterinsights_skip_tracking":false,"_monsterinsights_sitenote_active":false,"_monsterinsights_sitenote_note":"","_monsterinsights_sitenote_category":0,"footnotes":""},"categories":[2779],"tags":[59,152,2479,2209,5555],"class_list":["post-30859925","post","type-post","status-publish","format-standard","has-post-thumbnail","hentry","category-docencia-formacion","tag-concurso","tag-escuela-politecnica-superior","tag-grado-en-ingenieria-informatica-en-sistemas-de-informacion","tag-oficina-para-la-igualdad","tag-programar-en-igualdad"],"_links":{"self":[{"href":"https:\/\/www.upo.es\/diario\/wp-json\/wp\/v2\/posts\/30859925","targetHints":{"allow":["GET"]}}],"collection":[{"href":"https:\/\/www.upo.es\/diario\/wp-json\/wp\/v2\/posts"}],"about":[{"href":"https:\/\/www.upo.es\/diario\/wp-json\/wp\/v2\/types\/post"}],"author":[{"embeddable":true,"href":"https:\/\/www.upo.es\/diario\/wp-json\/wp\/v2\/users\/2"}],"replies":[{"embeddable":true,"href":"https:\/\/www.upo.es\/diario\/wp-json\/wp\/v2\/comments?post=30859925"}],"version-history":[{"count":1,"href":"https:\/\/www.upo.es\/diario\/wp-json\/wp\/v2\/posts\/30859925\/revisions"}],"predecessor-version":[{"id":30859930,"href":"https:\/\/www.upo.es\/diario\/wp-json\/wp\/v2\/posts\/30859925\/revisions\/30859930"}],"wp:featuredmedia":[{"embeddable":true,"href":"https:\/\/www.upo.es\/diario\/wp-json\/wp\/v2\/media\/30859929"}],"wp:attachment":[{"href":"https:\/\/www.upo.es\/diario\/wp-json\/wp\/v2\/media?parent=30859925"}],"wp:term":[{"taxonomy":"category","embeddable":true,"href":"https:\/\/www.upo.es\/diario\/wp-json\/wp\/v2\/categories?post=30859925"},{"taxonomy":"post_tag","embeddable":true,"href":"https:\/\/www.upo.es\/diario\/wp-json\/wp\/v2\/tags?post=30859925"}],"curies":[{"name":"wp","href":"https:\/\/api.w.org\/{rel}","templated":true}]}}