{"id":30859944,"date":"2020-03-10T13:07:49","date_gmt":"2020-03-10T12:07:49","guid":{"rendered":"https:\/\/www.upo.es\/diario\/?p=30859944"},"modified":"2020-03-10T13:07:49","modified_gmt":"2020-03-10T12:07:49","slug":"conferencia-sobre-la-linguistica-una-aplicacion-forense","status":"publish","type":"post","link":"https:\/\/www.upo.es\/diario\/docencia-formacion\/2020\/03\/conferencia-sobre-la-linguistica-una-aplicacion-forense\/","title":{"rendered":"Conferencia sobre &#8216;La ling\u00fc\u00edstica: una aplicaci\u00f3n forense&#8217;"},"content":{"rendered":"<p><a href=\"https:\/\/www.upo.es\/diario\/wp-content\/uploads\/2020\/03\/confe_linguistica1-scaled.jpg\"><img loading=\"lazy\" decoding=\"async\" class=\"aligncenter size-large wp-image-30859946\" src=\"https:\/\/www.upo.es\/diario\/wp-content\/uploads\/2020\/03\/confe_linguistica1-750x339.jpg\" alt=\"\" width=\"750\" height=\"339\" srcset=\"https:\/\/www.upo.es\/diario\/wp-content\/uploads\/2020\/03\/confe_linguistica1-750x339.jpg 750w, https:\/\/www.upo.es\/diario\/wp-content\/uploads\/2020\/03\/confe_linguistica1-360x163.jpg 360w, https:\/\/www.upo.es\/diario\/wp-content\/uploads\/2020\/03\/confe_linguistica1-768x347.jpg 768w, https:\/\/www.upo.es\/diario\/wp-content\/uploads\/2020\/03\/confe_linguistica1-600x271.jpg 600w, https:\/\/www.upo.es\/diario\/wp-content\/uploads\/2020\/03\/confe_linguistica1-1536x695.jpg 1536w, https:\/\/www.upo.es\/diario\/wp-content\/uploads\/2020\/03\/confe_linguistica1-2048x926.jpg 2048w, https:\/\/www.upo.es\/diario\/wp-content\/uploads\/2020\/03\/confe_linguistica1-1320x597.jpg 1320w\" sizes=\"auto, (max-width: 750px) 100vw, 750px\" \/><\/a><\/p>\n<p>&nbsp;<\/p>\n<p>La profesora Mar\u00eda Garc\u00eda Antu\u00f1a del Centro Universitario Internacional de Estudios Superiores del Espa\u00f1ol (CIESE-Fundaci\u00f3n Comillas) ha impartido hoy en la Universidad Pablo de Olavide la conferencia <strong>\u2018La ling\u00fc\u00edstica: una aplicaci\u00f3n forense\u2019.<\/strong> Esta actividad est\u00e1 organizada por el Departamento de Filolog\u00eda y Traducci\u00f3n de la UPO.<\/p>\n<p>El objetivo de esta conferencia es mostrar una visi\u00f3n global de los m\u00e9todos y aplicaciones de la Ling\u00fc\u00edstica Forense aplicada al delito, as\u00ed como familiarizarse a trav\u00e9s de distintas actividades pr\u00e1cticas y te\u00f3ricas, con las t\u00e9cnicas e instrumentos empleados en el peritaje ling\u00fc\u00edstico.<\/p>\n<p><strong>Mar\u00eda Garc\u00eda Antu\u00f1a<\/strong> es licenciada en Ling\u00fc\u00edstica por la Universidad de C\u00e1diz (UCA), \u00a0licenciada en Filolog\u00eda Alemana por la Universidad de Sevilla (US) y doctora en Ling\u00fc\u00edstica. Ha sido investigadora del \u00c1rea de Ling\u00fc\u00edstica General de la UCA y, en la actualidad es secretaria general del Centro Universitario Internacional de Estudios Superiores del Espa\u00f1ol (CIESE-Fundaci\u00f3n Comillas) y realiza el doctorado en Ciencias Policiales en la Universidad de Alcal\u00e1. En su formaci\u00f3n acad\u00e9mica destacan los t\u00edtulos de m\u00e1ster universitario en Traducci\u00f3n de Textos con Fines Espec\u00edficos, Interpretaci\u00f3n y Doblaje de las Lenguas Espa\u00f1ola y Alemana (US), m\u00e1ster en Ling\u00fc\u00edstica Forense (Universitat Pompeu Fabra) y m\u00e1ster en Ciencias Policiales (Universidad de Alcal\u00e1). Su actividad investigadora se centra fundamentalmente en los \u00e1mbitos de la terminolog\u00eda, las lenguas especializadas, la variaci\u00f3n ling\u00fc\u00edstica y socioling\u00fc\u00edstica y la ling\u00fc\u00edstica forense.<\/p>\n","protected":false},"excerpt":{"rendered":"<p>El objetivo de esta conferencia es mostrar una visi\u00f3n global de los m\u00e9todos y aplicaciones de la Ling\u00fc\u00edstica Forense aplicada al delito, as\u00ed como familiarizarse a trav\u00e9s de distintas actividades pr\u00e1cticas y te\u00f3ricas, con las t\u00e9cnicas e instrumentos empleados en el peritaje ling\u00fc\u00edstico.<\/p>\n","protected":false},"author":4,"featured_media":30859946,"comment_status":"closed","ping_status":"open","sticky":false,"template":"","format":"standard","meta":{"_monsterinsights_skip_tracking":false,"_monsterinsights_sitenote_active":false,"_monsterinsights_sitenote_note":"","_monsterinsights_sitenote_category":0,"footnotes":""},"categories":[2779],"tags":[227,1116,3183,6606],"class_list":["post-30859944","post","type-post","status-publish","format-standard","has-post-thumbnail","hentry","category-docencia-formacion","tag-conferencia","tag-departamento-de-filologia-y-traduccion","tag-linguistica","tag-linguistica-forense"],"_links":{"self":[{"href":"https:\/\/www.upo.es\/diario\/wp-json\/wp\/v2\/posts\/30859944","targetHints":{"allow":["GET"]}}],"collection":[{"href":"https:\/\/www.upo.es\/diario\/wp-json\/wp\/v2\/posts"}],"about":[{"href":"https:\/\/www.upo.es\/diario\/wp-json\/wp\/v2\/types\/post"}],"author":[{"embeddable":true,"href":"https:\/\/www.upo.es\/diario\/wp-json\/wp\/v2\/users\/4"}],"replies":[{"embeddable":true,"href":"https:\/\/www.upo.es\/diario\/wp-json\/wp\/v2\/comments?post=30859944"}],"version-history":[{"count":1,"href":"https:\/\/www.upo.es\/diario\/wp-json\/wp\/v2\/posts\/30859944\/revisions"}],"predecessor-version":[{"id":30859947,"href":"https:\/\/www.upo.es\/diario\/wp-json\/wp\/v2\/posts\/30859944\/revisions\/30859947"}],"wp:featuredmedia":[{"embeddable":true,"href":"https:\/\/www.upo.es\/diario\/wp-json\/wp\/v2\/media\/30859946"}],"wp:attachment":[{"href":"https:\/\/www.upo.es\/diario\/wp-json\/wp\/v2\/media?parent=30859944"}],"wp:term":[{"taxonomy":"category","embeddable":true,"href":"https:\/\/www.upo.es\/diario\/wp-json\/wp\/v2\/categories?post=30859944"},{"taxonomy":"post_tag","embeddable":true,"href":"https:\/\/www.upo.es\/diario\/wp-json\/wp\/v2\/tags?post=30859944"}],"curies":[{"name":"wp","href":"https:\/\/api.w.org\/{rel}","templated":true}]}}