{"id":30859976,"date":"2020-03-12T21:38:08","date_gmt":"2020-03-12T20:38:08","guid":{"rendered":"https:\/\/www.upo.es\/diario\/?p=30859976"},"modified":"2020-03-13T15:52:08","modified_gmt":"2020-03-13T14:52:08","slug":"comunicado-de-las-universidades-andaluzas-sobre-la-suspension-de-la-actividad-academica-presencial","status":"publish","type":"post","link":"https:\/\/www.upo.es\/diario\/institucional\/2020\/03\/comunicado-de-las-universidades-andaluzas-sobre-la-suspension-de-la-actividad-academica-presencial\/","title":{"rendered":"Comunicado de las universidades andaluzas sobre la suspensi\u00f3n de la actividad acad\u00e9mica presencial"},"content":{"rendered":"<p><a href=\"https:\/\/www.upo.es\/diario\/wp-content\/uploads\/2015\/12\/cierre_edificios_dic15.jpg\"><img loading=\"lazy\" decoding=\"async\" class=\"alignright wp-image-11509127 size-medium\" src=\"https:\/\/www.upo.es\/diario\/wp-content\/uploads\/2015\/12\/cierre_edificios_dic15-320x212.jpg\" alt=\"\" width=\"320\" height=\"212\" srcset=\"https:\/\/www.upo.es\/diario\/wp-content\/uploads\/2015\/12\/cierre_edificios_dic15-320x212.jpg 320w, https:\/\/www.upo.es\/diario\/wp-content\/uploads\/2015\/12\/cierre_edificios_dic15-600x399.jpg 600w\" sizes=\"auto, (max-width: 320px) 100vw, 320px\" \/><\/a>Como consecuencia de los efectos de la pandemia del COVID-19 en nuestra comunidad aut\u00f3noma,<strong> las universidades andaluzas, siguiendo las directrices del Gobierno de Andaluc\u00eda, comunican la suspensi\u00f3n de todas las actividades docentes presenciales (te\u00f3ricas y pr\u00e1cticas), desde el d\u00eda 16 de marzo hasta el d\u00eda 30 de marzo<\/strong>, fecha en la que se evaluar\u00e1 nuevamente la situaci\u00f3n.<\/p>\n<p>Por extensi\u00f3n, tambi\u00e9n se suspender\u00e1n temporalmente las actividades siguientes:<\/p>\n<ul>\n<li>Cursos y actividades programadas en los espacios de las universidades.<\/li>\n<li>Actividades culturales.<\/li>\n<li>Actividades asociadas a pr\u00e1cticas curriculares y extracurriculares desarrolladas dentro de las instalaciones universitarias. Las pr\u00e1cticas curriculares y extracurriculares que se lleven a cabo fuera de las instalaciones universitarias se podr\u00e1n mantener en funci\u00f3n de la entidad externa.<\/li>\n<li>Las salidas de campo.<\/li>\n<li>La expedici\u00f3n de comisiones de servicio y desplazamientos fuera de las universidades por motivos laborales, incluidas las comisiones para participar en tribunales de oposiciones, concursos y defensas de tesis doctorales.<\/li>\n<\/ul>\n<p>La suspensi\u00f3n temporal de actividades comportar\u00e1 el <strong>cierre de las Bibliotecas, salas de estudio e instalaciones deportivas<\/strong>.<\/p>\n<p>Los servicios de comedor, cafeter\u00eda y copister\u00eda podr\u00e1n mantenerse abiertos, siempre que se garantice el respeto a las normas preventivas recomendadas por las autoridades sanitarias.<\/p>\n<p>Los miembros del PDI y del PAS de las universidades continuar\u00e1n prestando sus servicios, salvo en lo relativo a las actividades docentes presenciales.<\/p>\n<p>El <strong>PDI<\/strong>, en cumplimiento de sus obligaciones docentes, deber\u00e1 buscar alternativas para desarrollar su labor en forma no presencial.<\/p>\n<p>En el caso del<strong> PAS<\/strong>, el cierre al p\u00fablico de las instalaciones donde habitualmente desarrolle su trabajo no implicar\u00e1 el cese en la prestaci\u00f3n de sus servicios.<\/p>\n<p>En estas circunstancias de extraordinaria excepcionalidad, <strong>los rectores y rectoras andaluzas hacemos un llamamiento a la responsabilidad y el compromiso de toda la comunidad universitaria andaluza<\/strong>, rogando, adem\u00e1s, el cumplimiento riguroso de las indicaciones de las autoridades sanitarias.<\/p>\n<hr \/>\n<p><strong>Ma\u00f1ana viernes 13 de marzo, el equipo de Gobierno de la Universidad Pablo de Olavide, en coordinaci\u00f3n con centros y departamentos, enviar\u00e1 las instrucciones necesarias para la correcta implantaci\u00f3n de estas medidas.<\/strong><\/p>\n<p>&nbsp;<\/p>\n","protected":false},"excerpt":{"rendered":"<p>Como consecuencia de los efectos de la pandemia del COVID-19 en nuestra comunidad aut\u00f3noma, las universidades andaluzas, siguiendo las directrices del Gobierno de Andaluc\u00eda, comunican la suspensi\u00f3n de todas las actividades docentes presenciales (te\u00f3ricas y pr\u00e1cticas), desde el d\u00eda 16 de marzo hasta el d\u00eda 30 de marzo, fecha en la que se evaluar\u00e1 nuevamente la situaci\u00f3n. <\/p>\n","protected":false},"author":6,"featured_media":11509127,"comment_status":"closed","ping_status":"open","sticky":false,"template":"","format":"standard","meta":{"_monsterinsights_skip_tracking":false,"_monsterinsights_sitenote_active":false,"_monsterinsights_sitenote_note":"","_monsterinsights_sitenote_category":0,"footnotes":""},"categories":[6],"tags":[190,6601,6618,39],"class_list":["post-30859976","post","type-post","status-publish","format-standard","has-post-thumbnail","hentry","category-institucional","tag-andalucia","tag-covid-19","tag-crisis-sanitaria","tag-universidades"],"_links":{"self":[{"href":"https:\/\/www.upo.es\/diario\/wp-json\/wp\/v2\/posts\/30859976","targetHints":{"allow":["GET"]}}],"collection":[{"href":"https:\/\/www.upo.es\/diario\/wp-json\/wp\/v2\/posts"}],"about":[{"href":"https:\/\/www.upo.es\/diario\/wp-json\/wp\/v2\/types\/post"}],"author":[{"embeddable":true,"href":"https:\/\/www.upo.es\/diario\/wp-json\/wp\/v2\/users\/6"}],"replies":[{"embeddable":true,"href":"https:\/\/www.upo.es\/diario\/wp-json\/wp\/v2\/comments?post=30859976"}],"version-history":[{"count":4,"href":"https:\/\/www.upo.es\/diario\/wp-json\/wp\/v2\/posts\/30859976\/revisions"}],"predecessor-version":[{"id":30859980,"href":"https:\/\/www.upo.es\/diario\/wp-json\/wp\/v2\/posts\/30859976\/revisions\/30859980"}],"wp:featuredmedia":[{"embeddable":true,"href":"https:\/\/www.upo.es\/diario\/wp-json\/wp\/v2\/media\/11509127"}],"wp:attachment":[{"href":"https:\/\/www.upo.es\/diario\/wp-json\/wp\/v2\/media?parent=30859976"}],"wp:term":[{"taxonomy":"category","embeddable":true,"href":"https:\/\/www.upo.es\/diario\/wp-json\/wp\/v2\/categories?post=30859976"},{"taxonomy":"post_tag","embeddable":true,"href":"https:\/\/www.upo.es\/diario\/wp-json\/wp\/v2\/tags?post=30859976"}],"curies":[{"name":"wp","href":"https:\/\/api.w.org\/{rel}","templated":true}]}}