{"id":30859986,"date":"2020-03-13T14:06:16","date_gmt":"2020-03-13T13:06:16","guid":{"rendered":"https:\/\/www.upo.es\/diario\/?p=30859986"},"modified":"2020-03-20T17:14:34","modified_gmt":"2020-03-20T16:14:34","slug":"la-upo-acuerda-el-cese-de-la-actividad-academica-presencial-y-establece-medidas-preventivas-ante-el-covid-19","status":"publish","type":"post","link":"https:\/\/www.upo.es\/diario\/institucional\/2020\/03\/la-upo-acuerda-el-cese-de-la-actividad-academica-presencial-y-establece-medidas-preventivas-ante-el-covid-19\/","title":{"rendered":"La UPO acuerda el cese de la actividad acad\u00e9mica presencial y establece medidas preventivas ante el Covid-19"},"content":{"rendered":"<p>La Universidad Pablo de Olavide ha publicado la <a href=\"https:\/\/upo.gob.es\/system\/modules\/com.saga.upo.sedeelectronica.frontend\/handler\/download-alfresco-document.pdf?ref=567d520d-a4b6-49e4-a855-6b16807370a0\"><strong>resoluci\u00f3n rectoral por la que se acuerda el cese de la actividad acad\u00e9mica presencial y se establecen otras medidas preventivas ante la situaci\u00f3n de excepcionalidad que en t\u00e9rminos de salud p\u00fablica apareja el Covid-19<\/strong><\/a>, siguiendo las recomendaciones de la Presidencia del Gobierno y del Gobierno de la Comunidad Aut\u00f3noma sobre el cese de la actividad educativa presencial y el fomento del teletrabajo. \u00a0Estas medidas se pondr\u00e1n en marcha <strong>el pr\u00f3ximo lunes 16 de marzo, tendr\u00e1n una vigencia de 15 d\u00edas naturales y podr\u00edan prorrogarse en caso de continuar esta situaci\u00f3n de excepcionalidad<\/strong>.<\/p>\n<p>A la vista de las particularidades del campus de la Universidad Pablo de Olavide y sobre la base de los informes recabados por la Comisi\u00f3n de Seguimiento sobre el coronavirus, la Universidad Pablo de Olavide ha resuelto la <strong>suspensi\u00f3n de toda la actividad docente presencial en el \u00e1mbito de la Universidad, incluyendo las actividades docentes pr\u00e1cticas, tanto curriculares como extracurriculares<\/strong>, que se realizan en empresas, organismos e instituciones, as\u00ed como otros cursos o actividades programadas en el \u00e1mbito de las universidad, actividades culturales y salidas de campo.<\/p>\n<p>Asimismo, se encomienda a la Gerencia la actuaci\u00f3n de lo necesario para compatibilizar el funcionamiento adecuado de los distintos servicios administrativos con la necesaria <strong>conciliaci\u00f3n de la vida familiar en este contexto de excepcionalidad, recurriendo a medidas como el teletrabajo, la reordenaci\u00f3n de los turnos de trabajo o la supresi\u00f3n de la atenci\u00f3n al p\u00fablico<\/strong>.<\/p>\n<p>Adem\u00e1s, se encarga a los vicerrectorados competentes el arbitrio de las medidas que fueran necesarias para el desarrollo de los restantes servicios p\u00fablicos universitarios como la investigaci\u00f3n, el doctorado, la transferencia e innovaci\u00f3n, la extensi\u00f3n universitaria y la difusi\u00f3n de la cultura, evitando la frecuencia de las reuniones presenciales.<\/p>\n<p>Por otra parte, se encomienda a los centros y departamentos la actuaci\u00f3n para sustituir la actividad docente presencial, dentro de su margen discrecionalidad y de acuerdo con la dimensi\u00f3n prudencial inherente a la facultad de apreciaci\u00f3n de cada uno, mientras subsistan los efectos de la resoluci\u00f3n.<\/p>\n<p>A estas medidas se suma la suspensi\u00f3n de la expedici\u00f3n de comisiones de servicio y desplazamientos fuera de la Universidad por motivos laborales, incluidas las comisiones para participar en tribunales de oposiciones, concursos y\/o defensas de tesis doctorales; el <strong>cierre temporal de la Biblioteca e instalaciones deportivas, as\u00ed como la suspensi\u00f3n de cualquier otra actividad de naturaleza deportiva organizada por la Universidad<\/strong>.\u00a0 Tambi\u00e9n se ha acordado la suspensi\u00f3n temporal de cualquier evento con gran afluencia de personas en el \u00e1mbito de las instalaciones de la UPO, aunque \u00e9ste estuviese promovido por otras entidades.<\/p>\n<p><strong>Tanto el personal docente e investigador (PDI), como el personal de administraci\u00f3n (PAS) continuar\u00e1n prestando, con car\u00e1cter general, sus servicios, salvo en lo referido a la actividad docente presencial<\/strong>.<\/p>\n<p>Los servicios de comedor, cafeter\u00eda y copister\u00eda se mantendr\u00e1n abiertos, siempre que se garantice el respeto a las normas preventivas recomendadas por las autoridades sanitarias.<\/p>\n","protected":false},"excerpt":{"rendered":"<p>La Universidad Pablo de Olavide ha publicado la resoluci\u00f3n rectoral por la que se acuerda el cese de la actividad acad\u00e9mica presencial y se establecen otras medidas preventivas ante la situaci\u00f3n de excepcionalidad que en t\u00e9rminos de salud p\u00fablica apareja el Covid-19, siguiendo las recomendaciones de la Presidencia del Gobierno y del Gobierno de la Comunidad Aut\u00f3noma sobre el cese de la actividad educativa presencial y el fomento del teletrabajo. \u00a0Estas medidas se pondr\u00e1n en marcha el pr\u00f3ximo lunes 16 de marzo, tendr\u00e1n una vigencia de 15 d\u00edas naturales y podr\u00edan prorrogarse en caso de continuar esta situaci\u00f3n de excepcionalidad.<\/p>\n","protected":false},"author":6,"featured_media":0,"comment_status":"closed","ping_status":"open","sticky":false,"template":"","format":"standard","meta":{"_monsterinsights_skip_tracking":false,"_monsterinsights_sitenote_active":false,"_monsterinsights_sitenote_note":"","_monsterinsights_sitenote_category":0,"footnotes":""},"categories":[6],"tags":[107,6618,1973,21,6031,199],"class_list":["post-30859986","post","type-post","status-publish","format-standard","hentry","category-institucional","tag-campus","tag-crisis-sanitaria","tag-docencia","tag-estudiantes","tag-personal-de-administracion-y-servicios","tag-profesorado"],"_links":{"self":[{"href":"https:\/\/www.upo.es\/diario\/wp-json\/wp\/v2\/posts\/30859986","targetHints":{"allow":["GET"]}}],"collection":[{"href":"https:\/\/www.upo.es\/diario\/wp-json\/wp\/v2\/posts"}],"about":[{"href":"https:\/\/www.upo.es\/diario\/wp-json\/wp\/v2\/types\/post"}],"author":[{"embeddable":true,"href":"https:\/\/www.upo.es\/diario\/wp-json\/wp\/v2\/users\/6"}],"replies":[{"embeddable":true,"href":"https:\/\/www.upo.es\/diario\/wp-json\/wp\/v2\/comments?post=30859986"}],"version-history":[{"count":3,"href":"https:\/\/www.upo.es\/diario\/wp-json\/wp\/v2\/posts\/30859986\/revisions"}],"predecessor-version":[{"id":30859989,"href":"https:\/\/www.upo.es\/diario\/wp-json\/wp\/v2\/posts\/30859986\/revisions\/30859989"}],"wp:attachment":[{"href":"https:\/\/www.upo.es\/diario\/wp-json\/wp\/v2\/media?parent=30859986"}],"wp:term":[{"taxonomy":"category","embeddable":true,"href":"https:\/\/www.upo.es\/diario\/wp-json\/wp\/v2\/categories?post=30859986"},{"taxonomy":"post_tag","embeddable":true,"href":"https:\/\/www.upo.es\/diario\/wp-json\/wp\/v2\/tags?post=30859986"}],"curies":[{"name":"wp","href":"https:\/\/api.w.org\/{rel}","templated":true}]}}