{"id":30860190,"date":"2020-03-27T19:02:20","date_gmt":"2020-03-27T18:02:20","guid":{"rendered":"https:\/\/www.upo.es\/diario\/?p=30860190"},"modified":"2020-04-02T18:32:59","modified_gmt":"2020-04-02T16:32:59","slug":"estreno-del-documental-sobre-los-primeros-15-anos-de-vida-de-la-residencia-flora-tristan","status":"publish","type":"post","link":"https:\/\/www.upo.es\/diario\/video\/2020\/03\/estreno-del-documental-sobre-los-primeros-15-anos-de-vida-de-la-residencia-flora-tristan\/","title":{"rendered":"Estreno del documental sobre los primeros 15 a\u00f1os de vida de la Residencia Flora Trist\u00e1n"},"content":{"rendered":"<p><iframe loading=\"lazy\" src=\"https:\/\/www.youtube.com\/embed\/u3La5Jj_x3E\" width=\"750\" height=\"410\" frameborder=\"0\" allowfullscreen=\"allowfullscreen\"><span data-mce-type=\"bookmark\" style=\"display: inline-block; width: 0px; overflow: hidden; line-height: 0;\" class=\"mce_SELRES_start\">\ufeff<\/span><span data-mce-type=\"bookmark\" style=\"display: inline-block; width: 0px; overflow: hidden; line-height: 0;\" class=\"mce_SELRES_start\">\ufeff<\/span><\/iframe><br \/>\n<strong>\u2018Flora Trist\u00e1n. XV Aniversario\u2019<\/strong> es el t\u00edtulo del documental sobre los primeros a\u00f1os de vida de a Residencia Universitaria Flora Trist\u00e1n, el proyecto social de la Universidad Pablo de Olavide ubicado en el Pol\u00edgono Sur de Sevilla. \u2018La Flora\u2019 como se conoce a esta residencia, abri\u00f3 sus puertas en 2004 y cuenta cada a\u00f1o con un equipo de estudiantes procedentes de distintas universidades que colaboran en el tejido social del barrio.<\/p>\n<p>El documental,<strong> impulsado por el Vicerrectorado de Cultura y Compromiso Social de la UPO<\/strong>, en colaboraci\u00f3n con la Fundaci\u00f3n Universidad Pablo de Olavide, ha contado con el apoyo del realizador <strong>Sebasti\u00e1n Talavera<\/strong> y el trabajo de la periodista y participante del proyecto social <strong>Elisabet G\u00f3mez Betanzos<\/strong>, quien ha cedido de manera desinteresada sus proyectos audiovisuales recogidos en la instituci\u00f3n en el periodo 2014-2019.<\/p>\n<p>En este trabajo se muestran algunos de los <strong>hitos y logros de este proyecto social<\/strong> que se ha ido consolidando con su innovador m\u00e9todo de presencia, intercambio y trabajo comprometido en la zona. Testimonios de personas que forman parte de este proyecto y de este barrio ofrecen diferentes visiones de una experiencia que sirve de modelo para otros territorios.<\/p>\n<p>Documental: <strong>https:\/\/youtu.be\/u3La5Jj_x3E<\/strong><\/p>\n","protected":false},"excerpt":{"rendered":"<p>\u2018Flora Trist\u00e1n. XV Aniversario\u2019 es el t\u00edtulo del documental sobre los primeros a\u00f1os de vida de a Residencia Universitaria Flora Trist\u00e1n, el proyecto social de la Universidad Pablo de Olavide ubicado en el Pol\u00edgono Sur de Sevilla. \u2018La Flora\u2019 como se conoce a esta residencia, abri\u00f3 sus puertas en 2004 y cuenta cada a\u00f1o con un equipo de estudiantes procedentes de distintas universidades que colaboran en el tejido social del barrio.<\/p>\n","protected":false},"author":6,"featured_media":30860195,"comment_status":"closed","ping_status":"open","sticky":false,"template":"","format":"video","meta":{"_monsterinsights_skip_tracking":false,"_monsterinsights_sitenote_active":false,"_monsterinsights_sitenote_note":"","_monsterinsights_sitenote_category":0,"footnotes":""},"categories":[6038],"tags":[568,2759,357,1745,86],"class_list":["post-30860190","post","type-post","status-publish","format-video","has-post-thumbnail","hentry","category-video","tag-aniversario","tag-compromiso-social","tag-poligono-sur","tag-residencia-universitaria-flora-tristan","tag-voluntariado","post_format-post-format-video"],"_links":{"self":[{"href":"https:\/\/www.upo.es\/diario\/wp-json\/wp\/v2\/posts\/30860190","targetHints":{"allow":["GET"]}}],"collection":[{"href":"https:\/\/www.upo.es\/diario\/wp-json\/wp\/v2\/posts"}],"about":[{"href":"https:\/\/www.upo.es\/diario\/wp-json\/wp\/v2\/types\/post"}],"author":[{"embeddable":true,"href":"https:\/\/www.upo.es\/diario\/wp-json\/wp\/v2\/users\/6"}],"replies":[{"embeddable":true,"href":"https:\/\/www.upo.es\/diario\/wp-json\/wp\/v2\/comments?post=30860190"}],"version-history":[{"count":5,"href":"https:\/\/www.upo.es\/diario\/wp-json\/wp\/v2\/posts\/30860190\/revisions"}],"predecessor-version":[{"id":30860196,"href":"https:\/\/www.upo.es\/diario\/wp-json\/wp\/v2\/posts\/30860190\/revisions\/30860196"}],"wp:featuredmedia":[{"embeddable":true,"href":"https:\/\/www.upo.es\/diario\/wp-json\/wp\/v2\/media\/30860195"}],"wp:attachment":[{"href":"https:\/\/www.upo.es\/diario\/wp-json\/wp\/v2\/media?parent=30860190"}],"wp:term":[{"taxonomy":"category","embeddable":true,"href":"https:\/\/www.upo.es\/diario\/wp-json\/wp\/v2\/categories?post=30860190"},{"taxonomy":"post_tag","embeddable":true,"href":"https:\/\/www.upo.es\/diario\/wp-json\/wp\/v2\/tags?post=30860190"}],"curies":[{"name":"wp","href":"https:\/\/api.w.org\/{rel}","templated":true}]}}