{"id":30860330,"date":"2020-04-01T19:24:42","date_gmt":"2020-04-01T17:24:42","guid":{"rendered":"https:\/\/www.upo.es\/diario\/?p=30860330"},"modified":"2020-04-02T01:33:08","modified_gmt":"2020-04-01T23:33:08","slug":"el-servicio-de-deportes-lanza-la-ii-edicion-del-concurso-disena-la-imagen-de-tu-escuela-de-verano","status":"publish","type":"post","link":"https:\/\/www.upo.es\/diario\/comunidad\/2020\/04\/el-servicio-de-deportes-lanza-la-ii-edicion-del-concurso-disena-la-imagen-de-tu-escuela-de-verano\/","title":{"rendered":"El Servicio de Deportes lanza la II edici\u00f3n del concurso \u2018Dise\u00f1a la imagen de tu Escuela de Verano\u2019"},"content":{"rendered":"<p>En el contexto actual, con lo m\u00e1s peque\u00f1os en casa, el Servicio de Deportes de la Universidad Pablo de Olavide convoca la segunda edici\u00f3n del concurso <strong>\u2018Dise\u00f1a la imagen de tu Escuela de Verano\u2019, un certamen de dibujo cuya imagen ganadora servir\u00e1 de referencia para la carteler\u00eda de la Escuela y Pequescuela Deportivas de Verano 2020<\/strong>.<\/p>\n<blockquote><p>Podr\u00e1n participar ni\u00f1as y ni\u00f1os de entre 3 y 12 a\u00f1os y el premio consistir\u00e1 en la inscripci\u00f3n gratuita a la Escuela y la Pequescuela<\/p><\/blockquote>\n<p>Podr\u00e1n participar en este concurso ni\u00f1os y ni\u00f1as de entre 3 y 12 a\u00f1os que vayan a inscribirse a las escuelas deportivas de verano de la UPO. Como novedad este a\u00f1o, el concurso cuenta con dos categor\u00edas, Escuela y Pequescuela, e independientemente del dibujo que se seleccione para ser la imagen, se conceder\u00e1 para cada categor\u00eda un premio consistente en la inscripci\u00f3n gratuita para estas Escuelas Deportivas de 2020.<\/p>\n<p>La tem\u00e1tica del concurso, al igual que la Escuela y Pequescuela de este verano, ser\u00e1 \u2018Mensajeros del cambio clim\u00e1tico\u2019 y los participantes podr\u00e1n ejecutar sus dibujos con libertad de estilo, t\u00e9cnica y color; siendo requisito imprescindible que el original admita su reproducci\u00f3n fiel a imprenta, a cuatro tintas como m\u00e1ximo y off-set.<\/p>\n<p>El plazo de presentaci\u00f3n de los originales (sentido vertical, A4) ser\u00e1 del 11 al 13 de mayo en horario de 10,00 a 15,00 horas, y deber\u00e1n entregarse en un sobre cerrado, sin firmar y sin identificaci\u00f3n del remitente en el buz\u00f3n que se habilitar\u00e1, para tal efecto, en la entrada de la oficina del \u00c1rea de Comunicaci\u00f3n de la Fundaci\u00f3n Universidad Pablo de Olavide (Edif. 17, primera planta). No se aceptar\u00e1n en el concurso creaciones entregadas fuera de este plazo de tiempo o que no cumplan los criterios establecidos para preservar el anonimato de los participantes.<\/p>\n<p>El SDUPO anunciar\u00e1 el cartel ganador antes del 20 de mayo y este formar\u00e1 parte, al igual que el resto de dibujos presentados, de una exposici\u00f3n que se desarrollar\u00e1 durante las escuelas deportivas de este 2020.<\/p>\n<p>Consulta las bases del concurso en <a href=\"https:\/\/www.upo.es\/sdupo\/concurso-disena-la-imagen-de-tu-escuela-de-verano\/\">https:\/\/www.upo.es\/sdupo\/concurso-disena-la-imagen-de-tu-escuela-de-verano\/<\/a>.<\/p>\n","protected":false},"excerpt":{"rendered":"<p>En el contexto actual, con lo m\u00e1s peque\u00f1os en casa, el Servicio de Deportes de la Universidad Pablo de Olavide convoca la segunda edici\u00f3n del concurso \u2018Dise\u00f1a la imagen de tu Escuela de Verano\u2019, un certamen de dibujo cuya imagen ganadora servir\u00e1 de referencia para la carteler\u00eda de la Escuela y Pequescuela Deportivas de Verano 2020.<\/p>\n","protected":false},"author":6,"featured_media":30860331,"comment_status":"closed","ping_status":"open","sticky":false,"template":"","format":"standard","meta":{"_monsterinsights_skip_tracking":false,"_monsterinsights_sitenote_active":false,"_monsterinsights_sitenote_note":"","_monsterinsights_sitenote_category":0,"footnotes":""},"categories":[5842],"tags":[59,6035,1646,2474,232,492],"class_list":["post-30860330","post","type-post","status-publish","format-standard","has-post-thumbnail","hentry","category-comunidad","tag-concurso","tag-dibujo","tag-escuela-de-verano","tag-fundacion-universidad-pablo-de-olavide","tag-sdupo","tag-servicio-de-deportes"],"_links":{"self":[{"href":"https:\/\/www.upo.es\/diario\/wp-json\/wp\/v2\/posts\/30860330","targetHints":{"allow":["GET"]}}],"collection":[{"href":"https:\/\/www.upo.es\/diario\/wp-json\/wp\/v2\/posts"}],"about":[{"href":"https:\/\/www.upo.es\/diario\/wp-json\/wp\/v2\/types\/post"}],"author":[{"embeddable":true,"href":"https:\/\/www.upo.es\/diario\/wp-json\/wp\/v2\/users\/6"}],"replies":[{"embeddable":true,"href":"https:\/\/www.upo.es\/diario\/wp-json\/wp\/v2\/comments?post=30860330"}],"version-history":[{"count":2,"href":"https:\/\/www.upo.es\/diario\/wp-json\/wp\/v2\/posts\/30860330\/revisions"}],"predecessor-version":[{"id":30860333,"href":"https:\/\/www.upo.es\/diario\/wp-json\/wp\/v2\/posts\/30860330\/revisions\/30860333"}],"wp:featuredmedia":[{"embeddable":true,"href":"https:\/\/www.upo.es\/diario\/wp-json\/wp\/v2\/media\/30860331"}],"wp:attachment":[{"href":"https:\/\/www.upo.es\/diario\/wp-json\/wp\/v2\/media?parent=30860330"}],"wp:term":[{"taxonomy":"category","embeddable":true,"href":"https:\/\/www.upo.es\/diario\/wp-json\/wp\/v2\/categories?post=30860330"},{"taxonomy":"post_tag","embeddable":true,"href":"https:\/\/www.upo.es\/diario\/wp-json\/wp\/v2\/tags?post=30860330"}],"curies":[{"name":"wp","href":"https:\/\/api.w.org\/{rel}","templated":true}]}}