{"id":30860427,"date":"2020-04-07T11:55:12","date_gmt":"2020-04-07T09:55:12","guid":{"rendered":"https:\/\/www.upo.es\/diario\/?p=30860427"},"modified":"2020-04-13T12:53:15","modified_gmt":"2020-04-13T10:53:15","slug":"pantala-start-up-de-la-upo-elegida-por-el-foro-de-consejos-sociales-para-inviertlab","status":"publish","type":"post","link":"https:\/\/www.upo.es\/diario\/comunidad\/2020\/04\/pantala-start-up-de-la-upo-elegida-por-el-foro-de-consejos-sociales-para-inviertlab\/","title":{"rendered":"Pantala, start-up de la UPO, elegida por el Foro de Consejos Sociales para InviertLab"},"content":{"rendered":"<figure id=\"attachment_30858298\" aria-describedby=\"caption-attachment-30858298\" style=\"width: 750px\" class=\"wp-caption aligncenter\"><a href=\"https:\/\/www.upo.es\/diario\/wp-content\/uploads\/2019\/10\/Pilar-Paco_PANTALA.jpg\"><img loading=\"lazy\" decoding=\"async\" class=\"size-large wp-image-30858298\" src=\"https:\/\/www.upo.es\/diario\/wp-content\/uploads\/2019\/10\/Pilar-Paco_PANTALA-750x407.jpg\" alt=\"\" width=\"750\" height=\"407\" srcset=\"https:\/\/www.upo.es\/diario\/wp-content\/uploads\/2019\/10\/Pilar-Paco_PANTALA-750x407.jpg 750w, https:\/\/www.upo.es\/diario\/wp-content\/uploads\/2019\/10\/Pilar-Paco_PANTALA-360x195.jpg 360w, https:\/\/www.upo.es\/diario\/wp-content\/uploads\/2019\/10\/Pilar-Paco_PANTALA-768x417.jpg 768w, https:\/\/www.upo.es\/diario\/wp-content\/uploads\/2019\/10\/Pilar-Paco_PANTALA-600x326.jpg 600w, https:\/\/www.upo.es\/diario\/wp-content\/uploads\/2019\/10\/Pilar-Paco_PANTALA-1320x716.jpg 1320w\" sizes=\"auto, (max-width: 750px) 100vw, 750px\" \/><\/a><figcaption id=\"caption-attachment-30858298\" class=\"wp-caption-text\">Pilar Olmedo, fundadora y CMO de Pantala, y Francisco S\u00e1nchez, CEO de Pantala<\/figcaption><\/figure>\n<p>El Foro de los Consejos Sociales de las Universidades P\u00fablicas de Andaluc\u00eda ha seleccionado a Pantala, <em>start-up<\/em> promovida por dos estudiantes de la UPO, entre los nueve proyectos de emprendimiento que participar\u00e1n en su programa InviertLab, que cumple su quinta edici\u00f3n con el objetivo de canalizar la financiaci\u00f3n privada hacia empresas basadas en el conocimiento (EBC). Estas <em>spin-offs<\/em> y <em>start-ups<\/em> representan a cada una de las nueve universidades p\u00fablicas de la comunidad andaluza, cuyos consejos sociales han realizado una difusi\u00f3n previa entre sus respectivas comunidades universitarias.<\/p>\n<p>Pantala es una <em>startup<\/em> que se reconoce como el \u2018Netflix de la ropa\u2019, ya que mediante un pago mensual de 69\u20ac, pone a disposici\u00f3n del usuario un armario ilimitado de ropa, mediante tres prendas al mes valoradas en 600 euros. Sus fundadores, Pilar Olmedo y Francisco S\u00e1nchez, son j\u00f3venes con ganas de cambiar el mundo, que han estudiado en la Universidad Pablo de Olavide y que han puesto en marcha un modelo de negocio basado en la econom\u00eda circular, sostenible y respetuoso con el medio ambiente.<\/p>\n<blockquote><p>Sus fundadores reconocen que el apoyo y la ayuda de la Universidad Pablo de Olavide han sido fundamentales en su iniciativa<\/p><\/blockquote>\n<p>Este proyecto que ya contaba, en su lanzamiento, con una lista de espera de 5000 clientes y un cat\u00e1logo formado por prendas de dise\u00f1adores espa\u00f1oles y moda sostenible, ha sido impulsado por el Centro Andaluz de Emprendimiento (CADE) de la UPO. Pilar y Francisco son emprendedores natos y han participado en numerosos eventos de fomento de la cultura emprendedora, promovidos desde el vicerrectorado de Estrategia, Empleabilidad y Emprendimiento y gestionados a trav\u00e9s del \u00e1rea de Empleabilidad y Emprendimiento de la Fundaci\u00f3n UPO. As\u00ed pues, Francisco ya fue el ganador de la categor\u00eda \u201cpersona con mejor actitud emprendedora\u201d en la primera edici\u00f3n de Ideas Factory de la UPO en 2016. Adem\u00e1s, ambos participaron en la segunda Ronda de Apadrinamiento del Talento Universitario, que la UPO organiz\u00f3 en colaboraci\u00f3n con la Federaci\u00f3n de Industriales y Comerciantes de Alcal\u00e1 de Guadaira (FICA) en 2018. Por \u00fatlimo, Pantala se alz\u00f3 con el premio en la categor\u00eda \u2018Emprendimiento Verde\u2019 en la \u00faltima edici\u00f3n del Concurso UPOEmprende.<\/p>\n<p>Por todo ello, sus fundadores reconocen que el apoyo y la ayuda de la Universidad Pablo de Olavide han sido fundamentales en su iniciativa y afirman que \u201cnosotros lo hemos exprimido al m\u00e1ximo y, gracias a ello, hoy podemos hablar de Pantala como un proyecto real\u201d, en palabras de Pilar Olmedo.<\/p>\n<p>El funcionamiento de Pantala es simple; el usuario elige tres prendas del cat\u00e1logo y ellos te la env\u00edan a casa para darle uso durante 30 d\u00edas. Al final de mes, el usuario devuelve la ropa y elige tres nuevas prendas para poder pon\u00e9rsela durante el mes siguiente. De este modo, todo usuario que est\u00e9 suscrito a Pantala puede rotar su armario cada mes, accediendo a nuevas prendas sin tener que acumular espacio en el armario con ropa que no usa y reduciendo tambi\u00e9n el impacto de la industria de la moda, una de las m\u00e1s contaminantes del mundo.<\/p>\n<blockquote><p>El programa InviertLab se centra en transformar estos proyectos empresariales universitarios en \u201cinvertibles\u201d<\/p><\/blockquote>\n<p>El programa InviertLab se centra en transformar estos proyectos empresariales universitarios en \u201cinvertibles\u201d, es decir, atractivos para potenciales inversores. Para ello, los respectivos equipos se est\u00e1n beneficiando ya de una fase de mentorizaci\u00f3n, personalizada e intensiva a cargo de Demium, una consultora especializada. Esta fase comenz\u00f3 una semana antes de la entrada en vigor de la Situaci\u00f3n de Emergencia decretado por el Gobierno, realiz\u00e1ndose las primeras reuniones de manera presencial. A partir de entonces, las reuniones de seguimiento vienen realiz\u00e1ndose telem\u00e1ticamente. El Foro espera as\u00ed que la presentaci\u00f3n final a inversores se pueda desarrollar sin excesiva demora, en un gran evento organizado a tal efecto.<\/p>\n<p>Para su selecci\u00f3n, los proyectos han tenido que cumplir con una serie de requisitos: estar basados en el conocimiento, la cultura, la creatividad y la tecnolog\u00eda, poseer un alto potencial de crecimiento y escalabilidad y tener claramente identificada las necesidades de financiaci\u00f3n a corto y medio plazo.<\/p>\n<p>El Foro de los Consejos Sociales de la Universidades P\u00fablicas de Andaluc\u00eda fue creado en el curso 2007-2008, con el apoyo de la Junta de Andaluc\u00eda, con el objetivo de proponer l\u00edneas de coordinaci\u00f3n: facilitar la comunicaci\u00f3n entre los distintos consejos sociales de las universidades, aprovechar las sinergias positivas, trabajar en com\u00fan, intercambiar buenas pr\u00e1cticas y facilitar la interlocuci\u00f3n con las distintas administraciones acad\u00e9micas y educativas. En el Foro est\u00e1n representadas las siguientes universidades: Almer\u00eda, C\u00e1diz, Granada, Huelva, Sevilla, Pablo de Olavide (Sevilla), C\u00f3rdoba, M\u00e1laga, Ja\u00e9n.<\/p>\n<p>&nbsp;<\/p>\n<h3><strong>M\u00e1s informaci\u00f3n:<\/strong><\/h3>\n<p><a href=\"https:\/\/consejosandalucia.org\/\">Foro de los Consejos Sociales de las Universidades P\u00fablicas de Andaluc\u00eda<\/a><\/p>\n<p><a href=\"https:\/\/pantala.es\/?event=FBWaitingList&amp;fbclid=IwAR2SZZdTtaCiVVpp-nKRwUxr4QTyuLIOAQ-h9iRrCZKSicVR24tW1wzI7tc\">Pantala<\/a><\/p>\n","protected":false},"excerpt":{"rendered":"<p>El Foro de los Consejos Sociales de las Universidades P\u00fablicas de Andaluc\u00eda ha seleccionado a Pantala, start-up promovida por dos estudiantes de la UPO, entre los nueve proyectos de emprendimiento que participar\u00e1n en su programa InviertLab, que cumple su quinta edici\u00f3n con el objetivo de canalizar la financiaci\u00f3n privada hacia empresas basadas en el conocimiento (EBC). Estas spin-offs y start-ups representan a cada una de las nueve universidades p\u00fablicas de la comunidad andaluza, cuyos consejos sociales han realizado una difusi\u00f3n previa entre sus respectivas comunidades universitarias.<\/p>\n","protected":false},"author":2,"featured_media":30858298,"comment_status":"closed","ping_status":"open","sticky":false,"template":"","format":"standard","meta":{"_monsterinsights_skip_tracking":false,"_monsterinsights_sitenote_active":false,"_monsterinsights_sitenote_note":"","_monsterinsights_sitenote_category":0,"footnotes":""},"categories":[5842],"tags":[6292,4939,689,1059,21,6653,6296,6654,1610,6294,6291,6295,3758,242],"class_list":["post-30860427","post","type-post","status-publish","format-standard","has-post-thumbnail","hentry","category-comunidad","tag-armario-virtual","tag-cade","tag-emprendimiento","tag-empresas","tag-estudiantes","tag-foro-de-los-consejos-sociales-de-las-universidades-publicas-de-andalucia","tag-francisco-sanchez","tag-inviertlab","tag-moda","tag-negocio-sostenible","tag-pantala","tag-pilar-olmedo","tag-startup","tag-upoemprende"],"_links":{"self":[{"href":"https:\/\/www.upo.es\/diario\/wp-json\/wp\/v2\/posts\/30860427","targetHints":{"allow":["GET"]}}],"collection":[{"href":"https:\/\/www.upo.es\/diario\/wp-json\/wp\/v2\/posts"}],"about":[{"href":"https:\/\/www.upo.es\/diario\/wp-json\/wp\/v2\/types\/post"}],"author":[{"embeddable":true,"href":"https:\/\/www.upo.es\/diario\/wp-json\/wp\/v2\/users\/2"}],"replies":[{"embeddable":true,"href":"https:\/\/www.upo.es\/diario\/wp-json\/wp\/v2\/comments?post=30860427"}],"version-history":[{"count":2,"href":"https:\/\/www.upo.es\/diario\/wp-json\/wp\/v2\/posts\/30860427\/revisions"}],"predecessor-version":[{"id":30860429,"href":"https:\/\/www.upo.es\/diario\/wp-json\/wp\/v2\/posts\/30860427\/revisions\/30860429"}],"wp:featuredmedia":[{"embeddable":true,"href":"https:\/\/www.upo.es\/diario\/wp-json\/wp\/v2\/media\/30858298"}],"wp:attachment":[{"href":"https:\/\/www.upo.es\/diario\/wp-json\/wp\/v2\/media?parent=30860427"}],"wp:term":[{"taxonomy":"category","embeddable":true,"href":"https:\/\/www.upo.es\/diario\/wp-json\/wp\/v2\/categories?post=30860427"},{"taxonomy":"post_tag","embeddable":true,"href":"https:\/\/www.upo.es\/diario\/wp-json\/wp\/v2\/tags?post=30860427"}],"curies":[{"name":"wp","href":"https:\/\/api.w.org\/{rel}","templated":true}]}}