{"id":30860472,"date":"2020-04-14T11:24:27","date_gmt":"2020-04-14T09:24:27","guid":{"rendered":"https:\/\/www.upo.es\/diario\/?p=30860472"},"modified":"2020-04-14T11:24:27","modified_gmt":"2020-04-14T09:24:27","slug":"abierto-el-plazo-para-inscribirse-a-la-jornada-violencia-de-genero-sobre-la-pareja-y-sus-consecuencias-civiles","status":"publish","type":"post","link":"https:\/\/www.upo.es\/diario\/docencia-formacion\/2020\/04\/abierto-el-plazo-para-inscribirse-a-la-jornada-violencia-de-genero-sobre-la-pareja-y-sus-consecuencias-civiles\/","title":{"rendered":"Abierto el plazo para inscribirse a la jornada \u2018Violencia de g\u00e9nero sobre la pareja y sus consecuencias civiles\u2019"},"content":{"rendered":"<p><a href=\"https:\/\/www.upo.es\/diario\/wp-content\/uploads\/2020\/04\/violenciagenero.jpg\"><img loading=\"lazy\" decoding=\"async\" class=\"alignright size-medium wp-image-30860476\" src=\"https:\/\/www.upo.es\/diario\/wp-content\/uploads\/2020\/04\/violenciagenero-360x203.jpg\" alt=\"\" width=\"360\" height=\"203\" srcset=\"https:\/\/www.upo.es\/diario\/wp-content\/uploads\/2020\/04\/violenciagenero-360x203.jpg 360w, https:\/\/www.upo.es\/diario\/wp-content\/uploads\/2020\/04\/violenciagenero-750x423.jpg 750w, https:\/\/www.upo.es\/diario\/wp-content\/uploads\/2020\/04\/violenciagenero-768x433.jpg 768w, https:\/\/www.upo.es\/diario\/wp-content\/uploads\/2020\/04\/violenciagenero-600x338.jpg 600w, https:\/\/www.upo.es\/diario\/wp-content\/uploads\/2020\/04\/violenciagenero.jpg 960w\" sizes=\"auto, (max-width: 360px) 100vw, 360px\" \/><\/a>Todos los interesados en realizar la <strong>jornada \u2018Violencia de g\u00e9nero sobre la pareja y sus consecuencias civiles\u2019<\/strong> tienen de plazo <u>hasta el pr\u00f3ximo domingo 19 de abril<\/u> para cumplimentar su inscripci\u00f3n en esta actividad que se celebrar\u00e1, de manera online, los d\u00edas 22 y 23 de abril en horario de 17:00 a 19:30 horas.<\/p>\n<p>Dirigida por el profesor del \u00c1rea de Derecho civil de la Universidad Pablo de Olavide, Antonio J. Vela S\u00e1nchez, asesor jur\u00eddico del Bufete P\u00e9rez-Llorca Abogados, esta jornada supone un estudio del Derecho civil enfocado hacia los importantes efectos civiles que produce la violencia de g\u00e9nero sobre la pareja y que, como indica la presentaci\u00f3n de dicha jornada, todo jurista debe conocer para la aplicaci\u00f3n correcta del Derecho y para la protecci\u00f3n efectiva de las v\u00edctimas, supliendo lagunas jur\u00eddicas que provienen de una docencia gen\u00e9rica.<\/p>\n<p>Financiada por el Vicerrectorado de Cultura y Compromiso Social y la Consejer\u00eda de Igualdad, Pol\u00edticas Sociales y Conciliaci\u00f3n de la Junta de Andaluc\u00eda, abordar\u00e1 el d\u00eda 22 de abril los efectos civiles personales esenciales de la violencia de g\u00e9nero sobre la pareja, mientras que el d\u00eda 23\u00a0 de abril analizar\u00e1 los efectos civiles patrimoniales esenciales de la violencia de g\u00e9nero.<\/p>\n<p>Esta actividad, que cuenta con 100 plazas, se realizar\u00e1 de manera online a trav\u00e9s de la plataforma Blackboard Collaborate UPO. Los interesados deben enviar la ficha de inscripci\u00f3n rellena a la direcci\u00f3n <a href=\"mailto:ajvelsan@upo.es\">ajvelsan@upo.es<\/a> y el criterio de selecci\u00f3n ser\u00e1 por orden de inscripci\u00f3n.<\/p>\n<p>Una vez transcurrido el plazo, se notificar\u00e1 a las personas admitidas, con la brevedad posible, el enlace para acceder online a estas jornadas.<\/p>\n<p>&nbsp;<\/p>\n<h3><strong>M\u00e1s informaci\u00f3n:<\/strong><\/h3>\n<p><a href=\"https:\/\/eventos.upo.es\/50500\/detail\/jornadas-violencia-de-genero-sobre-la-pareja-y-sus-consecuencias-civiles.html\">Jornada \u2018Violencia de g\u00e9nero sobre la pareja y sus consecuencias civiles\u2019<\/a><\/p>\n","protected":false},"excerpt":{"rendered":"<p>Todos los interesados en realizar la jornada \u2018Violencia de g\u00e9nero sobre la pareja y sus consecuencias civiles\u2019 tienen de plazo hasta el pr\u00f3ximo domingo 19 de abril para cumplimentar su inscripci\u00f3n en esta actividad que se celebrar\u00e1, de manera online, los d\u00edas 22 y 23 de abril en horario de 17:00 a 19:30 horas.<\/p>\n","protected":false},"author":2,"featured_media":30860476,"comment_status":"closed","ping_status":"open","sticky":false,"template":"","format":"standard","meta":{"_monsterinsights_skip_tracking":false,"_monsterinsights_sitenote_active":false,"_monsterinsights_sitenote_note":"","_monsterinsights_sitenote_category":0,"footnotes":""},"categories":[2779],"tags":[6677,1358,6675,87,84,6678,6676,2667,2441],"class_list":["post-30860472","post","type-post","status-publish","format-standard","has-post-thumbnail","hentry","category-docencia-formacion","tag-antonio-j-vela-sanchez","tag-area-de-derecho-civil","tag-blackboard-collaborate-upo","tag-derecho","tag-jornadas","tag-jurista","tag-online","tag-vicerrectorado-de-cultura-y-compromiso-social","tag-violencia-de-genero"],"_links":{"self":[{"href":"https:\/\/www.upo.es\/diario\/wp-json\/wp\/v2\/posts\/30860472","targetHints":{"allow":["GET"]}}],"collection":[{"href":"https:\/\/www.upo.es\/diario\/wp-json\/wp\/v2\/posts"}],"about":[{"href":"https:\/\/www.upo.es\/diario\/wp-json\/wp\/v2\/types\/post"}],"author":[{"embeddable":true,"href":"https:\/\/www.upo.es\/diario\/wp-json\/wp\/v2\/users\/2"}],"replies":[{"embeddable":true,"href":"https:\/\/www.upo.es\/diario\/wp-json\/wp\/v2\/comments?post=30860472"}],"version-history":[{"count":2,"href":"https:\/\/www.upo.es\/diario\/wp-json\/wp\/v2\/posts\/30860472\/revisions"}],"predecessor-version":[{"id":30860477,"href":"https:\/\/www.upo.es\/diario\/wp-json\/wp\/v2\/posts\/30860472\/revisions\/30860477"}],"wp:featuredmedia":[{"embeddable":true,"href":"https:\/\/www.upo.es\/diario\/wp-json\/wp\/v2\/media\/30860476"}],"wp:attachment":[{"href":"https:\/\/www.upo.es\/diario\/wp-json\/wp\/v2\/media?parent=30860472"}],"wp:term":[{"taxonomy":"category","embeddable":true,"href":"https:\/\/www.upo.es\/diario\/wp-json\/wp\/v2\/categories?post=30860472"},{"taxonomy":"post_tag","embeddable":true,"href":"https:\/\/www.upo.es\/diario\/wp-json\/wp\/v2\/tags?post=30860472"}],"curies":[{"name":"wp","href":"https:\/\/api.w.org\/{rel}","templated":true}]}}