{"id":30860591,"date":"2020-04-23T14:05:36","date_gmt":"2020-04-23T12:05:36","guid":{"rendered":"https:\/\/www.upo.es\/diario\/?p=30860591"},"modified":"2020-04-23T14:05:36","modified_gmt":"2020-04-23T12:05:36","slug":"el-investigador-de-la-upo-carlos-andres-sanchez-leon-participa-en-el-evento-divulgativo-somos-cientificos","status":"publish","type":"post","link":"https:\/\/www.upo.es\/diario\/comunidad\/2020\/04\/el-investigador-de-la-upo-carlos-andres-sanchez-leon-participa-en-el-evento-divulgativo-somos-cientificos\/","title":{"rendered":"El investigador de la UPO Carlos Andr\u00e9s S\u00e1nchez Le\u00f3n participa en el evento divulgativo \u2018Somos Cient\u00edficos\u2019"},"content":{"rendered":"<figure id=\"attachment_30860592\" aria-describedby=\"caption-attachment-30860592\" style=\"width: 270px\" class=\"wp-caption alignright\"><a href=\"https:\/\/www.upo.es\/diario\/wp-content\/uploads\/2020\/04\/IMG_20191121_132829-scaled.jpg\"><img loading=\"lazy\" decoding=\"async\" class=\"size-medium wp-image-30860592\" src=\"https:\/\/www.upo.es\/diario\/wp-content\/uploads\/2020\/04\/IMG_20191121_132829-270x360.jpg\" alt=\"\" width=\"270\" height=\"360\" srcset=\"https:\/\/www.upo.es\/diario\/wp-content\/uploads\/2020\/04\/IMG_20191121_132829-270x360.jpg 270w, https:\/\/www.upo.es\/diario\/wp-content\/uploads\/2020\/04\/IMG_20191121_132829-563x750.jpg 563w, https:\/\/www.upo.es\/diario\/wp-content\/uploads\/2020\/04\/IMG_20191121_132829-768x1024.jpg 768w, https:\/\/www.upo.es\/diario\/wp-content\/uploads\/2020\/04\/IMG_20191121_132829-600x800.jpg 600w, https:\/\/www.upo.es\/diario\/wp-content\/uploads\/2020\/04\/IMG_20191121_132829-1152x1536.jpg 1152w, https:\/\/www.upo.es\/diario\/wp-content\/uploads\/2020\/04\/IMG_20191121_132829-1536x2048.jpg 1536w, https:\/\/www.upo.es\/diario\/wp-content\/uploads\/2020\/04\/IMG_20191121_132829-1320x1760.jpg 1320w, https:\/\/www.upo.es\/diario\/wp-content\/uploads\/2020\/04\/IMG_20191121_132829-scaled.jpg 1920w\" sizes=\"auto, (max-width: 270px) 100vw, 270px\" \/><\/a><figcaption id=\"caption-attachment-30860592\" class=\"wp-caption-text\">El neurobi\u00f3logo de la UPO Carlos Andr\u00e9s S\u00e1nchez Le\u00f3n.<\/figcaption><\/figure>\n<p>El investigador del Laboratorio Translacional de Estimulaci\u00f3n Cerebral de la Universidad Pablo de Olavide, <strong>Carlos Andr\u00e9s S\u00e1nchez Le\u00f3n<\/strong>, participar\u00e1 el pr\u00f3ximo mes de mayo en el evento de divulgaci\u00f3n \u2018Somos Cient\u00edficos\u2019, una actividad en la que, de manera telem\u00e1tica, estudiantes de entre 10 y 18 a\u00f1os tienen la oportunidad de conocer a multitud de investigadores e investigadoras de distintas instituciones y universidades espa\u00f1olas.<\/p>\n<p>El objetivo de la actividad es que los estudiantes se interesen por la ciencia y la tecnolog\u00eda acerc\u00e1ndose al mundo de la investigaci\u00f3n desde el punto de vista de quienes se dedican a ello y comprobando c\u00f3mo lo que aprenden en clase se puede aplicar en la vida real.<\/p>\n<p>\u201cComo gran admirador de la labor social que cumple la divulgaci\u00f3n cient\u00edfica, considero que las actividades promovidas por la iniciativa \u2018Somos Cient\u00edficos\u2019 son el mecanismo m\u00e1s directo y eficaz de comunicar la vida real de los cient\u00edficos con los estudiantes, que ser\u00e1n a su vez los futuros cient\u00edficos\u201d, explica el neurobi\u00f3logo Carlos Andr\u00e9s S\u00e1nchez Le\u00f3n, quien a\u00f1ade que \u201ces una oportunidad \u00fanica para nosotros, como investigadores, ya que nos ofrece la posibilidad de divulgar nuestra labor de una manera totalmente compatible con las exigencias de nuestro trabajo\u201d.<\/p>\n<p>En esta edici\u00f3n, especialmente renovada para que tanto alumnado como cient\u00edficos se conecten desde sus casas, los estudiantes retan desde sus hogares a los investigadores en r\u00e1pidos chats de texto, donde har\u00e1n todo tipo de preguntas. Tras dos semanas de actividad, los j\u00f3venes votar\u00e1n para que su especialista favorito o favorita gane un premio a invertir en un proyecto de divulgaci\u00f3n propio.<\/p>\n<p>La actividad, que se celebra <u>del 4 al 15 de mayo de 2020<\/u>, est\u00e1 organizada por <a href=\"https:\/\/www.kialodivulga.es\/\">Kialo Comunicaci\u00f3n y Divulgaci\u00f3n Innovadora<\/a> y es posible gracias a la colaboraci\u00f3n de la <a href=\"https:\/\/www.fecyt.es\/\">Fundaci\u00f3n Espa\u00f1ola para la Ciencia y la Tecnolog\u00eda &#8211; Ministerio de Ciencia e Innovaci\u00f3n<\/a>, del <a href=\"http:\/\/www.csic.es\/\">Consejo Superior de Investigaciones Cient\u00edficas<\/a>, a trav\u00e9s del programa\u00a0<a href=\"http:\/\/www.ciudadciencia.es\/\">Ciudad Ciencia<\/a> y de <a href=\"https:\/\/www.msc.org\/es\/acerca-de-msc\/mares-para-siempre\">Marine Stewardship Council<\/a>.<\/p>\n<h3><strong>M\u00e1s informaci\u00f3n:<\/strong><strong>\u00a0<\/strong><\/h3>\n<p><a href=\"mailto:https:\/\/somoscientificos.es\/\">Somos Cient\u00edficos<\/a><\/p>\n","protected":false},"excerpt":{"rendered":"<p>El investigador del Laboratorio Translacional de Estimulaci\u00f3n Cerebral de la Universidad Pablo de Olavide, Carlos Andr\u00e9s S\u00e1nchez Le\u00f3n, participar\u00e1 el pr\u00f3ximo mes de mayo en el evento de divulgaci\u00f3n \u2018Somos Cient\u00edficos\u2019, una actividad en la que, de manera telem\u00e1tica, estudiantes de entre 10 y 18 a\u00f1os tienen la oportunidad de conocer a multitud de investigadores e investigadoras de distintas instituciones y universidades espa\u00f1olas.<\/p>\n","protected":false},"author":2,"featured_media":30860592,"comment_status":"closed","ping_status":"open","sticky":false,"template":"","format":"standard","meta":{"_monsterinsights_skip_tracking":false,"_monsterinsights_sitenote_active":false,"_monsterinsights_sitenote_note":"","_monsterinsights_sitenote_category":0,"footnotes":""},"categories":[5842],"tags":[2413,5833,2645,6705,21,2063,6704,6326,6706],"class_list":["post-30860591","post","type-post","status-publish","format-standard","has-post-thumbnail","hentry","category-comunidad","tag-cerebro","tag-ciencia","tag-divulgacion-cientifica","tag-estimulacion-cerebral","tag-estudiantes","tag-evento","tag-neurobiologia","tag-nino","tag-vocacion-cientifica"],"_links":{"self":[{"href":"https:\/\/www.upo.es\/diario\/wp-json\/wp\/v2\/posts\/30860591","targetHints":{"allow":["GET"]}}],"collection":[{"href":"https:\/\/www.upo.es\/diario\/wp-json\/wp\/v2\/posts"}],"about":[{"href":"https:\/\/www.upo.es\/diario\/wp-json\/wp\/v2\/types\/post"}],"author":[{"embeddable":true,"href":"https:\/\/www.upo.es\/diario\/wp-json\/wp\/v2\/users\/2"}],"replies":[{"embeddable":true,"href":"https:\/\/www.upo.es\/diario\/wp-json\/wp\/v2\/comments?post=30860591"}],"version-history":[{"count":1,"href":"https:\/\/www.upo.es\/diario\/wp-json\/wp\/v2\/posts\/30860591\/revisions"}],"predecessor-version":[{"id":30860593,"href":"https:\/\/www.upo.es\/diario\/wp-json\/wp\/v2\/posts\/30860591\/revisions\/30860593"}],"wp:featuredmedia":[{"embeddable":true,"href":"https:\/\/www.upo.es\/diario\/wp-json\/wp\/v2\/media\/30860592"}],"wp:attachment":[{"href":"https:\/\/www.upo.es\/diario\/wp-json\/wp\/v2\/media?parent=30860591"}],"wp:term":[{"taxonomy":"category","embeddable":true,"href":"https:\/\/www.upo.es\/diario\/wp-json\/wp\/v2\/categories?post=30860591"},{"taxonomy":"post_tag","embeddable":true,"href":"https:\/\/www.upo.es\/diario\/wp-json\/wp\/v2\/tags?post=30860591"}],"curies":[{"name":"wp","href":"https:\/\/api.w.org\/{rel}","templated":true}]}}