{"id":30860608,"date":"2020-04-28T18:44:36","date_gmt":"2020-04-28T16:44:36","guid":{"rendered":"https:\/\/www.upo.es\/diario\/?p=30860608"},"modified":"2020-04-30T12:32:39","modified_gmt":"2020-04-30T10:32:39","slug":"un-crespon-negro-en-el-campus-de-la-upo-como-homenaje-a-las-victimas-del-covid-19","status":"publish","type":"post","link":"https:\/\/www.upo.es\/diario\/institucional\/2020\/04\/un-crespon-negro-en-el-campus-de-la-upo-como-homenaje-a-las-victimas-del-covid-19\/","title":{"rendered":"Un cresp\u00f3n en el campus de la UPO como homenaje a las v\u00edctimas del Covid-19"},"content":{"rendered":"<figure id=\"attachment_30860611\" aria-describedby=\"caption-attachment-30860611\" style=\"width: 750px\" class=\"wp-caption aligncenter\"><a href=\"https:\/\/www.upo.es\/diario\/wp-content\/uploads\/2020\/04\/lazo-negro-Covid-19_1.jpg\"><img loading=\"lazy\" decoding=\"async\" class=\"wp-image-30860611 size-large\" src=\"https:\/\/www.upo.es\/diario\/wp-content\/uploads\/2020\/04\/lazo-negro-Covid-19_1-750x562.jpg\" alt=\"Cresp\u00f3n negro en el campus de la UPO por los fallecidos a causa del Covid-19\" width=\"750\" height=\"562\" srcset=\"https:\/\/www.upo.es\/diario\/wp-content\/uploads\/2020\/04\/lazo-negro-Covid-19_1-750x562.jpg 750w, https:\/\/www.upo.es\/diario\/wp-content\/uploads\/2020\/04\/lazo-negro-Covid-19_1-360x270.jpg 360w, https:\/\/www.upo.es\/diario\/wp-content\/uploads\/2020\/04\/lazo-negro-Covid-19_1-768x575.jpg 768w, https:\/\/www.upo.es\/diario\/wp-content\/uploads\/2020\/04\/lazo-negro-Covid-19_1-600x450.jpg 600w, https:\/\/www.upo.es\/diario\/wp-content\/uploads\/2020\/04\/lazo-negro-Covid-19_1.jpg 1200w\" sizes=\"auto, (max-width: 750px) 100vw, 750px\" \/><\/a><figcaption id=\"caption-attachment-30860611\" class=\"wp-caption-text\">Cresp\u00f3n en el campus de la UPO por los fallecidos a causa del Covid-19<\/figcaption><\/figure>\n<p>El campus de la Universidad Pablo de Olavide cuenta desde hoy martes en su entrada -junto a la parada de metro &#8216;Pablo de Olavide&#8217;, en la Avenida de Sevilla- con un <strong>cresp\u00f3n como homenaje a las personas fallecidas a causa de la expansi\u00f3n del Covid-19<\/strong>. La p\u00e1gina web de la UPO tambi\u00e9n luce desde hace dos semanas un cresp\u00f3n en se\u00f1al de respeto por las v\u00edctimas.<\/p>\n<p>A fecha de hoy, la cifra mundial de fallecidos por el coronavirus SARS-CoV-2 asciende a 211.517 personas. En el caso de Espa\u00f1a, el dato oficial es de 23.822 v\u00edctimas mortales.<\/p>\n","protected":false},"excerpt":{"rendered":"<p>La Universidad Pablo de Olavide ha colocado hoy martes\u00a0 en la rotonda de entrada al campus junto a la parada de metro &#8216;Pablo de Olavide&#8217; en la Avenida de Sevilla, un cresp\u00f3n como homenaje a las personas fallecidas a causa de la expansi\u00f3n del virus Covid-19.<\/p>\n","protected":false},"author":15,"featured_media":30860611,"comment_status":"closed","ping_status":"open","sticky":false,"template":"","format":"standard","meta":{"_monsterinsights_skip_tracking":false,"_monsterinsights_sitenote_active":false,"_monsterinsights_sitenote_note":"","_monsterinsights_sitenote_category":0,"footnotes":""},"categories":[6],"tags":[107,6601,6710,6711,308,3264],"class_list":["post-30860608","post","type-post","status-publish","format-standard","has-post-thumbnail","hentry","category-institucional","tag-campus","tag-covid-19","tag-crespon","tag-fallecidos","tag-homenaje","tag-victimas"],"_links":{"self":[{"href":"https:\/\/www.upo.es\/diario\/wp-json\/wp\/v2\/posts\/30860608","targetHints":{"allow":["GET"]}}],"collection":[{"href":"https:\/\/www.upo.es\/diario\/wp-json\/wp\/v2\/posts"}],"about":[{"href":"https:\/\/www.upo.es\/diario\/wp-json\/wp\/v2\/types\/post"}],"author":[{"embeddable":true,"href":"https:\/\/www.upo.es\/diario\/wp-json\/wp\/v2\/users\/15"}],"replies":[{"embeddable":true,"href":"https:\/\/www.upo.es\/diario\/wp-json\/wp\/v2\/comments?post=30860608"}],"version-history":[{"count":10,"href":"https:\/\/www.upo.es\/diario\/wp-json\/wp\/v2\/posts\/30860608\/revisions"}],"predecessor-version":[{"id":30860629,"href":"https:\/\/www.upo.es\/diario\/wp-json\/wp\/v2\/posts\/30860608\/revisions\/30860629"}],"wp:featuredmedia":[{"embeddable":true,"href":"https:\/\/www.upo.es\/diario\/wp-json\/wp\/v2\/media\/30860611"}],"wp:attachment":[{"href":"https:\/\/www.upo.es\/diario\/wp-json\/wp\/v2\/media?parent=30860608"}],"wp:term":[{"taxonomy":"category","embeddable":true,"href":"https:\/\/www.upo.es\/diario\/wp-json\/wp\/v2\/categories?post=30860608"},{"taxonomy":"post_tag","embeddable":true,"href":"https:\/\/www.upo.es\/diario\/wp-json\/wp\/v2\/tags?post=30860608"}],"curies":[{"name":"wp","href":"https:\/\/api.w.org\/{rel}","templated":true}]}}