{"id":30860617,"date":"2020-04-29T08:39:01","date_gmt":"2020-04-29T06:39:01","guid":{"rendered":"https:\/\/www.upo.es\/diario\/?p=30860617"},"modified":"2020-04-29T11:26:47","modified_gmt":"2020-04-29T09:26:47","slug":"no-importa-donde-no-importa-con-quien-no-importa-el-nivel-solo-importa-que-salga-desde-dentro","status":"publish","type":"post","link":"https:\/\/www.upo.es\/diario\/entrevista\/2020\/04\/no-importa-donde-no-importa-con-quien-no-importa-el-nivel-solo-importa-que-salga-desde-dentro\/","title":{"rendered":"\u00abNo importa d\u00f3nde, no importa con qui\u00e9n, no importa el nivel, solo importa que salga desde dentro\u00bb"},"content":{"rendered":"<figure id=\"attachment_13219674\" aria-describedby=\"caption-attachment-13219674\" style=\"width: 600px\" class=\"wp-caption aligncenter\"><a href=\"https:\/\/www.upo.es\/diario\/wp-content\/uploads\/2016\/05\/africa_calvo.jpg\"><img loading=\"lazy\" decoding=\"async\" class=\"size-large wp-image-13219674\" src=\"https:\/\/www.upo.es\/diario\/wp-content\/uploads\/2016\/05\/africa_calvo-600x400.jpg\" alt=\"\" width=\"600\" height=\"400\" srcset=\"https:\/\/www.upo.es\/diario\/wp-content\/uploads\/2016\/05\/africa_calvo-600x400.jpg 600w, https:\/\/www.upo.es\/diario\/wp-content\/uploads\/2016\/05\/africa_calvo-320x213.jpg 320w\" sizes=\"auto, (max-width: 600px) 100vw, 600px\" \/><\/a><figcaption id=\"caption-attachment-13219674\" class=\"wp-caption-text\">\u00c1frica Calvo Lluch, decana de la Facultad de Ciencias del Deporte de la UPO.<\/figcaption><\/figure>\n<p><strong>En estos momentos excepcionales que estamos viviendo y con el fin de compartir la libertad que otorga bailar, la profesora \u00c1frica Calvo nos acerca en esta entrevista al arte ancestral de la danza, cuyo D\u00eda Internacional celebramos hoy en un escenario que, m\u00e1s que nunca, necesita la conexi\u00f3n humana. Y es que, como expresa Gregory Vuyani Maqoma, emisor del mensaje de este a\u00f1o, \u201ca medida que bailamos con nuestros cuerpos cayendo en el espacio y enredando juntos, nos convertimos en una fuerza de movimiento tejiendo corazones, tocando almas y proporcionando curaci\u00f3n que es tan desesperadamente necesaria\u201d.<\/strong><\/p>\n<p><strong>\u00bfQu\u00e9 relaci\u00f3n tienes con la danza?<\/strong><\/p>\n<p>Cuando ten\u00eda 21 a\u00f1os me echaron de mi trabajo -por protestar- y de estar cuatro horas al d\u00eda trabajando, s\u00e1bados y domingos incluidos, pas\u00e9 a no tener actividad. Me enter\u00e9 de que en mi Facultad del Deporte de la Universidad Polit\u00e9cnica de Madrid hab\u00eda un grupo de danza jazz y me dije: \u201cpor probar\u2026\u201d. Y all\u00ed me plant\u00e9 una tarde. Al final de la clase la profesora se acerc\u00f3 a m\u00ed y me dijo: \u201csi te aprendes seis coreograf\u00edas en un mes te vienes con nosotros a Italia a bailar\u201d. No me lo pens\u00e9. Fui a Italia y bail\u00e9, y no he parado desde entonces. Fui profesional durante nueve a\u00f1os y me he subido m\u00e1s de 1 000 veces al escenario a bailar.<\/p>\n<p>Ahora imparto clase de danza en la asignatura de \u2018Expresi\u00f3n Corporal y Danza\u2019 en la Facultad de Ciencias del Deporte de la UPO. Y sigo tomando clase.<\/p>\n<p><strong>\u00bfQu\u00e9 nos aporta la danza?<\/strong><\/p>\n<p>Todo lo que quieras, libertad, sensibilidad, expresividad, honestidad, condici\u00f3n f\u00edsica. Los bailarines y las bailarinas son deportistas de rendimiento, sin duda. Actualmente me dedico a estudiar su condici\u00f3n f\u00edsica y c\u00f3mo mejorarla. He conseguido unir las dos facetas: danza y ciencias del deporte.<\/p>\n<p><strong>\u00bfTienes alg\u00fan bailar\u00edn o bailarina de referencia?<\/strong><\/p>\n<p>Tengo muchos, pero si tuviera que llenar una cajita escogiendo pondr\u00eda a Sylvie Guillen, Guillaume C\u00f4t\u00e9, Nacho Duato, Pina Bauch, Ruben Olmo, Israel Galv\u00e1n, Akram Khan, Tamara Rojo, Martha Graham, Polunin\u2026<\/p>\n<p>Me ha salido un caj\u00f3n inmenso, pero hay tantos que me motivan tanto\u2026 Podr\u00eda seguir cuatro folios m\u00e1s.<\/p>\n<p><strong>Hoy celebramos el D\u00eda Internacional de la Danza \u00bfQu\u00e9 destacar\u00edas del mensaje que le ha sido encargado este a\u00f1o a Gregory Vuyani Maqoma, bailar\u00edn, core\u00f3grafo, docente y actor sudafricano?<\/strong><\/p>\n<p>De Maqoma destacar\u00eda su honestidad y compromiso cuando baila o cuando coreograf\u00eda. Nacer bailar\u00edn en Sur\u00e1frica y hacer lo que \u00e9l hace no es f\u00e1cil. Su mayor m\u00e9rito es la constancia, sin desmerecer su originalidad en la fusi\u00f3n de la danza. Su referente es \u00c1frica, su idiosincrasia y su problem\u00e1tica, y lo refleja constantemente en sus creaciones. Un prodigio.<\/p>\n<p>La constancia en el trabajo es una de las mejores caracter\u00edsticas del bailar\u00edn.<\/p>\n<p>Su mensaje est\u00e1 referido al reto que significa la danza, que es extrapolable a todo en la vida y de la necesidad de bailar a pesar de todo y de todos. Nos habla de devolver a las personas su dignidad fuera de la pol\u00edtica y de los condicionamientos sociales. Desde la danza podemos estar unidos y hacernos m\u00e1s fuertes.<\/p>\n<p><strong>\u00bfPuedes hablarme del lema de este a\u00f1o, \u2018Juventud-Danza-V\u00eddeo\u2019?<\/strong><\/p>\n<p>Se refiere a que sin nueva generaci\u00f3n de bailarines no podemos progresar. Nuevas t\u00e9cnicas y estilos, nuevos movimientos, y tambi\u00e9n nuevos espectadores. Sin ellos la danza no tiene sentido, la cultura no tiene sentido sin los j\u00f3venes. Tenemos que atraparlos y convencerlos. La danza es una v\u00eda de escape.<\/p>\n<p><strong>En esta situaci\u00f3n excepcional que estamos viviendo \u00bfc\u00f3mo podemos celebrar este d\u00eda?<\/strong><\/p>\n<p>Como dice Lynda Barr \u201ccualquier tipo de baile es mejor que no bailar<em>\u201d. <\/em>Y estoy con ella. \u00a0#LaDANZAnoseconfina\u00a0 es un ejemplo de lo que digo. No importa d\u00f3nde, no importa con qui\u00e9n, no importa el nivel, solo importa que salga desde dentro, que podamos expresarlo con movimiento. Cuando bailas no mientes. \u00a1A bailar!! Y m\u00e1s hoy, que es el D\u00eda Internacional de la Danza.<\/p>\n","protected":false},"excerpt":{"rendered":"<p>En estos momentos excepcionales que estamos viviendo y con el fin de compartir la libertad que otorga bailar, la profesora \u00c1frica Calvo nos acerca en esta entrevista al arte ancestral de la danza, cuyo D\u00eda Internacional celebramos hoy en un escenario que, m\u00e1s que nunca, necesita la conexi\u00f3n humana. Y es que, como expresa Gregory Vuyani Maqoma, emisor del mensaje de este a\u00f1o, \u201ca medida que bailamos con nuestros cuerpos cayendo en el espacio y enredando juntos, nos convertimos en una fuerza de movimiento tejiendo corazones, tocando almas y proporcionando curaci\u00f3n que es tan desesperadamente necesaria\u201d.<\/p>\n","protected":false},"author":2,"featured_media":13219674,"comment_status":"closed","ping_status":"open","sticky":false,"template":"","format":"standard","meta":{"_monsterinsights_skip_tracking":false,"_monsterinsights_sitenote_active":false,"_monsterinsights_sitenote_note":"","_monsterinsights_sitenote_category":0,"footnotes":""},"categories":[24],"tags":[265,6716,2346,5722,3329,6601,6713,6714,6715,3342,5739],"class_list":["post-30860617","post","type-post","status-publish","format-standard","has-post-thumbnail","hentry","category-entrevista","tag-arte","tag-bailarina","tag-bailarines","tag-celebracion","tag-conmemoracion","tag-covid-19","tag-danda","tag-dia-internacional-de-la-danza","tag-expresion-corporal","tag-facultad-de-ciencias-del-deporte","tag-libertad"],"_links":{"self":[{"href":"https:\/\/www.upo.es\/diario\/wp-json\/wp\/v2\/posts\/30860617","targetHints":{"allow":["GET"]}}],"collection":[{"href":"https:\/\/www.upo.es\/diario\/wp-json\/wp\/v2\/posts"}],"about":[{"href":"https:\/\/www.upo.es\/diario\/wp-json\/wp\/v2\/types\/post"}],"author":[{"embeddable":true,"href":"https:\/\/www.upo.es\/diario\/wp-json\/wp\/v2\/users\/2"}],"replies":[{"embeddable":true,"href":"https:\/\/www.upo.es\/diario\/wp-json\/wp\/v2\/comments?post=30860617"}],"version-history":[{"count":2,"href":"https:\/\/www.upo.es\/diario\/wp-json\/wp\/v2\/posts\/30860617\/revisions"}],"predecessor-version":[{"id":30860630,"href":"https:\/\/www.upo.es\/diario\/wp-json\/wp\/v2\/posts\/30860617\/revisions\/30860630"}],"wp:featuredmedia":[{"embeddable":true,"href":"https:\/\/www.upo.es\/diario\/wp-json\/wp\/v2\/media\/13219674"}],"wp:attachment":[{"href":"https:\/\/www.upo.es\/diario\/wp-json\/wp\/v2\/media?parent=30860617"}],"wp:term":[{"taxonomy":"category","embeddable":true,"href":"https:\/\/www.upo.es\/diario\/wp-json\/wp\/v2\/categories?post=30860617"},{"taxonomy":"post_tag","embeddable":true,"href":"https:\/\/www.upo.es\/diario\/wp-json\/wp\/v2\/tags?post=30860617"}],"curies":[{"name":"wp","href":"https:\/\/api.w.org\/{rel}","templated":true}]}}