{"id":30860623,"date":"2020-04-28T12:12:43","date_gmt":"2020-04-28T10:12:43","guid":{"rendered":"https:\/\/www.upo.es\/diario\/?p=30860623"},"modified":"2020-04-28T20:18:34","modified_gmt":"2020-04-28T18:18:34","slug":"la-fundacion-descubre-logra-financiacion-europea-para-celebrar-en-andalucia-la-noche-europea-de-los-investigadores-en-2020","status":"publish","type":"post","link":"https:\/\/www.upo.es\/diario\/docencia-formacion\/2020\/04\/la-fundacion-descubre-logra-financiacion-europea-para-celebrar-en-andalucia-la-noche-europea-de-los-investigadores-en-2020\/","title":{"rendered":"La Fundaci\u00f3n Descubre logra financiaci\u00f3n europea para celebrar en Andaluc\u00eda La Noche Europea de los Investigadores en 2020"},"content":{"rendered":"<p><img loading=\"lazy\" decoding=\"async\" class=\"alignright size-medium wp-image-30857597\" src=\"https:\/\/www.upo.es\/diario\/wp-content\/uploads\/2019\/07\/lanocheinvest-caratula-360x194.png\" alt=\"La Noche Europea de l@s Investigador2s\" width=\"360\" height=\"194\" srcset=\"https:\/\/www.upo.es\/diario\/wp-content\/uploads\/2019\/07\/lanocheinvest-caratula-360x194.png 360w, https:\/\/www.upo.es\/diario\/wp-content\/uploads\/2019\/07\/lanocheinvest-caratula-768x413.png 768w, https:\/\/www.upo.es\/diario\/wp-content\/uploads\/2019\/07\/lanocheinvest-caratula-750x403.png 750w, https:\/\/www.upo.es\/diario\/wp-content\/uploads\/2019\/07\/lanocheinvest-caratula-600x323.png 600w, https:\/\/www.upo.es\/diario\/wp-content\/uploads\/2019\/07\/lanocheinvest-caratula.png 1266w\" sizes=\"auto, (max-width: 360px) 100vw, 360px\" \/>La propuesta de Andaluc\u00eda liderada por la Fundaci\u00f3n Descubre para celebrar La Noche de los Investigadores (European Researchers\u2019 Night) ha recibido la aprobaci\u00f3n por parte de la Comisi\u00f3n Europea (CE) para este a\u00f1o 2020. La actividad<strong> se celebrar\u00e1 en esta ocasi\u00f3n por indicaci\u00f3n de la CE el 27 de noviembre<\/strong>, en lugar de hacerlo el \u00faltimo viernes de septiembre como ha venido sucediendo en los \u00faltimos 15 a\u00f1os, a fin de conceder m\u00e1s tiempo para la recuperaci\u00f3n de los efectos causados por la COVID-19. En este sentido, las actividades organizadas para La Noche 2020 habr\u00e1n de tener en cuenta las indicaciones y medidas de seguridad fijadas en dicha fecha.<\/p>\n<blockquote><p>El proyecto re\u00fane las propuestas de trece instituciones cient\u00edficas andaluzas coordinadas por la Fundaci\u00f3n y recibe m\u00e1s de 136.000 euros para hacer divulgaci\u00f3n<\/p><\/blockquote>\n<p>El proyecto, que re\u00fane la participaci\u00f3n de trece instituciones cient\u00edficas andaluzas de las ocho provincias, h<strong>a obtenido el respaldo europeo con algo m\u00e1s de 136.000 euros para la divulgaci\u00f3n andaluza, adem\u00e1s de los recursos propios de las instituciones organizadoras y la financiaci\u00f3n de la Consejer\u00eda de Econom\u00eda, Conocimiento, Empresas y Universidad, lo que permitir\u00e1 que la Comunidad aut\u00f3noma celebre de nuevo <em>La Noche<\/em><\/strong>.<\/p>\n<p>La iniciativa, denominada \u2018Open Researchers 2020\u2019, ha obtenido su mejor puntuaci\u00f3n hist\u00f3rica por parte de la Comisi\u00f3n Europea, con 14.5 sobre 15 puntos posibles. La secretaria general de Universidades, Investigaci\u00f3n y Tecnolog\u00eda de la Consejer\u00eda de Econom\u00eda, Conocimiento, Empresas y Universidad, y presidenta de la Fundaci\u00f3n Descubre, Rosa Mar\u00eda R\u00edos S\u00e1nchez, ha mostrado su satisfacci\u00f3n por el resultado obtenido, ya que \u201csupone un respaldo a la divulgaci\u00f3n andaluza y la comunidad investigadora de la Comunidad aut\u00f3noma, en un momento clave como el que vivimos, cuando ha quedado claro que la investigaci\u00f3n y la innovaci\u00f3n resultan fundamentales para hacer frente a nuevos retos y desaf\u00edos\u201d.<\/p>\n<h3>Objetivos de Desarrollo Sostenible (ODS)<\/h3>\n<p>La Noche Europea de los Investigadores estar\u00e1 dedicada en Andaluc\u00eda este a\u00f1o a los <a href=\"http:\/\/www.un.org\/sustainabledevelopment\/es\/\">Objetivos de Desarrollo Sostenible (ODS)<\/a> que marca la ONU. Las actividades promovidas en las ocho provincias andaluzas tendr\u00e1n los ODS como hilo conductor, al tiempo que el proyecto andaluz volver\u00e1 a colaborar con Noches de Suecia, Malta, Reino Unido e Irlanda con actividades conjuntas centradas en los retos de la Agenda 2030, que se ubicar\u00e1n en el stand de la Fundaci\u00f3n Descubre.<\/p>\n<p>La actividad, cita divulgativa promovida por la Comisi\u00f3n Europea dentro de las acciones Marie Sk\u0142odowska-Curie del programa Horizonte 2020, se acercar\u00e1 a la ciudadan\u00eda como en ediciones anteriores y superar\u00e1 este a\u00f1o los 85.000 visitantes, consolid\u00e1ndose como la cita simult\u00e1nea m\u00e1s importante en el \u00e1mbito cient\u00edfico andaluz de los \u00faltimos a\u00f1os y una de las mayores de Espa\u00f1a.<\/p>\n<p>El Paseo del Sal\u00f3n de Granada, la Plaza Nueva de Sevilla, el Paseo del Parque en M\u00e1laga, los patios de C\u00f3rdoba, la plaza del Arenal en Jerez (C\u00e1diz), la explanada de El Corte Ingl\u00e9s en Ja\u00e9n, la Rambla de Almer\u00eda o la Avenida de Andaluc\u00eda de Huelva son algunos de los enclaves fijados inicialmente para La Noche Europea de los Investigadores, si bien las ubicaciones tendr\u00e1n que ser evaluadas teniendo en cuenta la COVID-19.<\/p>\n<p>La implicaci\u00f3n desde el inicio de los investigadores, los verdaderos protagonistas del proyecto, es clave para el \u00e9xito de la actividad, que registra cada a\u00f1o un creciente n\u00famero de cient\u00edficos que participan en el evento. En concreto, la actividad reunir\u00e1 a m\u00e1s de 2.600 investigadores para mostrar su trabajo al p\u00fablico, que podr\u00e1 conocer de cerca su labor diaria y su repercusi\u00f3n en el d\u00eda a d\u00eda de todos.<\/p>\n<p>La iniciativa busca hacer accesible y cercana la investigaci\u00f3n a trav\u00e9s de sus protagonistas en l\u00ednea con la Investigaci\u00f3n e innovaci\u00f3n responsables (RRI, seg\u00fan sus siglas en ingl\u00e9s). Asimismo, La Noche cuidar\u00e1 la participaci\u00f3n activa de investigadores beneficiarios de proyectos Marie Sk\u0142odowska-Curie, garantizar\u00e1 la igualdad de g\u00e9nero en la participaci\u00f3n de investigadores e investigadoras, al tiempo que incluir\u00e1 por primera vez un nuevo proyecto de ciencia ciudadana relacionado con el patrimonio cultural que se desarrollar\u00e1 en los pr\u00f3ximos dos a\u00f1os.<\/p>\n<p>Por noveno a\u00f1o consecutivo y al mismo tiempo que en otras 370 ciudades europeas, los investigadores de los centros participantes y colaboradores en la actividad acercar\u00e1n su trabajo y sus inquietudes a la ciudadan\u00eda de una forma diferente. Experimentos, talleres, demostraciones, experiencias, rutas, representaciones teatrales, mon\u00f3logos\u2026 Todos los medios son v\u00e1lidos para acercar a los investigadores a la ciudadan\u00eda de una forma rigurosa y siempre divertida, con el fin de que conozcan su trabajo, los beneficios que aportan a la sociedad y su repercusi\u00f3n en la vida cotidiana.<\/p>\n<p>Los asistentes a las actividades podr\u00e1n descubrir adem\u00e1s el lado m\u00e1s humano de la investigaci\u00f3n a trav\u00e9s de un contacto directo y de la conversaci\u00f3n con los propios expertos. Son los llamados \u2018microencuentros\u2019, en los que los participantes pueden plantear todas las dudas y preguntas acerca del proyecto de investigaci\u00f3n que han conocido.<\/p>\n<h3>Promotores de la actividad<\/h3>\n<p>La Noche Europea de los Investigadores es un proyecto de divulgaci\u00f3n cient\u00edfica promovido por la Comisi\u00f3n Europea dentro de las acciones Marie Sk\u0142odowska-Curie del programa Horizonte 2020, coordinado en Andaluc\u00eda por la Fundaci\u00f3n Descubre con financiaci\u00f3n de la Consejer\u00eda de Econom\u00eda, Conocimiento, Empresas y Universidad.<\/p>\n<p>Conforman el consorcio las Universidades de Almer\u00eda, C\u00e1diz, C\u00f3rdoba, Granada, Huelva, Ja\u00e9n, M\u00e1laga, Pablo de Olavide y Sevilla, ocho centros del CSIC (la Casa de la Ciencia, el Instituto de Astrof\u00edsica de Andaluc\u00eda, la Estaci\u00f3n Experimental del Zaid\u00edn, el Instituto de Estudios Sociales Avanzados, el Instituto de Parasitolog\u00eda y Biomedicina L\u00f3pez-Neyra, la Escuela de Estudios \u00c1rabes, el Instituto de Agricultura Sostenible y la Estaci\u00f3n Experimental de Zonas \u00c1ridas), el IMGEMA-Real Jard\u00edn Bot\u00e1nico de C\u00f3rdoba y la Fundaci\u00f3n P\u00fablica Progreso y Salud a trav\u00e9s de Genyo y el Biobanco del Sistema Sanitario.<\/p>\n<p>Paralelamente, Radio Televisi\u00f3n de Andaluc\u00eda y el Instituto Andaluz de Investigaci\u00f3n y Formaci\u00f3n Agraria, Pesquera, Alimentaria y de la Producci\u00f3n Ecol\u00f3gica (IFAPA) ser\u00e1n socios estrat\u00e9gicos del proyecto y colaborar\u00e1n estrechamente en su desarrollo.<\/p>\n<p><strong>Fuente:<\/strong> Fundaci\u00f3n Descubre<\/p>\n","protected":false},"excerpt":{"rendered":"<p>La propuesta de Andaluc\u00eda liderada por la Fundaci\u00f3n Descubre para celebrar La Noche de los Investigadores (European Researchers\u2019 Night) ha recibido la aprobaci\u00f3n por parte de la Comisi\u00f3n Europea (CE) para este a\u00f1o 2020. La actividad se celebrar\u00e1 en esta ocasi\u00f3n por indicaci\u00f3n de la CE el 27 de noviembre, en lugar de hacerlo el \u00faltimo viernes de septiembre como<a class=\"read-more\" href=\"https:\/\/www.upo.es\/diario\/docencia-formacion\/2020\/04\/la-fundacion-descubre-logra-financiacion-europea-para-celebrar-en-andalucia-la-noche-europea-de-los-investigadores-en-2020\/\">[Read More&#8230;]<\/a><\/p>\n","protected":false},"author":6,"featured_media":30857597,"comment_status":"closed","ping_status":"open","sticky":false,"template":"","format":"standard","meta":{"_monsterinsights_skip_tracking":false,"_monsterinsights_sitenote_active":false,"_monsterinsights_sitenote_note":"","_monsterinsights_sitenote_category":0,"footnotes":""},"categories":[2779],"tags":[190,2645,1411,5528,68],"class_list":["post-30860623","post","type-post","status-publish","format-standard","has-post-thumbnail","hentry","category-docencia-formacion","tag-andalucia","tag-divulgacion-cientifica","tag-fundacion-descubre","tag-la-noche-europea-de-ls-investigadors","tag-union-europea"],"_links":{"self":[{"href":"https:\/\/www.upo.es\/diario\/wp-json\/wp\/v2\/posts\/30860623","targetHints":{"allow":["GET"]}}],"collection":[{"href":"https:\/\/www.upo.es\/diario\/wp-json\/wp\/v2\/posts"}],"about":[{"href":"https:\/\/www.upo.es\/diario\/wp-json\/wp\/v2\/types\/post"}],"author":[{"embeddable":true,"href":"https:\/\/www.upo.es\/diario\/wp-json\/wp\/v2\/users\/6"}],"replies":[{"embeddable":true,"href":"https:\/\/www.upo.es\/diario\/wp-json\/wp\/v2\/comments?post=30860623"}],"version-history":[{"count":2,"href":"https:\/\/www.upo.es\/diario\/wp-json\/wp\/v2\/posts\/30860623\/revisions"}],"predecessor-version":[{"id":30860625,"href":"https:\/\/www.upo.es\/diario\/wp-json\/wp\/v2\/posts\/30860623\/revisions\/30860625"}],"wp:featuredmedia":[{"embeddable":true,"href":"https:\/\/www.upo.es\/diario\/wp-json\/wp\/v2\/media\/30857597"}],"wp:attachment":[{"href":"https:\/\/www.upo.es\/diario\/wp-json\/wp\/v2\/media?parent=30860623"}],"wp:term":[{"taxonomy":"category","embeddable":true,"href":"https:\/\/www.upo.es\/diario\/wp-json\/wp\/v2\/categories?post=30860623"},{"taxonomy":"post_tag","embeddable":true,"href":"https:\/\/www.upo.es\/diario\/wp-json\/wp\/v2\/tags?post=30860623"}],"curies":[{"name":"wp","href":"https:\/\/api.w.org\/{rel}","templated":true}]}}