{"id":30860637,"date":"2020-04-30T05:37:48","date_gmt":"2020-04-30T03:37:48","guid":{"rendered":"https:\/\/www.upo.es\/diario\/?p=30860637"},"modified":"2020-04-30T12:53:14","modified_gmt":"2020-04-30T10:53:14","slug":"el-laboratorio-de-ideas-y-practicas-politicas-de-la-upo-analiza-en-un-seminario-la-espana-post-covid-19","status":"publish","type":"post","link":"https:\/\/www.upo.es\/diario\/docencia-formacion\/2020\/04\/el-laboratorio-de-ideas-y-practicas-politicas-de-la-upo-analiza-en-un-seminario-la-espana-post-covid-19\/","title":{"rendered":"El Laboratorio de Ideas y Pr\u00e1cticas Pol\u00edticas de la UPO analiza en un seminario la Espa\u00f1a post Covid-19"},"content":{"rendered":"<p><strong><img loading=\"lazy\" decoding=\"async\" class=\"alignright size-medium wp-image-30860639\" src=\"https:\/\/www.upo.es\/diario\/wp-content\/uploads\/2020\/04\/coronavirus-statistics-on-screen-3970330-360x240.jpg\" alt=\"estad\u00edsticas de covid-19 en pantalla\" width=\"360\" height=\"240\" srcset=\"https:\/\/www.upo.es\/diario\/wp-content\/uploads\/2020\/04\/coronavirus-statistics-on-screen-3970330-360x240.jpg 360w, https:\/\/www.upo.es\/diario\/wp-content\/uploads\/2020\/04\/coronavirus-statistics-on-screen-3970330-750x500.jpg 750w, https:\/\/www.upo.es\/diario\/wp-content\/uploads\/2020\/04\/coronavirus-statistics-on-screen-3970330-768x512.jpg 768w, https:\/\/www.upo.es\/diario\/wp-content\/uploads\/2020\/04\/coronavirus-statistics-on-screen-3970330-600x400.jpg 600w, https:\/\/www.upo.es\/diario\/wp-content\/uploads\/2020\/04\/coronavirus-statistics-on-screen-3970330-1536x1024.jpg 1536w, https:\/\/www.upo.es\/diario\/wp-content\/uploads\/2020\/04\/coronavirus-statistics-on-screen-3970330-2048x1365.jpg 2048w, https:\/\/www.upo.es\/diario\/wp-content\/uploads\/2020\/04\/coronavirus-statistics-on-screen-3970330-165x109.jpg 165w, https:\/\/www.upo.es\/diario\/wp-content\/uploads\/2020\/04\/coronavirus-statistics-on-screen-3970330-1320x880.jpg 1320w\" sizes=\"auto, (max-width: 360px) 100vw, 360px\" \/>Rafael Rodr\u00edguez Prieto<\/strong>, profesor del \u00e1rea de Filosof\u00eda del Derecho y subdirector del Laboratorio de Ideas y Pr\u00e1cticas Pol\u00edticas (LIPPO) de la Universidad Pablo de Olavide ser\u00e1 el moderador del <strong>debate \u2018Gobierno: \u00bfSuspenso general? Un an\u00e1lisis de su gesti\u00f3n de la crisis\u2019 con el que dar\u00e1 comienzo hoy jueves 30 de abril a las 17.30 horas el seminario \u2018Pol\u00edtica y Derecho en Espa\u00f1a PostCovid19\u2019. <\/strong>La\u00a0 primera sesi\u00f3n se desarrollar\u00e1 <em>online<\/em> a trav\u00e9s del <a href=\"https:\/\/www.youtube.com\/channel\/UCnF5Thpj9jdn8ng6UTUugqQ\/\">canal YouTube del LIPPO<\/a> .<\/p>\n<p><strong>Guillermo de Valle<\/strong>, abogado; <strong>Eduardo Molina<\/strong>, investigador del LIPPO y exprofesor de la Universidad de Los Andes; y <strong>Pedro Insua<\/strong>, articulista y profesor de Filosof\u00eda intervendr\u00e1n para analizar la gesti\u00f3n que desde el inicio de la crisis sanitaria ha llevado a cabo el Gobierno as\u00ed como sus consecuencias en la pol\u00edtica actual en Espa\u00f1a.<\/p>\n<p>El <a href=\"https:\/\/lippoupo.org\/\">Laboratorio de Ideas y Pr\u00e1cticas Pol\u00edticas<\/a> es un centro propio de investigaci\u00f3n de la Universidad Pablo de Olavide creado con la idea de promover la libertad, la justicia social, la democracia y los Derechos Humanos. Entre sus l\u00edneas de investigaci\u00f3n destacan el estudio de la teor\u00eda pol\u00edtica estadounidense; la relaci\u00f3n entre revoluci\u00f3n digital y democracia; el interculturalismo; la calidad democr\u00e1tica y las instituciones pol\u00edticas; el pensamiento pol\u00edtico espa\u00f1ol; la econom\u00eda pol\u00edtica cr\u00edtica y las relaciones internacionales.<\/p>\n","protected":false},"excerpt":{"rendered":"<p>Rafael Rodr\u00edguez Prieto, profesor del \u00e1rea de Filosof\u00eda del Derecho y subdirector del Laboratorio de Ideas y Pr\u00e1cticas Pol\u00edticas (LIPPO) de la Universidad Pablo de Olavide ser\u00e1 el moderador del debate \u2018Gobierno: \u00bfSuspenso general? Un an\u00e1lisis de su gesti\u00f3n de la crisis\u2019 con el que dar\u00e1 comienzo hoy jueves 30 de abril a las 17.30 horas el seminario \u2018Pol\u00edtica y Derecho en Espa\u00f1a PostCovid19\u2019. La\u00a0 primera sesi\u00f3n se desarrollar\u00e1 online a trav\u00e9s del canal YouTube del LIPPO .<\/p>\n","protected":false},"author":6,"featured_media":30860639,"comment_status":"closed","ping_status":"open","sticky":false,"template":"","format":"standard","meta":{"_monsterinsights_skip_tracking":false,"_monsterinsights_sitenote_active":false,"_monsterinsights_sitenote_note":"","_monsterinsights_sitenote_category":0,"footnotes":""},"categories":[2779],"tags":[598,6618,662,285,2633,256,3455,78],"class_list":["post-30860637","post","type-post","status-publish","format-standard","has-post-thumbnail","hentry","category-docencia-formacion","tag-ciencias-politicas","tag-crisis-sanitaria","tag-debate","tag-espana","tag-gobierno","tag-lippo","tag-rafael-rodriguez-prieto","tag-seminario"],"_links":{"self":[{"href":"https:\/\/www.upo.es\/diario\/wp-json\/wp\/v2\/posts\/30860637","targetHints":{"allow":["GET"]}}],"collection":[{"href":"https:\/\/www.upo.es\/diario\/wp-json\/wp\/v2\/posts"}],"about":[{"href":"https:\/\/www.upo.es\/diario\/wp-json\/wp\/v2\/types\/post"}],"author":[{"embeddable":true,"href":"https:\/\/www.upo.es\/diario\/wp-json\/wp\/v2\/users\/6"}],"replies":[{"embeddable":true,"href":"https:\/\/www.upo.es\/diario\/wp-json\/wp\/v2\/comments?post=30860637"}],"version-history":[{"count":5,"href":"https:\/\/www.upo.es\/diario\/wp-json\/wp\/v2\/posts\/30860637\/revisions"}],"predecessor-version":[{"id":30860655,"href":"https:\/\/www.upo.es\/diario\/wp-json\/wp\/v2\/posts\/30860637\/revisions\/30860655"}],"wp:featuredmedia":[{"embeddable":true,"href":"https:\/\/www.upo.es\/diario\/wp-json\/wp\/v2\/media\/30860639"}],"wp:attachment":[{"href":"https:\/\/www.upo.es\/diario\/wp-json\/wp\/v2\/media?parent=30860637"}],"wp:term":[{"taxonomy":"category","embeddable":true,"href":"https:\/\/www.upo.es\/diario\/wp-json\/wp\/v2\/categories?post=30860637"},{"taxonomy":"post_tag","embeddable":true,"href":"https:\/\/www.upo.es\/diario\/wp-json\/wp\/v2\/tags?post=30860637"}],"curies":[{"name":"wp","href":"https:\/\/api.w.org\/{rel}","templated":true}]}}