{"id":30860811,"date":"2020-05-12T11:47:19","date_gmt":"2020-05-12T09:47:19","guid":{"rendered":"https:\/\/www.upo.es\/diario\/?p=30860811"},"modified":"2020-05-15T15:33:04","modified_gmt":"2020-05-15T13:33:04","slug":"el-programa-de-alojamiento-compartido-de-la-upo-ejemplo-de-convivencia-y-solidaridad","status":"publish","type":"post","link":"https:\/\/www.upo.es\/diario\/cultura-social\/2020\/05\/el-programa-de-alojamiento-compartido-de-la-upo-ejemplo-de-convivencia-y-solidaridad\/","title":{"rendered":"El programa de alojamiento compartido de la UPO, ejemplo de convivencia y solidaridad"},"content":{"rendered":"<figure id=\"attachment_30860824\" aria-describedby=\"caption-attachment-30860824\" style=\"width: 750px\" class=\"wp-caption aligncenter\"><a href=\"https:\/\/www.upo.es\/diario\/wp-content\/uploads\/2020\/05\/J-2.jpg\"><img loading=\"lazy\" decoding=\"async\" class=\"size-large wp-image-30860824\" src=\"https:\/\/www.upo.es\/diario\/wp-content\/uploads\/2020\/05\/J-2-750x422.jpg\" alt=\"\" width=\"750\" height=\"422\" srcset=\"https:\/\/www.upo.es\/diario\/wp-content\/uploads\/2020\/05\/J-2-750x422.jpg 750w, https:\/\/www.upo.es\/diario\/wp-content\/uploads\/2020\/05\/J-2-360x203.jpg 360w, https:\/\/www.upo.es\/diario\/wp-content\/uploads\/2020\/05\/J-2-768x432.jpg 768w, https:\/\/www.upo.es\/diario\/wp-content\/uploads\/2020\/05\/J-2-600x338.jpg 600w, https:\/\/www.upo.es\/diario\/wp-content\/uploads\/2020\/05\/J-2-1536x864.jpg 1536w, https:\/\/www.upo.es\/diario\/wp-content\/uploads\/2020\/05\/J-2-1320x743.jpg 1320w, https:\/\/www.upo.es\/diario\/wp-content\/uploads\/2020\/05\/J-2.jpg 1728w\" sizes=\"auto, (max-width: 750px) 100vw, 750px\" \/><\/a><figcaption id=\"caption-attachment-30860824\" class=\"wp-caption-text\">Jonny convive desde hace cinco a\u00f1os con Juan.<\/figcaption><\/figure>\n<p>Cursar estudios universitarios te brinda la oportunidad de adquirir conocimientos acad\u00e9micos pero tambi\u00e9n experiencias que pueden marcar tu vida. Y si decides formar parte de programas solidarios de voluntariado, esas vivencias se convierten en compa\u00f1eras para siempre, y m\u00e1s en estos momentos tan intensos y complicados que estamos viviendo.<\/p>\n<p>Las personas que forman parte del <strong>programa de alojamiento compartido de la Universidad Pablo de Olavide, \u2018Universitari@s Solidari@s\u2019<\/strong>, son un claro ejemplo de cooperaci\u00f3n y convivencia. Se trata de un servicio que ofrece a los estudiantes de la UPO alojamiento gratuito, a lo largo del curso acad\u00e9mico, en viviendas de personas con alg\u00fan tipo de necesidad, ya sean personas mayores, con discapacidad o familias monoparentales.<\/p>\n<blockquote><p>\u00abEn un momento de crisis y emergencia sanitaria es cuando se muestra la importancia de\u00a0 programas solidarios como \u00e9ste\u00bb<\/p><\/blockquote>\n<p>A pesar del confinamiento decretado por la COVID-19, este programa de la UPO sigue vigente aportando un valioso beneficio social tanto a estudiantes como a las familias de acogida. Este es el caso de Jonny, un estudiante que convive desde hace cinco a\u00f1os en Montequinto con Juan, una persona con movilidad reducida. \u201cEstamos pasando bastante bien esta situaci\u00f3n, jugamos al ajedrez, estudiamos juntos ingl\u00e9s y realizamos nuestras tareas particulares, pero sobre todo charlamos y re\u00edmos mucho, no nos da tiempo a aburrirnos\u201d, explica Jonny, estudiante del Grado en An\u00e1lisis Econ\u00f3mico. Juan, por su parte, considera que esta experiencia no es solo una convivencia, pues para \u00e9l este estudiante de la UPO ha entrado a formar parte de su familia. \u201cLa vida con Jonny es como la de cualquier familia de dos personas que se lleven bien.\u00a0 Unas veces es m\u00e1s tranquila y otras es m\u00e1s dif\u00edcil, pero siempre prevalece el cari\u00f1o que se ha ido creando entre nosotros. He tenido una enorme suerte\u201d, afirma.<\/p>\n<p>A trav\u00e9s de este programa, coordinado en la UPO por la <strong>Oficina de Voluntariado y Solidaridad del Vicerrectorado de Cultura y Compromiso Social<\/strong>, el estudiante tiene alojamiento gratuito a cambio de colaborar en peque\u00f1as tareas dom\u00e9sticas, y a la familia se le abona la cantidad de 80 euros mensuales por los gastos que pudieran derivarse de la convivencia (luz, agua, calefacci\u00f3n), gracias a la subvenci\u00f3n de la actual Consejer\u00eda de Igualdad, Pol\u00edticas Sociales y Conciliaci\u00f3n de la Junta de Andaluc\u00eda.<\/p>\n<figure id=\"attachment_30860813\" aria-describedby=\"caption-attachment-30860813\" style=\"width: 360px\" class=\"wp-caption alignleft\"><a href=\"https:\/\/www.upo.es\/diario\/wp-content\/uploads\/2020\/05\/IMG-20200423-WA0003.jpg\"><img loading=\"lazy\" decoding=\"async\" class=\"size-medium wp-image-30860813\" src=\"https:\/\/www.upo.es\/diario\/wp-content\/uploads\/2020\/05\/IMG-20200423-WA0003-360x270.jpg\" alt=\"\" width=\"360\" height=\"270\" srcset=\"https:\/\/www.upo.es\/diario\/wp-content\/uploads\/2020\/05\/IMG-20200423-WA0003-360x270.jpg 360w, https:\/\/www.upo.es\/diario\/wp-content\/uploads\/2020\/05\/IMG-20200423-WA0003-750x563.jpg 750w, https:\/\/www.upo.es\/diario\/wp-content\/uploads\/2020\/05\/IMG-20200423-WA0003-768x576.jpg 768w, https:\/\/www.upo.es\/diario\/wp-content\/uploads\/2020\/05\/IMG-20200423-WA0003-600x450.jpg 600w, https:\/\/www.upo.es\/diario\/wp-content\/uploads\/2020\/05\/IMG-20200423-WA0003.jpg 1024w\" sizes=\"auto, (max-width: 360px) 100vw, 360px\" \/><\/a><figcaption id=\"caption-attachment-30860813\" class=\"wp-caption-text\">La pareja que convive en Salteras ha dedicado parte de su tiempo a fabricar mascarillas.<\/figcaption><\/figure>\n<p>Sin embargo, la cuesti\u00f3n econ\u00f3mica no es la raz\u00f3n por la que ambas partes se deciden a formar parte del programa. Otra de las parejas que sigue conviviendo en la actualidad es la formada por una se\u00f1ora de m\u00e1s de 80 a\u00f1os, que reside en el municipio sevillano de Salteras, y una estudiante procedente de Ecuador, que, adem\u00e1s de realizar sus tareas universitarias, ayuda a su compa\u00f1era a fabricar mascarillas para familiares, amistades y vecindario. \u201cPara las dos, poder vivir esta situaci\u00f3n juntas hace que enfrentemos cada ma\u00f1ana con m\u00e1s alegr\u00eda e ilusi\u00f3n\u201d, afirman las dos mujeres.<\/p>\n<p>Otra pareja formada en este curso, pero que finaliz\u00f3 su convivencia d\u00edas antes de que se decretara el estado de alarma, es la compuesta por Bel\u00e9n, una se\u00f1ora de casi 90 a\u00f1os, y Roc\u00edo, una estudiante del Grado en Educaci\u00f3n Social que ha encontrado en su compa\u00f1era una \u201cabuela coraje\u201d. \u201cHe aprendido que la edad no tiene nada que ver con la vitalidad, me llevo much\u00edsimo cari\u00f1o, alegr\u00eda, esperanza, y sobre todo he empezado a valorar a\u00fan m\u00e1s las cosas que me rodean\u201d, asegura Roc\u00edo, quien afirma que este programa, m\u00e1s que un servicio o recurso es \u201cuna gran oportunidad que le ha brindado la vida\u201d.<\/p>\n<figure id=\"attachment_30860814\" aria-describedby=\"caption-attachment-30860814\" style=\"width: 360px\" class=\"wp-caption alignright\"><a href=\"https:\/\/www.upo.es\/diario\/wp-content\/uploads\/2020\/05\/IMG-20200423-WA0045.jpg\"><img loading=\"lazy\" decoding=\"async\" class=\"size-medium wp-image-30860814\" src=\"https:\/\/www.upo.es\/diario\/wp-content\/uploads\/2020\/05\/IMG-20200423-WA0045-360x268.jpg\" alt=\"\" width=\"360\" height=\"268\" srcset=\"https:\/\/www.upo.es\/diario\/wp-content\/uploads\/2020\/05\/IMG-20200423-WA0045-360x268.jpg 360w, https:\/\/www.upo.es\/diario\/wp-content\/uploads\/2020\/05\/IMG-20200423-WA0045-750x558.jpg 750w, https:\/\/www.upo.es\/diario\/wp-content\/uploads\/2020\/05\/IMG-20200423-WA0045-768x571.jpg 768w, https:\/\/www.upo.es\/diario\/wp-content\/uploads\/2020\/05\/IMG-20200423-WA0045-600x446.jpg 600w, https:\/\/www.upo.es\/diario\/wp-content\/uploads\/2020\/05\/IMG-20200423-WA0045.jpg 1080w\" sizes=\"auto, (max-width: 360px) 100vw, 360px\" \/><\/a><figcaption id=\"caption-attachment-30860814\" class=\"wp-caption-text\">Bel\u00e9n y Roc\u00edo siguen manteniendo contacto y el cari\u00f1o que se ha forjado durante la convivencia.<\/figcaption><\/figure>\n<p>La Universidad Pablo de Olavide apuesta por este programa desde el a\u00f1o 2005, y hasta la fecha han participado en \u00e9l m\u00e1s de 100 estudiantes. \u201cEl\u00a0 largo recorrido demuestra su gran valor. Es un programa artesanal desarrollado con mucho mimo por las t\u00e9cnicas de voluntariado de la UPO. Cada encuentro residencial se prepara y adecua a las personas implicadas de forma que la ayuda solidaria entre ellas logra experiencias y vivencias que les hacen crecer como personas, evitando el aislamiento y la soledad\u201d, afirma Elodia Hern\u00e1ndez Le\u00f3n, vicerrectora de Cultura y Compromiso Social, quien a\u00f1ade que \u201cen un momento de crisis y emergencia sanitaria, como el que estamos transitando, es cuando se muestra la importancia de\u00a0 programas solidarios como \u00e9ste que logran quebrar la vulnerabilidad en la que se encuentran algunas personas. Mi reconocimiento al equipo que desarrolla y mantiene estas estructuras solidarias haciendo muy real el compromiso social de nuestra universidad\u201d.<\/p>\n<p>&gt; <a href=\"https:\/\/www.upo.es\/diario\/english\/2020\/05\/the-upo-shared-accommodation-programme-an-example-of-coexistence-and-solidarity\/\">English Press Release<\/a><\/p>\n","protected":false},"excerpt":{"rendered":"<p>Cursar estudios universitarios te brinda la oportunidad de adquirir conocimientos acad\u00e9micos pero tambi\u00e9n experiencias que pueden marcar tu vida. Y si decides formar parte de programas solidarios de voluntariado, esas vivencias se convierten en compa\u00f1eras para siempre, y m\u00e1s en estos momentos tan intensos y complicados que estamos viviendo.<\/p>\n","protected":false},"author":2,"featured_media":30860824,"comment_status":"closed","ping_status":"open","sticky":false,"template":"","format":"standard","meta":{"_monsterinsights_skip_tracking":false,"_monsterinsights_sitenote_active":false,"_monsterinsights_sitenote_note":"","_monsterinsights_sitenote_category":0,"footnotes":""},"categories":[5843],"tags":[6709,3870,6632,6734,6601,21,1315,1024,86],"class_list":["post-30860811","post","type-post","status-publish","format-standard","has-post-thumbnail","hentry","category-cultura-social","tag-alerta-sanitaria","tag-alojamiento","tag-confinamiento","tag-coompromiso","tag-covid-19","tag-estudiantes","tag-oficina-de-voluntariado","tag-solidaridad","tag-voluntariado"],"_links":{"self":[{"href":"https:\/\/www.upo.es\/diario\/wp-json\/wp\/v2\/posts\/30860811","targetHints":{"allow":["GET"]}}],"collection":[{"href":"https:\/\/www.upo.es\/diario\/wp-json\/wp\/v2\/posts"}],"about":[{"href":"https:\/\/www.upo.es\/diario\/wp-json\/wp\/v2\/types\/post"}],"author":[{"embeddable":true,"href":"https:\/\/www.upo.es\/diario\/wp-json\/wp\/v2\/users\/2"}],"replies":[{"embeddable":true,"href":"https:\/\/www.upo.es\/diario\/wp-json\/wp\/v2\/comments?post=30860811"}],"version-history":[{"count":6,"href":"https:\/\/www.upo.es\/diario\/wp-json\/wp\/v2\/posts\/30860811\/revisions"}],"predecessor-version":[{"id":30860866,"href":"https:\/\/www.upo.es\/diario\/wp-json\/wp\/v2\/posts\/30860811\/revisions\/30860866"}],"wp:featuredmedia":[{"embeddable":true,"href":"https:\/\/www.upo.es\/diario\/wp-json\/wp\/v2\/media\/30860824"}],"wp:attachment":[{"href":"https:\/\/www.upo.es\/diario\/wp-json\/wp\/v2\/media?parent=30860811"}],"wp:term":[{"taxonomy":"category","embeddable":true,"href":"https:\/\/www.upo.es\/diario\/wp-json\/wp\/v2\/categories?post=30860811"},{"taxonomy":"post_tag","embeddable":true,"href":"https:\/\/www.upo.es\/diario\/wp-json\/wp\/v2\/tags?post=30860811"}],"curies":[{"name":"wp","href":"https:\/\/api.w.org\/{rel}","templated":true}]}}