{"id":30860830,"date":"2020-05-13T15:35:31","date_gmt":"2020-05-13T13:35:31","guid":{"rendered":"https:\/\/www.upo.es\/diario\/?p=30860830"},"modified":"2020-05-15T10:47:17","modified_gmt":"2020-05-15T08:47:17","slug":"la-upo-pone-sus-recursos-formativos-e-investigadores-al-servicio-de-la-salida-de-la-crisis-provocada-por-la-covid-19","status":"publish","type":"post","link":"https:\/\/www.upo.es\/diario\/institucional\/2020\/05\/la-upo-pone-sus-recursos-formativos-e-investigadores-al-servicio-de-la-salida-de-la-crisis-provocada-por-la-covid-19\/","title":{"rendered":"La UPO pone sus recursos formativos e investigadores al servicio de la salida de la crisis provocada por la COVID-19"},"content":{"rendered":"<figure id=\"attachment_30860832\" aria-describedby=\"caption-attachment-30860832\" style=\"width: 750px\" class=\"wp-caption aligncenter\"><a href=\"https:\/\/www.upo.es\/diario\/wp-content\/uploads\/2020\/05\/Vicente-Guzman-Fluja.jpg\"><img loading=\"lazy\" decoding=\"async\" class=\"size-large wp-image-30860832\" src=\"https:\/\/www.upo.es\/diario\/wp-content\/uploads\/2020\/05\/Vicente-Guzman-Fluja-750x469.jpg\" alt=\"Vicente Guzm\u00e1n Fluja, rector de la UPO\" width=\"750\" height=\"469\" srcset=\"https:\/\/www.upo.es\/diario\/wp-content\/uploads\/2020\/05\/Vicente-Guzman-Fluja-750x469.jpg 750w, https:\/\/www.upo.es\/diario\/wp-content\/uploads\/2020\/05\/Vicente-Guzman-Fluja-360x225.jpg 360w, https:\/\/www.upo.es\/diario\/wp-content\/uploads\/2020\/05\/Vicente-Guzman-Fluja-768x480.jpg 768w, https:\/\/www.upo.es\/diario\/wp-content\/uploads\/2020\/05\/Vicente-Guzman-Fluja-600x375.jpg 600w, https:\/\/www.upo.es\/diario\/wp-content\/uploads\/2020\/05\/Vicente-Guzman-Fluja-1536x960.jpg 1536w, https:\/\/www.upo.es\/diario\/wp-content\/uploads\/2020\/05\/Vicente-Guzman-Fluja-2048x1280.jpg 2048w, https:\/\/www.upo.es\/diario\/wp-content\/uploads\/2020\/05\/Vicente-Guzman-Fluja-1320x825.jpg 1320w\" sizes=\"auto, (max-width: 750px) 100vw, 750px\" \/><\/a><figcaption id=\"caption-attachment-30860832\" class=\"wp-caption-text\">Vicente Guzm\u00e1n<\/figcaption><\/figure>\n<p><strong>El rector de la Universidad Pablo de Olavide, Vicente Guzm\u00e1n Fluja, ha participado esta ma\u00f1ana en la reuni\u00f3n de la Comisi\u00f3n para la Reactivaci\u00f3n Social y Econ\u00f3mica y para el Impulso del Empleo de Sevilla, organizada por el Ayuntamiento de la capital hispalense<\/strong> junto a una quincena de organizaciones empresariales y sindicales y entidades sociales para abordar la situaci\u00f3n de la ciudad ante la pandemia provocada por la COVID-19. Durante su intervenci\u00f3n, por v\u00eda telem\u00e1tica, el rector de la UPO ha destacado que la Universidad pone sus recursos formativos e investigadores al servicio de la salida de esta crisis sanitaria, econ\u00f3mica, social, incluso emocional.<\/p>\n<p>Vicente Guzm\u00e1n ha subrayado que la salida de esta situaci\u00f3n pasa necesariamente por la elaboraci\u00f3n de planes conjuntos con administraciones (Ayuntamiento en este caso), sector empresarial, tercer sector y agentes sociales. \u201cSer\u00e1 clave, en caso de rebrote, evitar nuevos confinamientos\u201d ha subrayado, insistiendo en la necesidad de trabajar en esta l\u00ednea.<\/p>\n<p>Asimismo, Vicente Guzm\u00e1n considera esencial la innovaci\u00f3n y la tecnolog\u00eda para la recuperaci\u00f3n del sector empresarial y ha abordado la necesidad de estar preparados para posibles ajustes en las universidades, afrontados desde la perspectiva de que sean necesarios para ayudar a los que est\u00e1n sufriendo duramente la crisis social.<\/p>\n","protected":false},"excerpt":{"rendered":"<p>El rector de la Universidad Pablo de Olavide, Vicente Guzm\u00e1n Fluja, ha participado esta ma\u00f1ana en la reuni\u00f3n de la Comisi\u00f3n para la Reactivaci\u00f3n Social y Econ\u00f3mica y para el Impulso del Empleo de Sevilla, organizada por el Ayuntamiento de la capital hispalense junto a una quincena de organizaciones empresariales y sindicales y entidades sociales para abordar la situaci\u00f3n de la ciudad ante la pandemia provocada por la COVID-19. Durante su intervenci\u00f3n, por v\u00eda telem\u00e1tica, el rector de la UPO ha destacado que la Universidad pone sus recursos formativos e investigadores al servicio de la salida de esta crisis sanitaria, econ\u00f3mica, social, incluso emocional.<\/p>\n","protected":false},"author":15,"featured_media":30860832,"comment_status":"closed","ping_status":"open","sticky":false,"template":"","format":"standard","meta":{"_monsterinsights_skip_tracking":false,"_monsterinsights_sitenote_active":false,"_monsterinsights_sitenote_note":"","_monsterinsights_sitenote_category":0,"footnotes":""},"categories":[6],"tags":[621,6601,3514,734,38,6737,6738,6736,1915],"class_list":["post-30860830","post","type-post","status-publish","format-standard","has-post-thumbnail","hentry","category-institucional","tag-ayuntamiento-de-sevilla","tag-covid-19","tag-intervencion","tag-investigadores","tag-rector","tag-recuperacion","tag-recursos-formativos","tag-salida-crisis","tag-vicente-guzman-fluja"],"_links":{"self":[{"href":"https:\/\/www.upo.es\/diario\/wp-json\/wp\/v2\/posts\/30860830","targetHints":{"allow":["GET"]}}],"collection":[{"href":"https:\/\/www.upo.es\/diario\/wp-json\/wp\/v2\/posts"}],"about":[{"href":"https:\/\/www.upo.es\/diario\/wp-json\/wp\/v2\/types\/post"}],"author":[{"embeddable":true,"href":"https:\/\/www.upo.es\/diario\/wp-json\/wp\/v2\/users\/15"}],"replies":[{"embeddable":true,"href":"https:\/\/www.upo.es\/diario\/wp-json\/wp\/v2\/comments?post=30860830"}],"version-history":[{"count":3,"href":"https:\/\/www.upo.es\/diario\/wp-json\/wp\/v2\/posts\/30860830\/revisions"}],"predecessor-version":[{"id":30860834,"href":"https:\/\/www.upo.es\/diario\/wp-json\/wp\/v2\/posts\/30860830\/revisions\/30860834"}],"wp:featuredmedia":[{"embeddable":true,"href":"https:\/\/www.upo.es\/diario\/wp-json\/wp\/v2\/media\/30860832"}],"wp:attachment":[{"href":"https:\/\/www.upo.es\/diario\/wp-json\/wp\/v2\/media?parent=30860830"}],"wp:term":[{"taxonomy":"category","embeddable":true,"href":"https:\/\/www.upo.es\/diario\/wp-json\/wp\/v2\/categories?post=30860830"},{"taxonomy":"post_tag","embeddable":true,"href":"https:\/\/www.upo.es\/diario\/wp-json\/wp\/v2\/tags?post=30860830"}],"curies":[{"name":"wp","href":"https:\/\/api.w.org\/{rel}","templated":true}]}}