{"id":30860877,"date":"2020-05-19T07:38:33","date_gmt":"2020-05-19T05:38:33","guid":{"rendered":"https:\/\/www.upo.es\/diario\/?p=30860877"},"modified":"2020-05-19T08:50:10","modified_gmt":"2020-05-19T06:50:10","slug":"la-renta-basica-tema-de-analisis-en-el-seminario-organizado-por-el-lippo-espana-postcovid-19","status":"publish","type":"post","link":"https:\/\/www.upo.es\/diario\/docencia-formacion\/2020\/05\/la-renta-basica-tema-de-analisis-en-el-seminario-organizado-por-el-lippo-espana-postcovid-19\/","title":{"rendered":"La renta b\u00e1sica, tema de an\u00e1lisis en el seminario organizado por el LIPPO \u2018Espa\u00f1a PostCovid-19\u2019"},"content":{"rendered":"<p><img loading=\"lazy\" decoding=\"async\" class=\"aligncenter size-large wp-image-30860879\" src=\"https:\/\/www.upo.es\/diario\/wp-content\/uploads\/2020\/05\/banner-1158374_1280-750x249.jpg\" alt=\"ilustraci\u00f3n sobre la Renta B\u00e1sica (siluetas sobre fondo de billetes)\" width=\"750\" height=\"249\" srcset=\"https:\/\/www.upo.es\/diario\/wp-content\/uploads\/2020\/05\/banner-1158374_1280-750x249.jpg 750w, https:\/\/www.upo.es\/diario\/wp-content\/uploads\/2020\/05\/banner-1158374_1280-360x120.jpg 360w, https:\/\/www.upo.es\/diario\/wp-content\/uploads\/2020\/05\/banner-1158374_1280-768x255.jpg 768w, https:\/\/www.upo.es\/diario\/wp-content\/uploads\/2020\/05\/banner-1158374_1280-600x199.jpg 600w, https:\/\/www.upo.es\/diario\/wp-content\/uploads\/2020\/05\/banner-1158374_1280.jpg 1280w\" sizes=\"auto, (max-width: 750px) 100vw, 750px\" \/>Cuando quedan pocos d\u00edas \u2013Jos\u00e9 Luis Escriv\u00e1, ministro de Seguridad Social, ha anunciado su aprobaci\u00f3n en el \u00faltimo Consejo de Ministros de mayo\u2013 <strong>el Laboratorio de Ideas y Pr\u00e1cticas Pol\u00edticas de la Universidad Pablo de Olavide analizar\u00e1 hoy martes d\u00eda 19, a las 17:30 horas a trav\u00e9s de su canal de YouTube, la conveniencia de la renta b\u00e1sica o ingreso m\u00ednimo vital<\/strong>.<\/p>\n<p>Para ello ha invitado, en la que ser\u00e1 la cuarta sesi\u00f3n del seminario de reflexi\u00f3n \u2018Pol\u00edtica y Derecho en Espa\u00f1a PostCovid-19\u2019, a economistas y especialistas acad\u00e9micos que han estudiado pros y contras de esta medida. Para analizar su definici\u00f3n y aplicaci\u00f3n, as\u00ed como su pertinencia, intervendr\u00e1n <strong>Ram\u00f3n L. Soriano<\/strong>, director del LIPPO y autor de <em>Por una renta b\u00e1sica universal<\/em> (Almuzara, 2012); <strong>Carmen Garc\u00eda<\/strong>, abogada y autora de <em>Conveniencia social y viabilidad econ\u00f3mica de la renta b\u00e1sica<\/em> (Diego Mar\u00edn Librero, 2017); <strong>Daniel Ravent\u00f3s<\/strong>, profesor de Econom\u00eda de la Universidad de Barcelona y autor de <em>Renta b\u00e1sica contra la incertidumbre<\/em> (RBA, 2017); <strong>Eduardo Garz\u00f3n<\/strong>, economista, profesor de Econom\u00eda en la Universidad Aut\u00f3noma de Madrid y miembro de la red MMT Espa\u00f1a; y <strong>Jes\u00fas Rodr\u00edguez<\/strong>, investigador del LIPPO y director del seminario \u2018Marx y El Capital en el Mundo Contempor\u00e1neo\u2019.<\/p>\n<p><strong>Rafael Rodr\u00edguez Prieto<\/strong>, subdirector del LIPPO, presentar\u00e1 a los ponentes de esta cuarta sesi\u00f3n del seminario \u2018Pol\u00edtica y Derecho en Espa\u00f1a PostCovid-19\u2019, organizado con el fin de analizar con esp\u00edritu cr\u00edtico e imparcialidad partidista el desaf\u00edo que la sociedad espa\u00f1ola debe afrontar como consecuencia de la crisis sanitaria, econ\u00f3mica y social causada por la pandemia.<\/p>\n<p>El <a href=\"https:\/\/lippoupo.org\/\">Laboratorio de Ideas y Pr\u00e1cticas Pol\u00edticas<\/a> es un centro propio de investigaci\u00f3n de la Universidad Pablo de Olavide creado con la idea de promover la libertad, la justicia social, la democracia y los Derechos Humanos. Entre sus l\u00edneas de investigaci\u00f3n destacan el estudio de la teor\u00eda pol\u00edtica estadounidense; la relaci\u00f3n entre revoluci\u00f3n digital y democracia; el interculturalismo; la calidad democr\u00e1tica y las instituciones pol\u00edticas; el pensamiento pol\u00edtico espa\u00f1ol; la econom\u00eda pol\u00edtica cr\u00edtica y las relaciones internacionales.<\/p>\n","protected":false},"excerpt":{"rendered":"<p>Cuando quedan pocos d\u00edas \u2013Jos\u00e9 Luis Escriv\u00e1, ministro de Seguridad Social, ha anunciado su aprobaci\u00f3n en el \u00faltimo Consejo de Ministros de mayo\u2013 el Laboratorio de Ideas y Pr\u00e1cticas Pol\u00edticas de la Universidad Pablo de Olavide analizar\u00e1 ma\u00f1ana martes d\u00eda 19, a las 17:30 horas a trav\u00e9s de su canal de YouTube, la conveniencia de la renta b\u00e1sica o ingreso m\u00ednimo vital.<\/p>\n","protected":false},"author":6,"featured_media":30860879,"comment_status":"closed","ping_status":"open","sticky":false,"template":"","format":"standard","meta":{"_monsterinsights_skip_tracking":false,"_monsterinsights_sitenote_active":false,"_monsterinsights_sitenote_note":"","_monsterinsights_sitenote_category":0,"footnotes":""},"categories":[2779],"tags":[598,6601,2519,662,63,256,78],"class_list":["post-30860877","post","type-post","status-publish","format-standard","has-post-thumbnail","hentry","category-docencia-formacion","tag-ciencias-politicas","tag-covid-19","tag-crisis-economica","tag-debate","tag-economia","tag-lippo","tag-seminario"],"_links":{"self":[{"href":"https:\/\/www.upo.es\/diario\/wp-json\/wp\/v2\/posts\/30860877","targetHints":{"allow":["GET"]}}],"collection":[{"href":"https:\/\/www.upo.es\/diario\/wp-json\/wp\/v2\/posts"}],"about":[{"href":"https:\/\/www.upo.es\/diario\/wp-json\/wp\/v2\/types\/post"}],"author":[{"embeddable":true,"href":"https:\/\/www.upo.es\/diario\/wp-json\/wp\/v2\/users\/6"}],"replies":[{"embeddable":true,"href":"https:\/\/www.upo.es\/diario\/wp-json\/wp\/v2\/comments?post=30860877"}],"version-history":[{"count":3,"href":"https:\/\/www.upo.es\/diario\/wp-json\/wp\/v2\/posts\/30860877\/revisions"}],"predecessor-version":[{"id":30860892,"href":"https:\/\/www.upo.es\/diario\/wp-json\/wp\/v2\/posts\/30860877\/revisions\/30860892"}],"wp:featuredmedia":[{"embeddable":true,"href":"https:\/\/www.upo.es\/diario\/wp-json\/wp\/v2\/media\/30860879"}],"wp:attachment":[{"href":"https:\/\/www.upo.es\/diario\/wp-json\/wp\/v2\/media?parent=30860877"}],"wp:term":[{"taxonomy":"category","embeddable":true,"href":"https:\/\/www.upo.es\/diario\/wp-json\/wp\/v2\/categories?post=30860877"},{"taxonomy":"post_tag","embeddable":true,"href":"https:\/\/www.upo.es\/diario\/wp-json\/wp\/v2\/tags?post=30860877"}],"curies":[{"name":"wp","href":"https:\/\/api.w.org\/{rel}","templated":true}]}}